{"id":45008,"date":"2014-09-19T11:58:35","date_gmt":"2014-09-19T09:58:35","guid":{"rendered":"http:\/\/stockportal.hu\/?p=45008"},"modified":"2014-09-19T11:29:25","modified_gmt":"2014-09-19T09:29:25","slug":"ukran-valsag-visszavertek-az-ukran-katonak-a-szeparatistak-rohamat-a-donyecki-repuloternel","status":"publish","type":"post","link":"https:\/\/gazdasagportal.hu\/index.php\/ukran-valsag-visszavertek-az-ukran-katonak-a-szeparatistak-rohamat-a-donyecki-repuloternel\/","title":{"rendered":"Ukr\u00e1n v\u00e1ls\u00e1g &#8211; Visszavert\u00e9k az ukr\u00e1n katon\u00e1k a szeparatist\u00e1k roham\u00e1t a donyecki rep\u00fcl\u0151t\u00e9rn\u00e9l"},"content":{"rendered":"<p><strong>\u00dajabb t\u00e1mad\u00e1st ind\u00edtottak a kelet-ukrajnai oroszbar\u00e1t szakad\u00e1rok p\u00e9ntekre virrad\u00f3ra az ukr\u00e1n fegyveres er\u0151k \u00e1ll\u00e1sai ellen a donyecki rep\u00fcl\u0151t\u00e9ren \u00e9s k\u00f6rny\u00e9k\u00e9n, de ut\u00f3bbiak sikeresen visszavert\u00e9k azt &#8211; sz\u00e1molt be r\u00f3la k\u00f6zlem\u00e9ny\u00e9ben a &#8222;terrorellenes&#8221; hadm\u0171velet (ATO) parancsnoks\u00e1g\u00e1nak sajt\u00f3szolg\u00e1lata.<\/strong><!--more--><br \/>\n<div class=\"ads-in-post1\"><div id=\"gazdasagportal.hu_fullbanner_wideboard\"><\/div>\r\n<\/div>\n<p>    A Kelet-Ukrajn\u00e1ban foly\u00f3 harcokat figyelemmel k\u00eds\u00e9r\u0151 katonai szak\u00e9rt\u0151, Dmitro Timcsuk, a kijevi katonapolitikai kutat\u00f3int\u00e9zet vezet\u0151je ek\u00f6zben arr\u00f3l adott h\u00edrt, hogy \u00e9rtes\u00fcl\u00e9sei szerint az elm\u00falt k\u00e9t napban Oroszorsz\u00e1g egy k\u00fcl\u00f6nleges alakulatot \u00e9s egy 2SZ4 Tyulpan (Tulip\u00e1n) t\u00edpus\u00fa 240 mm-es \u00f6nj\u00e1r\u00f3 aknavet\u0151t juttatott a kelet-ukrajnai Donyec-medenc\u00e9be.<br \/>\n    A &#8222;terrorellenes&#8221; hadm\u0171velet el\u0151z\u0151 nap k\u00f6z\u00f6lte, hogy a szakad\u00e1rok a donyecki rep\u00fcl\u0151teret v\u00e9d\u0151 ukr\u00e1n katon\u00e1k ellen vegyi fegyvert k\u00e9sz\u00fclnek bevetni, amire a Tyulpan aknavet\u0151 alkalmas.<br \/>\n    Timcsuk szerint jelenleg igen fesz\u00fclt a helyzet Horlivka \u00e9s Debalceve telep\u00fcl\u00e9sekn\u00e9l is, ahol a szakad\u00e1rok orosz katonai seg\u00edts\u00e9ggel folyamatosan szor\u00edtj\u00e1k vissza az ukr\u00e1n egys\u00e9geket. A Donyeck megyei Sznyizsn\u00e9ben a szakad\u00e1rok \u00e9s az orosz er\u0151k haditechnikai eszk\u00f6z\u00f6k jav\u00edt\u00e1s\u00e1ra alak\u00edtottak ki szerel\u0151b\u00e1zist. Ez a szak\u00e9rt\u0151 szerint azt jelentheti, hogy az orosz csapatok hosszabb t\u00e1vra rendezkednek be Kelet-Ukrajn\u00e1ban.<br \/>\n    Timcsuk arr\u00f3l is besz\u00e1molt, hogy a Luhanszk megyei Antracit \u00e9s Sztahanov v\u00e1rosokban a szakad\u00e1rok l\u00e1zadoznak &#8222;orosz vezet\u0151ik&#8221; ellen, \u00e9s saj\u00e1t &#8222;n\u00e9pk\u00f6zt\u00e1rsas\u00e1got&#8221; akarnak l\u00e9trehozni. Szavai szerint az \u00f6nhatalm\u00falag kiki\u00e1ltott luhanszki \u00e9s a donyecki &#8222;n\u00e9pk\u00f6zt\u00e1rsas\u00e1gokban&#8221; vezet\u0151v\u00e1lt\u00e1sok t\u00f6rt\u00e9ntek a k\u00f6zelm\u00faltban, az orosz biztons\u00e1gi szolg\u00e1lat (FSZB) \u00fcgyn\u00f6keit az orosz hadsereg felder\u00edt\u0151i v\u00e1ltott\u00e1k fel a szakad\u00e1r entit\u00e1sok \u00e9l\u00e9n. Timcsuk hozz\u00e1tette, hogy a k\u00fcl\u00f6nb\u00f6z\u0151 helyi szeparatista csoportok t\u00f6bbsz\u00f6r keveredtek egym\u00e1ssal t\u0171zharcba az elm\u00falt napokban.(MTI)<\/p>\n","protected":false},"excerpt":{"rendered":"<p>\u00dajabb t\u00e1mad\u00e1st ind\u00edtottak a kelet-ukrajnai oroszbar\u00e1t szakad\u00e1rok p\u00e9ntekre virrad\u00f3ra az ukr\u00e1n fegyveres er\u0151k \u00e1ll\u00e1sai ellen a donyecki rep\u00fcl\u0151t\u00e9ren \u00e9s k\u00f6rny\u00e9k\u00e9n, de ut\u00f3bbiak sikeresen visszavert\u00e9k azt &#8211; sz\u00e1molt be r\u00f3la k\u00f6zlem\u00e9ny\u00e9ben a &#8222;terrorellenes&#8221; hadm\u0171velet (ATO) parancsnoks\u00e1g\u00e1nak sajt\u00f3szolg\u00e1lata.<\/p>\n","protected":false},"author":1,"featured_media":32701,"comment_status":"open","ping_status":"closed","sticky":false,"template":"","format":"standard","meta":[],"categories":[139],"tags":[],"_links":{"self":[{"href":"https:\/\/gazdasagportal.hu\/index.php\/wp-json\/wp\/v2\/posts\/45008"}],"collection":[{"href":"https:\/\/gazdasagportal.hu\/index.php\/wp-json\/wp\/v2\/posts"}],"about":[{"href":"https:\/\/gazdasagportal.hu\/index.php\/wp-json\/wp\/v2\/types\/post"}],"author":[{"embeddable":true,"href":"https:\/\/gazdasagportal.hu\/index.php\/wp-json\/wp\/v2\/users\/1"}],"replies":[{"embeddable":true,"href":"https:\/\/gazdasagportal.hu\/index.php\/wp-json\/wp\/v2\/comments?post=45008"}],"version-history":[{"count":1,"href":"https:\/\/gazdasagportal.hu\/index.php\/wp-json\/wp\/v2\/posts\/45008\/revisions"}],"predecessor-version":[{"id":45009,"href":"https:\/\/gazdasagportal.hu\/index.php\/wp-json\/wp\/v2\/posts\/45008\/revisions\/45009"}],"wp:featuredmedia":[{"embeddable":true,"href":"https:\/\/gazdasagportal.hu\/index.php\/wp-json\/wp\/v2\/media\/32701"}],"wp:attachment":[{"href":"https:\/\/gazdasagportal.hu\/index.php\/wp-json\/wp\/v2\/media?parent=45008"}],"wp:term":[{"taxonomy":"category","embeddable":true,"href":"https:\/\/gazdasagportal.hu\/index.php\/wp-json\/wp\/v2\/categories?post=45008"},{"taxonomy":"post_tag","embeddable":true,"href":"https:\/\/gazdasagportal.hu\/index.php\/wp-json\/wp\/v2\/tags?post=45008"}],"curies":[{"name":"wp","href":"https:\/\/api.w.org\/{rel}","templated":true}]}}