{"id":44685,"date":"2014-09-16T18:54:59","date_gmt":"2014-09-16T16:54:59","guid":{"rendered":"http:\/\/stockportal.hu\/?p=44685"},"modified":"2014-09-16T17:15:41","modified_gmt":"2014-09-16T15:15:41","slug":"skot-nepszavazas-londoni-strategiai-forgatokonyvek","status":"publish","type":"post","link":"https:\/\/gazdasagportal.hu\/index.php\/skot-nepszavazas-londoni-strategiai-forgatokonyvek\/","title":{"rendered":"Sk\u00f3t n\u00e9pszavaz\u00e1s &#8211; Londoni strat\u00e9giai forgat\u00f3k\u00f6nyvek"},"content":{"rendered":"<p><strong>Sk\u00f3cia f\u00fcggetlenn\u00e9 v\u00e1l\u00e1s\u00e1nak val\u00f3sz\u00edn\u0171s\u00edthet\u0151 sarkalatos jelent\u0151s\u00e9g\u0171 bel- \u00e9s k\u00fclpolitikai k\u00f6vetkezm\u00e9nyeire h\u00edvt\u00e1k fel a figyelmet keddi helyzet\u00e9rt\u00e9kel\u00e9seikben londoni strat\u00e9giai elemz\u0151k.<\/strong><!--more--><br \/>\n<div class=\"ads-in-post1\"><div id=\"gazdasagportal.hu_fullbanner_wideboard\"><\/div>\r\n<\/div>\n<p>    Az egyik legtekint\u00e9lyesebb londoni politikai elemz\u0151m\u0171hely, a Kir\u00e1lyi K\u00fcl\u00fcgyi Int\u00e9zet &#8211; sz\u00e9kh\u00e1za ut\u00e1n k\u00f6zkelet\u0171 nev\u00e9n a Chatham House &#8211; szak\u00e9rt\u0151i keddi forgat\u00f3k\u00f6nyvcsokrukban kiemelt\u00e9k azt a v\u00e9lem\u00e9ny\u00fcket, hogy Sk\u00f3cia elszakad\u00e1sa eset\u00e9n csorbulna Nagy-Britannia nemzetk\u00f6zi meg\u00edt\u00e9l\u00e9se, amelyet jelent\u0151s r\u00e9szben \u00e9ppen az orsz\u00e1g stabilit\u00e1sa \u00e9s egys\u00e9ges jellege t\u00e1maszt al\u00e1.<br \/>\n    A sk\u00f3t f\u00fcggetlens\u00e9gp\u00e1rti er\u0151k gy\u0151zelm\u00e9t m\u00e1sf\u00e9l \u00e9vi bonyolult sz\u00e9tv\u00e1l\u00e1si t\u00e1rgyal\u00e1ssorozat, majd pedig a brit EU-tags\u00e1g sors\u00e1r\u00f3l 2017-re kil\u00e1t\u00e1sba helyezett n\u00e9pszavaz\u00e1s k\u00f6vetn\u00e9, vagyis Nagy-Britannia legal\u00e1bb k\u00e9t \u00e9vre befel\u00e9 fordulna, \u00e9s ez korl\u00e1tozn\u00e1 kapacit\u00e1s\u00e1t arra, hogy konstrukt\u00edv szerepet t\u00f6lts\u00f6n be a vil\u00e1gpolitik\u00e1ban &#8211; v\u00e9lekedtek a Chatham House elemz\u0151i.<br \/>\n    A h\u00e1z szak\u00e9rt\u0151i val\u00f3sz\u00edn\u0171s\u00edtett\u00e9k ugyanakkor azt is, hogy sz\u00e1mos k\u00fclf\u00f6ldi korm\u00e1ny j\u00f3val agg\u00e1lyosabbnak tartja Nagy-Britannia esetleges t\u00e1voz\u00e1s\u00e1t az Eur\u00f3pai Uni\u00f3b\u00f3l, mint Sk\u00f3cia kil\u00e9p\u00e9s\u00e9t az Egyes\u00fclt Kir\u00e1lys\u00e1gb\u00f3l.<br \/>\n    Nagy-Britannia elveszt\u00e9se az EU-t nagyobb m\u00e9rt\u00e9kben gyeng\u00edten\u00e9, mint Sk\u00f3cia elveszt\u00e9se az Egyes\u00fclt Kir\u00e1lys\u00e1got &#8211; \u00e1llap\u00edtott\u00e1k meg a Chatham House tanulm\u00e1ny\u00e1t \u00f6ssze\u00e1ll\u00edt\u00f3 elemz\u0151k.<br \/>\n    Az int\u00e9zet szerint a brit-sk\u00f3t sz\u00e9tv\u00e1l\u00e1s s\u00falyos k\u00e9rd\u00e9seket vetne fel Nagy-Britanni\u00e1ban \u00e9s a sz\u00f6vets\u00e9gesek k\u00f6r\u00e9ben is az Egyes\u00fclt Kir\u00e1lys\u00e1g v\u00e9delmi kapacit\u00e1saival kapcsolatban.<br \/>\n    Mivel az Egyes\u00fclt Kir\u00e1lys\u00e1g fennmarad\u00f3 r\u00e9sz\u00e9nek nomin\u00e1lis hazai \u00f6sszterm\u00e9ke (GDP) hozz\u00e1vet\u0151leg egytizenketted\u00e9vel cs\u00f6kkenne Sk\u00f3cia kiv\u00e1l\u00e1sa eset\u00e9n, val\u00f3sz\u00edn\u0171, hogy a v\u00e9delmi kiad\u00e1sok is hasonl\u00f3 m\u00e9rt\u00e9kben cs\u00f6kkenn\u00e9nek. Ebben az esetben val\u00f3sz\u00edn\u0171tlenn\u00e9 v\u00e1lna, hogy az Egyes\u00fclt Kir\u00e1lys\u00e1g meg tudja \u0151rizni jelenlegi v\u00e9delmi k\u00e9pess\u00e9geit.<br \/>\n    R\u00e1ad\u00e1sul s\u00falyos k\u00f6lts\u00e9gekkel j\u00e1rna, ha az \u00f6n\u00e1ll\u00f3 brit nukle\u00e1ris \u00fct\u0151er\u0151t hordoz\u00f3 Trident tengeralattj\u00e1r\u00f3-flott\u00e1t el kellene k\u00f6lt\u00f6ztetni sk\u00f3ciai t\u00e1maszpontj\u00e1r\u00f3l, ahogy azt a sk\u00f3t korm\u00e1ny a f\u00fcggetlens\u00e9g elnyer\u00e9se eset\u00e9re kil\u00e1t\u00e1sba helyezte. Ez komoly m\u00e9rt\u00e9kben felforgatn\u00e1 a brit korm\u00e1ny \u00e1ltal kezdett, 2015-2016-ra sz\u00f3l\u00f3 strat\u00e9giai v\u00e9delmi \u00e9s biztons\u00e1gi fel\u00fclvizsg\u00e1latot, s\u0151t esetleg az eg\u00e9sz tervez\u00e9si folyamatot el\u00f6lr\u0151l kellene kezdeni &#8211; j\u00f3solt\u00e1k a Chatham House elemz\u0151i.<br \/>\n    A h\u00e1z szerint mindenk\u00e9ppen ki kellene eg\u00e9sz\u00edteni a Trident-flotta tervezett kicser\u00e9l\u00e9s\u00e9nek 20 milli\u00e1rd fontos (8 ezer milli\u00e1rd forintos) k\u00f6lts\u00e9gvet\u00e9s\u00e9t a t\u00e1maszpontok \u00e1ttelep\u00edt\u00e9s\u00e9nek 2,5-3,5 milli\u00e1rd fontra becs\u00fclhet\u0151 tov\u00e1bbi k\u00f6lts\u00e9geivel.<br \/>\n    A brit nukle\u00e1ris \u00fct\u0151er\u0151vel kapcsolatos bizonytalans\u00e1g komoly agg\u00e1lyokat keltene a sz\u00f6vets\u00e9gesek k\u00f6r\u00e9ben, a t\u00e1maszpontok \u00e1ttelep\u00edt\u00e9s\u00e9nek t\u00f6bbletk\u00f6lts\u00e9ge \u00fajraind\u00edthatja a vit\u00e1t a Trident-flotta fenntarthat\u00f3s\u00e1g\u00e1r\u00f3l, \u00e9s k\u00e9rd\u0151jeleket vetne fel az Egyes\u00fclt Kir\u00e1lys\u00e1g eg\u00e9sz k\u00fcl- \u00e9s biztons\u00e1gpolitikai strat\u00e9gi\u00e1j\u00e1val kapcsolatban.<br \/>\n    A f\u00fcggetlens\u00e9gellenes er\u0151k gy\u0151zelme sem jelenten\u00e9 azonban a sk\u00f3t elszakad\u00e1ssal kapcsolatos k\u00e9rd\u00e9sek nyugv\u00f3pontra jut\u00e1s\u00e1t. Ha az elszakad\u00e1st ellenz\u0151k gy\u0151znek a cs\u00fct\u00f6rt\u00f6ki n\u00e9pszavaz\u00e1son, de \u00fagy, hogy a sk\u00f3t v\u00e1laszt\u00f3k 45 sz\u00e1zal\u00e9ka vagy m\u00e9g nagyobb h\u00e1nyada voksol a f\u00fcggetlens\u00e9gre, akkor tov\u00e1bbra is komolyan k\u00e9rd\u00e9ses maradna a brit uni\u00f3 hossz\u00fa t\u00e1v\u00fa j\u00f6v\u0151je &#8211; \u00e1ll az elemz\u00e9sben.<br \/>\n    A Chatham House \u00e9s a YouGov k\u00f6zv\u00e9lem\u00e9ny-kutat\u00f3 legut\u00f3bbi k\u00f6z\u00f6s felm\u00e9r\u00e9se alapj\u00e1n a 45 sz\u00e1zal\u00e9kos f\u00fcggetlens\u00e9gp\u00e1rti szavazatar\u00e1ny nagyobb lenne, mint ah\u00e1nyan v\u00e1rhat\u00f3an a brit EU-tags\u00e1g felad\u00e1s\u00e1ra voksoln\u00e1nak a brit korm\u00e1ny \u00e1ltal err\u0151l tervezett k\u00e9s\u0151bbi referendumon.<br \/>\n    R\u00e1ad\u00e1sul lehets\u00e9ges, hogy a Trident-flott\u00e1t a f\u00fcggetlens\u00e9gellenes er\u0151k gy\u0151zelme eset\u00e9n is el kell t\u00e1vol\u00edtani Sk\u00f3ci\u00e1b\u00f3l, tekintettel arra, hogy a sk\u00f3t v\u00e1laszt\u00f3k jelent\u0151s h\u00e1nyada ellenzi a brit nukle\u00e1ris \u00fct\u0151er\u0151 sk\u00f3ciai \u00e1llom\u00e1soztat\u00e1s\u00e1t &#8211; hangs\u00falyozt\u00e1k a Chatham House szak\u00e9rt\u0151i.<br \/>\n    Egy m\u00e1sik tekint\u00e9lyes londoni strat\u00e9giai elemz\u0151m\u0171hely, a p\u00e9nz\u00fcgyi \u00e9s politikai kock\u00e1zatelemz\u00e9sre szakosodott Eurasia Group annak a v\u00e9lem\u00e9ny\u00e9nek adott hangot keddi tanulm\u00e1ny\u00e1ban, hogy kor\u00e1ntsem lenne mag\u00e1t\u00f3l \u00e9rtet\u0151d\u0151 Sk\u00f3cia felv\u00e9tele \u00f6n\u00e1ll\u00f3 tag\u00e1llamk\u00e9nt az Eur\u00f3pai Uni\u00f3ba. A h\u00e1z szak\u00e9rt\u0151i szerint ugyanis a sk\u00f3t elszakad\u00e1s eset\u00e9n a saj\u00e1t szakad\u00e1r mozgalmaikkal k\u00fcszk\u00f6d\u0151 EU-tag\u00e1llamok &#8211; els\u0151sorban Spanyolorsz\u00e1g, Franciaorsz\u00e1g, Olaszorsz\u00e1g \u00e9s Ciprus &#8211; aligha l\u00e1tn\u00e1k sz\u00edvesen Sk\u00f3ci\u00e1t a klubban.<br \/>\n    A t\u00f6bbi EU-tag\u00e1llam eset\u00e9ben sem egy\u00e9rtelm\u0171, hogy mi\u00e9rt k\u00edv\u00e1nn\u00e1k saj\u00e1t alkupoz\u00edci\u00f3ikat gyeng\u00edteni Sk\u00f3cia gyors felv\u00e9tel\u00e9nek el\u0151seg\u00edt\u00e9s\u00e9vel. N\u00e9metorsz\u00e1g p\u00e9ld\u00e1ul er\u0151teljesen ellenzi az eur\u00f3pai szakad\u00e1r t\u00f6rekv\u00e9seket, mivel att\u00f3l tart, hogy ezek b\u00e1tor\u00edt\u00e1sa a regionaliz\u00e1ci\u00f3 fel\u00e9 nyitja meg az utat, j\u00f3llehet N\u00e9metorsz\u00e1g els\u0151dleges t\u00f6rekv\u00e9se az integr\u00e1ci\u00f3 er\u0151s\u00edt\u00e9se &#8211; fejtegett\u00e9k az Eurasia londoni elemz\u0151i.<br \/>\n    A h\u00e1z szerint az sem val\u00f3sz\u00edn\u0171, hogy Sk\u00f3cia &#8211; ha felveszik az EU-ba &#8211; hozz\u00e1juthatna ugyanahhoz a kiv\u00e1lts\u00e1gos b\u00e1n\u00e1sm\u00f3dhoz, amelyet az Egyes\u00fclt Kir\u00e1lys\u00e1g harcolt ki mag\u00e1nak. Jelenleg mindegyik \u00faj tag\u00e1llamnak k\u00f6telezetts\u00e9get kell v\u00e1llalnia arra, hogy csatlakozik az eur\u00f3\u00f6vezethez \u00e9s a bels\u0151 hat\u00e1rellen\u0151rz\u00e9s n\u00e9lk\u00fcli schengeni csoporthoz, \u00e9s nincs ok annak felt\u00e9telez\u00e9s\u00e9re, hogy Sk\u00f3cia ett\u0151l elt\u00e9r\u0151 elb\u00edr\u00e1l\u00e1sban r\u00e9szes\u00fclne.<br \/>\n    Sk\u00f3cia viszont val\u00f3sz\u00edn\u0171leg egyel\u0151re nem felelne meg az eur\u00f3csatlakoz\u00e1s maastrichti felt\u00e9telrendszer\u00e9nek, \u00e9s n\u00e9h\u00e1ny \u00e9vnyi takar\u00e9koss\u00e1gi szigorra lenne sz\u00fcks\u00e9ge. A feladatot ugyanakkor nehez\u00edten\u00e9, ha a sk\u00f3t k\u00f6lts\u00e9gvet\u00e9si helyzet romlana a sz\u00e9tv\u00e1l\u00e1s ut\u00e1n, m\u00e1rpedig ez val\u00f3sz\u00edn\u0171s\u00edthet\u0151 a kedvez\u0151tlen demogr\u00e1fiai folyamatok, a v\u00e1rtn\u00e1l j\u00f3 es\u00e9llyel kisebb \u00e9szaki-tengeri nyersolaj-bev\u00e9telek \u00e9s a magasabb t\u0151kepiaci hitelk\u00f6lts\u00e9gek miatt &#8211; hangs\u00falyozz\u00e1k az Eurasia Group londoni elemz\u0151i.(MTI)<\/p>\n","protected":false},"excerpt":{"rendered":"<p>Sk\u00f3cia f\u00fcggetlenn\u00e9 v\u00e1l\u00e1s\u00e1nak val\u00f3sz\u00edn\u0171s\u00edthet\u0151 sarkalatos jelent\u0151s\u00e9g\u0171 bel- \u00e9s k\u00fclpolitikai k\u00f6vetkezm\u00e9nyeire h\u00edvt\u00e1k fel a figyelmet keddi helyzet\u00e9rt\u00e9kel\u00e9seikben londoni strat\u00e9giai elemz\u0151k.<\/p>\n","protected":false},"author":1,"featured_media":0,"comment_status":"open","ping_status":"closed","sticky":false,"template":"","format":"standard","meta":[],"categories":[12],"tags":[],"_links":{"self":[{"href":"https:\/\/gazdasagportal.hu\/index.php\/wp-json\/wp\/v2\/posts\/44685"}],"collection":[{"href":"https:\/\/gazdasagportal.hu\/index.php\/wp-json\/wp\/v2\/posts"}],"about":[{"href":"https:\/\/gazdasagportal.hu\/index.php\/wp-json\/wp\/v2\/types\/post"}],"author":[{"embeddable":true,"href":"https:\/\/gazdasagportal.hu\/index.php\/wp-json\/wp\/v2\/users\/1"}],"replies":[{"embeddable":true,"href":"https:\/\/gazdasagportal.hu\/index.php\/wp-json\/wp\/v2\/comments?post=44685"}],"version-history":[{"count":1,"href":"https:\/\/gazdasagportal.hu\/index.php\/wp-json\/wp\/v2\/posts\/44685\/revisions"}],"predecessor-version":[{"id":44686,"href":"https:\/\/gazdasagportal.hu\/index.php\/wp-json\/wp\/v2\/posts\/44685\/revisions\/44686"}],"wp:attachment":[{"href":"https:\/\/gazdasagportal.hu\/index.php\/wp-json\/wp\/v2\/media?parent=44685"}],"wp:term":[{"taxonomy":"category","embeddable":true,"href":"https:\/\/gazdasagportal.hu\/index.php\/wp-json\/wp\/v2\/categories?post=44685"},{"taxonomy":"post_tag","embeddable":true,"href":"https:\/\/gazdasagportal.hu\/index.php\/wp-json\/wp\/v2\/tags?post=44685"}],"curies":[{"name":"wp","href":"https:\/\/api.w.org\/{rel}","templated":true}]}}