{"id":44680,"date":"2014-09-16T17:20:44","date_gmt":"2014-09-16T15:20:44","guid":{"rendered":"http:\/\/stockportal.hu\/?p=44680"},"modified":"2014-09-16T17:14:41","modified_gmt":"2014-09-16T15:14:41","slug":"harmadfoku-keszultseg-lep-eletbe-a-raba-tobb-szakaszan","status":"publish","type":"post","link":"https:\/\/gazdasagportal.hu\/index.php\/harmadfoku-keszultseg-lep-eletbe-a-raba-tobb-szakaszan\/","title":{"rendered":"Harmadfok\u00fa k\u00e9sz\u00fclts\u00e9g l\u00e9p \u00e9letbe a R\u00e1ba t\u00f6bb szakasz\u00e1n"},"content":{"rendered":"<p><strong>Harmadfok\u00fa \u00e1rv\u00edzv\u00e9delmi k\u00e9sz\u00fclts\u00e9g l\u00e9p \u00e9letbe kedd 18 \u00f3rakor a R\u00e1ba t\u00f6bb szakasz\u00e1n &#8211; t\u00e1j\u00e9koztatta az \u00c9szak-dun\u00e1nt\u00fali V\u00edz\u00fcgyi Igazgat\u00f3s\u00e1g vezet\u0151je az MTI-t.<\/strong><!--more--><br \/>\n<div class=\"ads-in-post1\"><div id=\"gazdasagportal.hu_fullbanner_wideboard\"><\/div>\r\n<\/div>\n<p>    N\u00e9meth J\u00f3zsef elmondta: Nick, Urai\u00fajfalu, P\u00e1p\u00f3c \u00e9s Ostffyasszonyfa t\u00e9rs\u00e9g\u00e9ben vezett\u00e9k be ezt az int\u00e9zked\u00e9st. Ezeken a ter\u00fcleteken d\u00e9lt\u0151l volt \u00e9letben m\u00e1sodfok\u00fa k\u00e9sz\u00fclts\u00e9g.<br \/>\n    Szerd\u00e1n reggel hat \u00f3r\u00e1t\u00f3l els\u0151r\u0151l m\u00e1sodfok\u00fara emelkedik a k\u00e9sz\u00fclts\u00e9g Sobor, Szany, V\u00e1g, Marcalt\u0151 \u00e9s Kemenesszentp\u00e9ter k\u00f6rzet\u00e9ben, m\u00edg els\u0151fok\u00fa k\u00e9sz\u00fclts\u00e9get vezetnek be R\u00e1bacs\u00e9cs\u00e9ny, Kisbabot \u00e9s M\u00f3richida k\u00f6rzet\u00e9ben.<br \/>\n    Ugyanakkor a Cuhai-Bakony-\u00e9ren szerda reggel hat \u00f3r\u00e1t\u00f3l megsz\u0171nik a v\u00edzk\u00e1r-elh\u00e1r\u00edt\u00e1si k\u00e9sz\u00fclts\u00e9g.(MTI)<\/p>\n","protected":false},"excerpt":{"rendered":"<p>Harmadfok\u00fa \u00e1rv\u00edzv\u00e9delmi k\u00e9sz\u00fclts\u00e9g l\u00e9p \u00e9letbe kedd 18 \u00f3rakor a R\u00e1ba t\u00f6bb szakasz\u00e1n &#8211; t\u00e1j\u00e9koztatta az \u00c9szak-dun\u00e1nt\u00fali V\u00edz\u00fcgyi Igazgat\u00f3s\u00e1g vezet\u0151je az MTI-t.<\/p>\n","protected":false},"author":1,"featured_media":44681,"comment_status":"open","ping_status":"closed","sticky":false,"template":"","format":"standard","meta":[],"categories":[4],"tags":[],"_links":{"self":[{"href":"https:\/\/gazdasagportal.hu\/index.php\/wp-json\/wp\/v2\/posts\/44680"}],"collection":[{"href":"https:\/\/gazdasagportal.hu\/index.php\/wp-json\/wp\/v2\/posts"}],"about":[{"href":"https:\/\/gazdasagportal.hu\/index.php\/wp-json\/wp\/v2\/types\/post"}],"author":[{"embeddable":true,"href":"https:\/\/gazdasagportal.hu\/index.php\/wp-json\/wp\/v2\/users\/1"}],"replies":[{"embeddable":true,"href":"https:\/\/gazdasagportal.hu\/index.php\/wp-json\/wp\/v2\/comments?post=44680"}],"version-history":[{"count":1,"href":"https:\/\/gazdasagportal.hu\/index.php\/wp-json\/wp\/v2\/posts\/44680\/revisions"}],"predecessor-version":[{"id":44684,"href":"https:\/\/gazdasagportal.hu\/index.php\/wp-json\/wp\/v2\/posts\/44680\/revisions\/44684"}],"wp:featuredmedia":[{"embeddable":true,"href":"https:\/\/gazdasagportal.hu\/index.php\/wp-json\/wp\/v2\/media\/44681"}],"wp:attachment":[{"href":"https:\/\/gazdasagportal.hu\/index.php\/wp-json\/wp\/v2\/media?parent=44680"}],"wp:term":[{"taxonomy":"category","embeddable":true,"href":"https:\/\/gazdasagportal.hu\/index.php\/wp-json\/wp\/v2\/categories?post=44680"},{"taxonomy":"post_tag","embeddable":true,"href":"https:\/\/gazdasagportal.hu\/index.php\/wp-json\/wp\/v2\/tags?post=44680"}],"curies":[{"name":"wp","href":"https:\/\/api.w.org\/{rel}","templated":true}]}}