{"id":44652,"date":"2014-09-16T15:31:25","date_gmt":"2014-09-16T13:31:25","guid":{"rendered":"http:\/\/stockportal.hu\/?p=44652"},"modified":"2014-09-16T15:32:27","modified_gmt":"2014-09-16T13:32:27","slug":"technikai-elemzes-dax-futures-2","status":"publish","type":"post","link":"https:\/\/gazdasagportal.hu\/index.php\/technikai-elemzes-dax-futures-2\/","title":{"rendered":"Technikai elemz\u00e9s: DAX futures"},"content":{"rendered":"<p><strong>A\u00a0DAX futures\u00a0cs\u00f6kkent, miut\u00e1n ellen\u00e1ll\u00e1sszintre tal\u00e1lt a 9680-as (R1) szinten \u00e9s azon k\u00e9k cs\u00f6kken\u0151 tartom\u00e1ny fels\u0151 hat\u00e1r\u00e1n, amelyben az \u00e1r mozg\u00e1sa szeptember 5. \u00f3ta zajlik.\u00a0<\/strong><!--more--><br \/>\n<div class=\"ads-in-post1\"><div id=\"gazdasagportal.hu_fullbanner_wideboard\"><\/div>\r\n<\/div>\n<p>&nbsp;<\/p>\n<ul>\n<li>A doll\u00e1r az \u00f6sszes G10 devizap\u00e1rj\u00e1val szemben v\u00e1ltozatlan volt vagy er\u0151s\u00f6d\u00f6tt kedden az eur\u00f3pai d\u00e9lel\u0151tt sor\u00e1n. Er\u0151s\u00f6d\u00f6tt a SEK, az NZD, az AUD, a GBP \u00e9s a NOK (ebben a sorrendben), mik\u00f6zben v\u00e1ltozatlan volt a CHF, a JPY, az EUR \u00e9s a CAD deviz\u00e1khoz k\u00e9pest.<\/li>\n<li>A szeptemberi n\u00e9met ZEW felm\u00e9r\u00e9s ism\u00e9t cs\u00f6kkent, ami hozz\u00e1j\u00e1rul azon bizony\u00edt\u00e9kokhoz, hogy a n\u00e9met helyre\u00e1ll\u00e1s kimer\u00fcl\u0151ben van. Az eur\u00f3 rugalmas volt annak ellen\u00e9re, hogy a v\u00e1rakoz\u00e1sokkal kapcsolatos index m\u00e1r a kilencedik egym\u00e1st k\u00f6vet\u0151 h\u00f3napban cs\u00f6kkent \u00e9s 2012 decembere \u00f3ta a legalacsonyabb szintre ker\u00fclt. A jelenlegi helyzettel kapcsolatos index is cs\u00f6kkent, ami hozz\u00e1j\u00e1rult azon jelek egyre n\u00e9pesebb t\u00e1bor\u00e1hoz, hogy az ukrajnai v\u00e1ls\u00e1g \u00e9s a kapcsol\u00f3d\u00f3, Oroszorsz\u00e1gra kiszabott szankci\u00f3k elkezdtek t\u00fckr\u00f6z\u0151dni a felm\u00e9r\u00e9s adataiban.<\/li>\n<li>Az Egyes\u00fclt Kir\u00e1lys\u00e1g fogyaszt\u00f3i \u00e1rindexe az el\u0151z\u0151, \u00e9ves szinten 1,6%-r\u00f3l augusztusban 1,5%-ra lassult, amely alacsony szintet ezel\u0151tt 2009 m\u00e1jus\u00e1ban tapasztalhattunk. Az infl\u00e1ci\u00f3 lassul\u00e1sa megfelelt a piaci v\u00e1rakoz\u00e1soknak, de az angol fontot \u00e9rt\u00e9kes\u00edt\u00e9si nyom\u00e1s alatt tartotta a sk\u00f3ciai f\u00fcggetlens\u00e9gi n\u00e9pszavaz\u00e1s el\u0151tt.<\/li>\n<li>A felt\u00f6rekv\u0151 piacok k\u00f6zelm\u00faltbeli lassul\u00e1s\u00e1t meger\u0151s\u00edtette a k\u00ednai teljes\u00edtm\u00e9nymutat\u00f3k ism\u00e9telt gyenges\u00e9ge \u00e9s annak val\u00f3sz\u00edn\u0171s\u00e9ge, hogy az FOMC az e heti \u00e9rtekezlet\u00e9n el\u0151bbre hozza az els\u0151 kamatl\u00e1bemel\u00e9s v\u00e1rhat\u00f3 idej\u00e9t. A szombaton k\u00f6zz\u00e9tett k\u00ednai ipari termel\u00e9s v\u00e1ratlan cs\u00f6kken\u00e9se ut\u00e1n a ma publik\u00e1lt adatok jelezt\u00e9k, hogy az orsz\u00e1g FDI indexe augusztusban cs\u00f6kkent, ami nem felelt meg a m\u00e9rs\u00e9kelt visszapattan\u00e1sra sz\u00e1m\u00edt\u00f3 el\u0151rejelz\u00e9seknek. K\u00edna kedvez\u0151tlen adatai miatt felmer\u00fcl a k\u00e9ts\u00e9g, hogy az orsz\u00e1g vajon k\u00e9pes lesz-e el\u00e9rni a 7,5%-os n\u00f6veked\u00e9st.<\/li>\n<li>Emiatt majdnem minden \u00e1zsiai \u00e9s eur\u00f3pai r\u00e9szv\u00e9nypiacon cs\u00f6kken\u00e9s k\u00f6vetkezett be \u00e9s az S&amp;P 500 futures is cs\u00f6kkent. A felt\u00f6rekv\u0151 piacok r\u00e9szv\u00e9nypiacain p\u00e9ld\u00e1ul m\u00e1r kilencedik egym\u00e1st k\u00f6vet\u0151 napon tapasztalhat\u00f3 cs\u00f6kken\u00e9s. Ennek s\u00falyos k\u00f6vetkezm\u00e9nyei vannak a felt\u00f6rekv\u0151 piacokbeli deviz\u00e1kra \u00e9s a carry trade-re n\u00e9zve, mivel a k\u00fclf\u00f6ldi befektet\u0151k saj\u00e1t orsz\u00e1gukba viszik vissza befektet\u00e9seiket. Ek\u00f6zben Eur\u00f3p\u00e1ban N\u00e9metorsz\u00e1gban a DAX cs\u00f6kken\u00e9ssel nyitott, \u00e9s d\u00e9lben kb. 0,3%-kal cs\u00f6kkent.<\/li>\n<\/ul>\n<p><a href=\"http:\/\/stockportal.hu\/wp-content\/uploads\/2014\/09\/dax_grafikon_140916.png\" target=\"_blank\" rel=\"noopener\"><img decoding=\"async\" loading=\"lazy\" alt=\"dax_grafikon_140916\" src=\"http:\/\/stockportal.hu\/wp-content\/uploads\/2014\/09\/dax_grafikon_140916-1024x445.png\" width=\"620\" height=\"269\" \/><\/a><\/p>\n<ul>\n<li>A<strong>\u00a0DAX futures<\/strong>\u00a0cs\u00f6kkent, miut\u00e1n ellen\u00e1ll\u00e1sszintre tal\u00e1lt a 9680-as (R1) szinten \u00e9s azon k\u00e9k cs\u00f6kken\u0151 tartom\u00e1ny fels\u0151 hat\u00e1r\u00e1n, amelyben az \u00e1r mozg\u00e1sa szeptember 5. \u00f3ta zajlik. Ezenk\u00edv\u00fcl szeptember 12-\u00e9n az index az el\u0151z\u0151 n\u00f6vekv\u0151 trendvonala al\u00e1 cs\u00f6kkent (fekete vonal), amely az augusztus 8-i minimum szintt\u0151l ered. Eur\u00f3p\u00e1ban d\u00e9lid\u0151ben az \u00e1r a 200 \u00f3r\u00e1s mozg\u00f3\u00e1tlaga k\u00f6zel\u00e9ben \u00e9s az augusztus 8. \u00e9s szeptember 5. k\u00f6z\u00f6tti n\u00f6vekv\u0151 trend 23,6%-os visszat\u00e9r\u00e9si szintje felett van. Ezen t\u00e1maszszint k\u00f6zels\u00e9ge \u00e9s azon t\u00e9ny miatt, hogy momentum jelz\u00e9seink vegyesek, m\u00e9rs\u00e9kelten negat\u00edv k\u00e9p t\u00e1rul el\u00e9m. Az \u00f3r\u00e1s MACD cs\u00facsra ker\u00fclt z\u00e9rus vonala alatt, majd ind\u00edt\u00f3 vonala al\u00e1 cs\u00f6kkent, mik\u00f6zben a 14 \u00f3r\u00e1s RSI &#8211; b\u00e1r az 50-es szint alatt van &#8211; felfel\u00e9 mutat. V\u00e1rn\u00e9k, am\u00edg egy\u00e9rtelm\u0171en \u00e1t nem t\u00f6ri lefel\u00e9 a kor\u00e1bban eml\u00edtett 9580-as (S1) szintet, miel\u0151tt magabiztosabb lenn\u00e9k a cs\u00f6kken\u00e9s folytat\u00f3d\u00e1s\u00e1t illet\u0151en. Egy ilyen mozg\u00e1s el\u0151k\u00e9sz\u00edtheti az utat a 9465-\u00f6s (S2) szint fel\u00e9, amelyet a szeptember 2-i minimum szintek hat\u00e1roznak meg, margin\u00e1lisan az el\u0151z\u0151 r\u00f6vid t\u00e1v\u00fa n\u00f6vekv\u0151 trend 38,2%-os visszat\u00e9r\u00e9si szintje felett.<\/li>\n<li>T\u00e1maszszint:\u00a0 9580 (S1), 9465 (S2), 9370 (S3).<\/li>\n<li>Ellen\u00e1ll\u00e1sszint: 9680 (R1), 9745 (R2), 9790 (R3).<\/li>\n<\/ul>\n","protected":false},"excerpt":{"rendered":"<p>A\u00a0DAX futures\u00a0cs\u00f6kkent, miut\u00e1n ellen\u00e1ll\u00e1sszintre tal\u00e1lt a 9680-as (R1) szinten \u00e9s azon k\u00e9k cs\u00f6kken\u0151 tartom\u00e1ny fels\u0151 hat\u00e1r\u00e1n, amelyben az \u00e1r mozg\u00e1sa szeptember 5. \u00f3ta zajlik.\u00a0<\/p>\n","protected":false},"author":1,"featured_media":25088,"comment_status":"open","ping_status":"closed","sticky":false,"template":"","format":"standard","meta":[],"categories":[146,8,131],"tags":[],"_links":{"self":[{"href":"https:\/\/gazdasagportal.hu\/index.php\/wp-json\/wp\/v2\/posts\/44652"}],"collection":[{"href":"https:\/\/gazdasagportal.hu\/index.php\/wp-json\/wp\/v2\/posts"}],"about":[{"href":"https:\/\/gazdasagportal.hu\/index.php\/wp-json\/wp\/v2\/types\/post"}],"author":[{"embeddable":true,"href":"https:\/\/gazdasagportal.hu\/index.php\/wp-json\/wp\/v2\/users\/1"}],"replies":[{"embeddable":true,"href":"https:\/\/gazdasagportal.hu\/index.php\/wp-json\/wp\/v2\/comments?post=44652"}],"version-history":[{"count":2,"href":"https:\/\/gazdasagportal.hu\/index.php\/wp-json\/wp\/v2\/posts\/44652\/revisions"}],"predecessor-version":[{"id":44655,"href":"https:\/\/gazdasagportal.hu\/index.php\/wp-json\/wp\/v2\/posts\/44652\/revisions\/44655"}],"wp:featuredmedia":[{"embeddable":true,"href":"https:\/\/gazdasagportal.hu\/index.php\/wp-json\/wp\/v2\/media\/25088"}],"wp:attachment":[{"href":"https:\/\/gazdasagportal.hu\/index.php\/wp-json\/wp\/v2\/media?parent=44652"}],"wp:term":[{"taxonomy":"category","embeddable":true,"href":"https:\/\/gazdasagportal.hu\/index.php\/wp-json\/wp\/v2\/categories?post=44652"},{"taxonomy":"post_tag","embeddable":true,"href":"https:\/\/gazdasagportal.hu\/index.php\/wp-json\/wp\/v2\/tags?post=44652"}],"curies":[{"name":"wp","href":"https:\/\/api.w.org\/{rel}","templated":true}]}}