{"id":44647,"date":"2014-09-16T15:17:44","date_gmt":"2014-09-16T13:17:44","guid":{"rendered":"http:\/\/stockportal.hu\/?p=44647"},"modified":"2014-09-16T15:17:44","modified_gmt":"2014-09-16T13:17:44","slug":"wetzel-az-egyszerusitett-honositast-kivanja-lejaratni-az-index-cikke","status":"publish","type":"post","link":"https:\/\/gazdasagportal.hu\/index.php\/wetzel-az-egyszerusitett-honositast-kivanja-lejaratni-az-index-cikke\/","title":{"rendered":"Wetzel: az egyszer\u0171s\u00edtett honos\u00edt\u00e1st k\u00edv\u00e1nja lej\u00e1ratni az Index cikke"},"content":{"rendered":"<p><strong>A nemzetpolitikai \u00e1llamtitk\u00e1rs\u00e1g megd\u00f6bben\u00e9s\u00e9t fejezi ki az Index keddi cikk\u00e9vel kapcsolatban, amely &#8222;az egy\u00e9ni tapasztalatok \u00e1ltal\u00e1nos\u00edt\u00e1sa \u00e9s a gyakran alapot n\u00e9lk\u00fcl\u00f6z\u0151 nagys\u00e1grendek val\u00f3s\u00e1gk\u00e9nt t\u00f6rt\u00e9n\u0151 bemutat\u00e1s\u00e1val k\u00edv\u00e1nja&#8221; az egyszer\u0171s\u00edtett honos\u00edt\u00e1st lej\u00e1ratni. Wetzel Tam\u00e1s nemzetpolitikai helyettes \u00e1llamtitk\u00e1r kedden az MTI-vel azt k\u00f6z\u00f6lte: az \u00e1llamtitk\u00e1rs\u00e1g jogi l\u00e9p\u00e9seket kezdem\u00e9nyez a k\u00f6zz\u00e9tev\u0151 m\u00e9diummal szemben.<\/strong><!--more--><br \/>\n<div class=\"ads-in-post1\"><div id=\"gazdasagportal.hu_fullbanner_wideboard\"><\/div>\r\n<\/div>\n<p>    Mint a helyettes \u00e1llamtitk\u00e1r k\u00f6zlem\u00e9ny\u00e9ben kifejtette: a cikk nem n\u00e9lk\u00fcl\u00f6zi egyszer\u0171s\u00edtett honos\u00edt\u00e1si elj\u00e1r\u00e1sra vonatkoz\u00f3 jogszab\u00e1lyi \u00e9s gyakorlati ismeretek hi\u00e1ny\u00e1ra utal\u00f3 megjegyz\u00e9seket, annak szakmai tartalm\u00e1t min\u0151s\u00edtve. A cikkben foglaltakat k\u00f6zz\u00e9tev\u0151 m\u00e9diummal szemben jogi l\u00e9p\u00e9seket kezdem\u00e9nyeznek, egy\u00fattal v\u00e1rj\u00e1k az Index t\u00e9teles bizony\u00edt\u00e9kait, hogy igazolja a le\u00edrtakat.<br \/>\n    Az \u00e1llamtitk\u00e1rs\u00e1g eddig sem titkolta, hogy az egyszer\u0171s\u00edtett honos\u00edt\u00e1ssal \u00f6sszef\u00fcgg\u00e9sben tapasztalhat\u00f3ak vissza\u00e9l\u00e9sek, de az \u00e9rintett szervek azok megel\u0151z\u00e9se \u00e9s felder\u00edt\u00e9se sor\u00e1n a lehet\u0151 legnagyobb k\u00f6r\u00fcltekint\u00e9ssel kiv\u00e1lasztott eszk\u00f6z\u00f6ket alkalmazz\u00e1k. Ennek eredm\u00e9nyek\u00e9ppen jelent\u0151s emelked\u00e9s tapasztalhat\u00f3 a jogosulatlan k\u00e9relmez\u0151k elutas\u00edt\u00e1s\u00e1ban \u00e9s a csal\u00e1rd m\u00f3don megszerzett \u00e1llampolg\u00e1rs\u00e1gok visszavon\u00e1s\u00e1nak kezdem\u00e9nyez\u00e9s\u00e9ben. Emellett az elj\u00e1r\u00f3 szervek indokolt esetben a nyomoz\u00f3 hat\u00f3s\u00e1gok \u00e9s nemzetbiztons\u00e1gi szolg\u00e1latok fel\u00e9 megkeres\u00e9ssel \u00e9lnek, amely alapj\u00e1n szint\u00e9n emelked\u00e9s figyelhet\u0151 meg a megind\u00edtott elj\u00e1r\u00e1sok sz\u00e1m\u00e1ban &#8211; mutatott r\u00e1 Wetzel Tam\u00e1s.<br \/>\n    Hozz\u00e1tette: az elm\u00falt id\u0151szakban t\u00f6bb int\u00e9zked\u00e9s is sz\u00fcletett annak \u00e9rdek\u00e9ben, hogy a vissza\u00e9l\u00e9sek lehet\u0151s\u00e9g\u00e9t kiz\u00e1rj\u00e1k. A nyelvtud\u00e1s ellen\u0151rz\u00e9se sor\u00e1n az \u00fcgyint\u00e9z\u0151k a szakmai ir\u00e1nymutat\u00e1sok figyelembev\u00e9tel\u00e9vel a lehet\u0151 legalaposabban j\u00e1rnak el. Felh\u00edvj\u00e1k a figyelmet arra, hogy az elj\u00e1r\u00e1s sor\u00e1n t\u00f6bb alkalommal is sor ker\u00fcl a nyelvi k\u00e9szs\u00e9gek vizsg\u00e1lat\u00e1ra.<br \/>\n    A vissza\u00e9l\u00e9sek megel\u0151z\u00e9se \u00e9rdek\u00e9ben az elj\u00e1r\u00f3 hat\u00f3s\u00e1gok t\u00f6bbnyelv\u0171 t\u00e1j\u00e9koztat\u00f3 felh\u00edv\u00e1sokban inform\u00e1lj\u00e1k a leend\u0151 k\u00e9relmez\u0151ket arr\u00f3l, hogy mind a nyelvismeret, mind pedig a k\u00e9relem szem\u00e9lyes beny\u00fajt\u00e1sa elengedhetetlen felt\u00e9tele a k\u00e9relem pozit\u00edv elb\u00edr\u00e1s\u00e1nak.<br \/>\n    Kiemelte, hogy t\u00f6bb olyan visszajelz\u00e9s is \u00e9rkezett a magyar k\u00f6zigazgat\u00e1s szervei fel\u00e9, hogy az egyszer\u0171s\u00edtett honos\u00edt\u00e1s int\u00e9zm\u00e9ny\u00e9nek megk\u00e9rd\u0151jelez\u00e9s\u00e9t k\u00fclf\u00f6ldi titkosszolg\u00e1latok vagy politikai er\u0151k gener\u00e1lt\u00e1k, annak \u00e9rdek\u00e9ben, hogy esetenk\u00e9nt elijessz\u00e9k a jogszer\u0171 k\u00e9relmez\u0151ket az magyar \u00e1llampolg\u00e1rs\u00e1g megszerz\u00e9s\u00e9t\u0151l, vagy politikai t\u0151k\u00e9t kov\u00e1csoljanak a val\u00f3tlan t\u00e9nyek \u00e1ll\u00edt\u00e1s\u00e1b\u00f3l &#8211; \u00edrta a helyettes \u00e1llamtitk\u00e1r.<br \/>\n    Az Index cikk\u00e9ben kedden azt \u00edrta: elk\u00e9peszt\u0151 maffia \u00e9p\u00fclt a kett\u0151s \u00e1llampolg\u00e1rs\u00e1gra, \u00f3vatos becsl\u00e9sek szerint is t\u00edzezr\u00e9vel kaphattak \u00e1llampolg\u00e1rs\u00e1got hamis\u00edtott pap\u00edrokkal ukr\u00e1nok, oroszok, szerbek. T\u00f6bb ukr\u00e1n banda \u00e9s magyar \u00fcgyv\u00e9di iroda is r\u00e1\u00e1llt a hatalmas bizniszre &#8211; olvashat\u00f3 az \u00edr\u00e1sban.(MTI)<\/p>\n","protected":false},"excerpt":{"rendered":"<p>A nemzetpolitikai \u00e1llamtitk\u00e1rs\u00e1g megd\u00f6bben\u00e9s\u00e9t fejezi ki az Index keddi cikk\u00e9vel kapcsolatban, amely &#8222;az egy\u00e9ni tapasztalatok \u00e1ltal\u00e1nos\u00edt\u00e1sa \u00e9s a gyakran alapot n\u00e9lk\u00fcl\u00f6z\u0151 nagys\u00e1grendek val\u00f3s\u00e1gk\u00e9nt t\u00f6rt\u00e9n\u0151 bemutat\u00e1s\u00e1val k\u00edv\u00e1nja&#8221; az egyszer\u0171s\u00edtett honos\u00edt\u00e1st lej\u00e1ratni. Wetzel Tam\u00e1s nemzetpolitikai helyettes \u00e1llamtitk\u00e1r kedden az MTI-vel azt k\u00f6z\u00f6lte: az \u00e1llamtitk\u00e1rs\u00e1g jogi l\u00e9p\u00e9seket kezdem\u00e9nyez a k\u00f6zz\u00e9tev\u0151 m\u00e9diummal szemben.<\/p>\n","protected":false},"author":1,"featured_media":0,"comment_status":"open","ping_status":"closed","sticky":false,"template":"","format":"standard","meta":[],"categories":[18],"tags":[],"_links":{"self":[{"href":"https:\/\/gazdasagportal.hu\/index.php\/wp-json\/wp\/v2\/posts\/44647"}],"collection":[{"href":"https:\/\/gazdasagportal.hu\/index.php\/wp-json\/wp\/v2\/posts"}],"about":[{"href":"https:\/\/gazdasagportal.hu\/index.php\/wp-json\/wp\/v2\/types\/post"}],"author":[{"embeddable":true,"href":"https:\/\/gazdasagportal.hu\/index.php\/wp-json\/wp\/v2\/users\/1"}],"replies":[{"embeddable":true,"href":"https:\/\/gazdasagportal.hu\/index.php\/wp-json\/wp\/v2\/comments?post=44647"}],"version-history":[{"count":1,"href":"https:\/\/gazdasagportal.hu\/index.php\/wp-json\/wp\/v2\/posts\/44647\/revisions"}],"predecessor-version":[{"id":44648,"href":"https:\/\/gazdasagportal.hu\/index.php\/wp-json\/wp\/v2\/posts\/44647\/revisions\/44648"}],"wp:attachment":[{"href":"https:\/\/gazdasagportal.hu\/index.php\/wp-json\/wp\/v2\/media?parent=44647"}],"wp:term":[{"taxonomy":"category","embeddable":true,"href":"https:\/\/gazdasagportal.hu\/index.php\/wp-json\/wp\/v2\/categories?post=44647"},{"taxonomy":"post_tag","embeddable":true,"href":"https:\/\/gazdasagportal.hu\/index.php\/wp-json\/wp\/v2\/tags?post=44647"}],"curies":[{"name":"wp","href":"https:\/\/api.w.org\/{rel}","templated":true}]}}