{"id":44645,"date":"2014-09-16T15:16:34","date_gmt":"2014-09-16T13:16:34","guid":{"rendered":"http:\/\/stockportal.hu\/?p=44645"},"modified":"2014-09-16T15:16:34","modified_gmt":"2014-09-16T13:16:34","slug":"devizahitelek-a-fovarosi-torvenyszek-elutasitotta-az-unicredit-leasing-immotruck-keresetet","status":"publish","type":"post","link":"https:\/\/gazdasagportal.hu\/index.php\/devizahitelek-a-fovarosi-torvenyszek-elutasitotta-az-unicredit-leasing-immotruck-keresetet\/","title":{"rendered":"Devizahitelek &#8211; A F\u0151v\u00e1rosi T\u00f6rv\u00e9nysz\u00e9k elutas\u00edtotta az UniCredit Leasing Immotruck kereset\u00e9t"},"content":{"rendered":"<p><strong>A F\u0151v\u00e1rosi T\u00f6rv\u00e9nysz\u00e9k keddi t\u00e1rgyal\u00e1s\u00e1n elutas\u00edtotta az UniCredit Leasing Immotruck P\u00e9nz\u00fcgyi Szolg\u00e1ltat\u00f3 Zrt. \u00e1ltal beny\u00fajtott keresetet, mely a devizahitel szerz\u0151d\u00e9sei tisztess\u00e9gtelens\u00e9g\u00e9t kimond\u00f3 t\u00f6rv\u00e9nyi v\u00e9lelem megd\u00f6nt\u00e9s\u00e9re ir\u00e1nyult.<\/strong><!--more--><br \/>\n<div class=\"ads-in-post1\"><div id=\"gazdasagportal.hu_fullbanner_wideboard\"><\/div>\r\n<\/div>\n<p>    Az \u00e1llam \u00e1ltal ind\u00edtott perben a b\u00edr\u00f3s\u00e1g elutas\u00edtotta a c\u00e9g igazs\u00e1g\u00fcgyi szak\u00e9rt\u0151 kirendel\u00e9s\u00e9re sz\u00f3l\u00f3 k\u00e9relm\u00e9t, tov\u00e1bb\u00e1 elutas\u00edtotta azt is, hogy az Alkotm\u00e1nyb\u00edr\u00f3s\u00e1ghoz, valamint az Eur\u00f3pai B\u00edr\u00f3s\u00e1ghoz forduljon.<br \/>\n    Az Alkotm\u00e1nyb\u00edr\u00f3s\u00e1ghoz az\u00e9rt nem fordul a t\u00f6rv\u00e9nysz\u00e9k, mivel a felperes l\u00edzingc\u00e9g \u00e1ltal a t\u00f6rv\u00e9nyben megjel\u00f6lt r\u00e9szeket nem alkalmazta a b\u00edr\u00f3s\u00e1g, \u00edgy azok esetleges alkotm\u00e1nyelleness\u00e9ge nem befoly\u00e1solta az \u00edt\u00e9letet. A b\u00edr\u00f3s\u00e1g \u00e1ltal alkalmazott t\u00f6rv\u00e9nyhelyeket pedig nem tartotta alkotm\u00e1nyellenesnek a t\u00f6rv\u00e9nysz\u00e9k. A b\u00edr\u00f3s\u00e1g az \u00edt\u00e9let indokl\u00e1s\u00e1ban kifejtette, hogy a szerz\u0151d\u00e9sekben, illetve az \u00e1ltal\u00e1nos szerz\u0151d\u00e9si felt\u00e9telekben alkalmazott kamat-, k\u00f6lts\u00e9g- \u00e9s d\u00edj tisztess\u00e9gtelens\u00e9g\u00e9nek a v\u00e9lelm\u00e9t kellett megd\u00f6ntenie a t\u00e1rsas\u00e1gnak, egy\u00e9b felt\u00e9tel &#8211; \u00edgy p\u00e9ld\u00e1ul a hat\u00e1lybal\u00e9p\u00e9s vagy az ad\u00f3s jav\u00e1ra t\u00f6rt\u00e9n\u0151 szerz\u0151d\u00e9sm\u00f3dos\u00edt\u00e1s &#8211; nem lehetett a per t\u00e1rgya.<br \/>\n    Minden vizsg\u00e1land\u00f3 szerz\u0151d\u00e9si kik\u00f6t\u00e9s h\u00e9t felt\u00e9telnek kell, hogy megfeleljen egyidej\u0171leg. Ezek k\u00f6z\u00fcl az \u00e1tl\u00e1that\u00f3s\u00e1g a legfontosabb, \u00e9s a b\u00edr\u00f3s\u00e1g is ezt vizsg\u00e1lta els\u0151dlegesen, vagyis az \u00e1tlagos fogyaszt\u00f3 a szerz\u0151d\u00e9s megk\u00f6t\u00e9sekor tudhatta-e azt, hogy milyen felt\u00e9telek v\u00e1ltoz\u00e1sa, mennyire hat ki az \u0151 t\u00f6rleszt\u0151r\u00e9szlet\u00e9re. Egyebek mellett ez volt az a pont, ahol a t\u00f6rv\u00e9ny \u00e1ltal kimondott tisztess\u00e9gtelens\u00e9get nem tudta megd\u00f6nteni a l\u00edzingc\u00e9g.<br \/>\n    Az els\u0151fok\u00fa \u00edt\u00e9let nem joger\u0151s, az ellen nyolc napon bel\u00fcl fellebbezni lehet.(MTI)<\/p>\n","protected":false},"excerpt":{"rendered":"<p>A F\u0151v\u00e1rosi T\u00f6rv\u00e9nysz\u00e9k keddi t\u00e1rgyal\u00e1s\u00e1n elutas\u00edtotta az UniCredit Leasing Immotruck P\u00e9nz\u00fcgyi Szolg\u00e1ltat\u00f3 Zrt. \u00e1ltal beny\u00fajtott keresetet, mely a devizahitel szerz\u0151d\u00e9sei tisztess\u00e9gtelens\u00e9g\u00e9t kimond\u00f3 t\u00f6rv\u00e9nyi v\u00e9lelem megd\u00f6nt\u00e9s\u00e9re ir\u00e1nyult.<\/p>\n","protected":false},"author":1,"featured_media":0,"comment_status":"open","ping_status":"closed","sticky":false,"template":"","format":"standard","meta":[],"categories":[19,112],"tags":[],"_links":{"self":[{"href":"https:\/\/gazdasagportal.hu\/index.php\/wp-json\/wp\/v2\/posts\/44645"}],"collection":[{"href":"https:\/\/gazdasagportal.hu\/index.php\/wp-json\/wp\/v2\/posts"}],"about":[{"href":"https:\/\/gazdasagportal.hu\/index.php\/wp-json\/wp\/v2\/types\/post"}],"author":[{"embeddable":true,"href":"https:\/\/gazdasagportal.hu\/index.php\/wp-json\/wp\/v2\/users\/1"}],"replies":[{"embeddable":true,"href":"https:\/\/gazdasagportal.hu\/index.php\/wp-json\/wp\/v2\/comments?post=44645"}],"version-history":[{"count":1,"href":"https:\/\/gazdasagportal.hu\/index.php\/wp-json\/wp\/v2\/posts\/44645\/revisions"}],"predecessor-version":[{"id":44646,"href":"https:\/\/gazdasagportal.hu\/index.php\/wp-json\/wp\/v2\/posts\/44645\/revisions\/44646"}],"wp:attachment":[{"href":"https:\/\/gazdasagportal.hu\/index.php\/wp-json\/wp\/v2\/media?parent=44645"}],"wp:term":[{"taxonomy":"category","embeddable":true,"href":"https:\/\/gazdasagportal.hu\/index.php\/wp-json\/wp\/v2\/categories?post=44645"},{"taxonomy":"post_tag","embeddable":true,"href":"https:\/\/gazdasagportal.hu\/index.php\/wp-json\/wp\/v2\/tags?post=44645"}],"curies":[{"name":"wp","href":"https:\/\/api.w.org\/{rel}","templated":true}]}}