{"id":44583,"date":"2014-09-16T06:27:08","date_gmt":"2014-09-16T04:27:08","guid":{"rendered":"http:\/\/stockportal.hu\/?p=44583"},"modified":"2014-09-16T06:27:08","modified_gmt":"2014-09-16T04:27:08","slug":"mintegy-ezer-ember-vedekezett-ejszaka-a-reszben-tetozo-muranal","status":"publish","type":"post","link":"https:\/\/gazdasagportal.hu\/index.php\/mintegy-ezer-ember-vedekezett-ejszaka-a-reszben-tetozo-muranal\/","title":{"rendered":"Mintegy ezer ember v\u00e9dekezett \u00e9jszaka a r\u00e9szben tet\u0151z\u0151 Mur\u00e1n\u00e1l"},"content":{"rendered":"<p><strong>Mintegy ezer ember vett r\u00e9szt az \u00e1rv\u00edzi v\u00e9dekez\u00e9si munk\u00e1latokban Mura menti telep\u00fcl\u00e9seken, a foly\u00f3 \u00e9jszaka Leteny\u00e9n\u00e9l m\u00e1r tet\u0151z\u00f6tt &#8211; t\u00e1j\u00e9koztatta az Orsz\u00e1gos Katasztr\u00f3fav\u00e9delmi F\u0151igazgat\u00f3s\u00e1g Nagykanizs\u00e1n m\u0171k\u00f6d\u0151 r\u00e9gi\u00f3s ir\u00e1ny\u00edt\u00f3 t\u00f6rzs\u00e9nek sz\u00f3viv\u0151je kedden az MTI-t.<\/strong><!--more--><br \/>\n<div class=\"ads-in-post1\"><div id=\"gazdasagportal.hu_fullbanner_wideboard\"><\/div>\r\n<\/div>\n<p>    Mukics D\u00e1niel elmondta: a Mura Leteny\u00e9n\u00e9l &#8211; ahol 1972-ben 514 centis rekordot m\u00e9rtek &#8211; \u00e9jf\u00e9l el\u0151tt tet\u0151z\u00f6tt 548 centim\u00e9teren, reggel hat \u00f3rakor pedig 541-et mutatott a v\u00edzm\u00e9rce. Murakereszt\u00faron &#8211; ahol szint\u00e9n 1972-ben volt a legmagasabb, 568 centim\u00e9teres a v\u00edz\u00e1ll\u00e1s &#8211; m\u00e9g emelkedik a v\u00edzszint, \u00e9s kora reggel 584 centit m\u00e9rtek.<br \/>\n    Moln\u00e1riban \u00e9s Murakereszt\u00faron m\u00e9g tov\u00e1bb \u00e9p\u00edtik az ideiglenes g\u00e1takat, de \u00e9jszaka Kerkaszentkir\u00e1lyon, Muraszemeny\u00e9n, Murar\u00e1tk\u00e1n, T\u00f3tszerdahelyen \u00e9s Leteny\u00e9n is jelent\u0151sebb v\u00e9dekez\u00e9si munka zajlott. Mintegy 65 ezer homokzs\u00e1k felhaszn\u00e1l\u00e1s\u00e1val er\u0151s\u00edtett\u00e9k az ideiglenes v\u00e9dm\u0171veket, g\u00e1tszakad\u00e1s vagy m\u00e1s komolyabb gond sehol nem volt, a foly\u00f3t siker\u00fclt a medr\u00e9ben tartani.<br \/>\n    A v\u00e9dekez\u00e9st mindenhol katasztr\u00f3fav\u00e9delmi tisztek ir\u00e1ny\u00edtj\u00e1k, a t\u0171zolt\u00f3k mellett sok rend\u0151r \u00e9s \u00f6nk\u00e9ntes is van a t\u00e9rs\u00e9gben &#8211; jelezte a katasztr\u00f3fav\u00e9delmi sz\u00f3viv\u0151.<br \/>\n    A Zala Megyei Rend\u0151r-f\u0151kapit\u00e1nys\u00e1g azt k\u00f6z\u00f6lte, hogy a Mura \u00e1rad\u00e1sa miatt vesz\u00e9lyeztetett telep\u00fcl\u00e9sekn\u00e9l a katasztr\u00f3fav\u00e9delmi \u00e9s v\u00edz\u00fcgyi szakemberek munk\u00e1j\u00e1t zalai rend\u0151r\u00f6k, k\u00e9szenl\u00e9ti rend\u0151r\u00f6k, polg\u00e1r\u0151r\u00f6k \u00e9s \u00f6nk\u00e9ntesek seg\u00edtik. A t\u00e9rs\u00e9gbe k\u00e9tsz\u00e1z\u00f6tven rend\u00e9szeti szakk\u00f6z\u00e9piskol\u00e1st is vez\u00e9nyeltek.<br \/>\n    A Zala Megyei V\u00e9delmi Bizotts\u00e1g arr\u00f3l t\u00e1j\u00e9koztatta az MTI-t, hogy a megyei korm\u00e1nyhivatal \u00e1llom\u00e1ny\u00e1b\u00f3l \u00e9jszaka nyolcvank\u00e9t \u00f6nk\u00e9ntest vittek a v\u00e9dekez\u00e9s helysz\u00edneire, \u00e9s m\u00e9g h\u00e1romsz\u00e1zan k\u00e9szen \u00e1llnak erre.(MTI)<\/p>\n","protected":false},"excerpt":{"rendered":"<p>Mintegy ezer ember vett r\u00e9szt az \u00e1rv\u00edzi v\u00e9dekez\u00e9si munk\u00e1latokban Mura menti telep\u00fcl\u00e9seken, a foly\u00f3 \u00e9jszaka Leteny\u00e9n\u00e9l m\u00e1r tet\u0151z\u00f6tt &#8211; t\u00e1j\u00e9koztatta az Orsz\u00e1gos Katasztr\u00f3fav\u00e9delmi F\u0151igazgat\u00f3s\u00e1g Nagykanizs\u00e1n m\u0171k\u00f6d\u0151 r\u00e9gi\u00f3s ir\u00e1ny\u00edt\u00f3 t\u00f6rzs\u00e9nek sz\u00f3viv\u0151je kedden az MTI-t.<\/p>\n","protected":false},"author":1,"featured_media":0,"comment_status":"open","ping_status":"closed","sticky":false,"template":"","format":"standard","meta":[],"categories":[4],"tags":[],"_links":{"self":[{"href":"https:\/\/gazdasagportal.hu\/index.php\/wp-json\/wp\/v2\/posts\/44583"}],"collection":[{"href":"https:\/\/gazdasagportal.hu\/index.php\/wp-json\/wp\/v2\/posts"}],"about":[{"href":"https:\/\/gazdasagportal.hu\/index.php\/wp-json\/wp\/v2\/types\/post"}],"author":[{"embeddable":true,"href":"https:\/\/gazdasagportal.hu\/index.php\/wp-json\/wp\/v2\/users\/1"}],"replies":[{"embeddable":true,"href":"https:\/\/gazdasagportal.hu\/index.php\/wp-json\/wp\/v2\/comments?post=44583"}],"version-history":[{"count":1,"href":"https:\/\/gazdasagportal.hu\/index.php\/wp-json\/wp\/v2\/posts\/44583\/revisions"}],"predecessor-version":[{"id":44584,"href":"https:\/\/gazdasagportal.hu\/index.php\/wp-json\/wp\/v2\/posts\/44583\/revisions\/44584"}],"wp:attachment":[{"href":"https:\/\/gazdasagportal.hu\/index.php\/wp-json\/wp\/v2\/media?parent=44583"}],"wp:term":[{"taxonomy":"category","embeddable":true,"href":"https:\/\/gazdasagportal.hu\/index.php\/wp-json\/wp\/v2\/categories?post=44583"},{"taxonomy":"post_tag","embeddable":true,"href":"https:\/\/gazdasagportal.hu\/index.php\/wp-json\/wp\/v2\/tags?post=44583"}],"curies":[{"name":"wp","href":"https:\/\/api.w.org\/{rel}","templated":true}]}}