{"id":44579,"date":"2014-09-16T06:13:41","date_gmt":"2014-09-16T04:13:41","guid":{"rendered":"http:\/\/stockportal.hu\/?p=44579"},"modified":"2014-09-16T06:39:14","modified_gmt":"2014-09-16T04:39:14","slug":"ma-elkezdodik-a-bankok-elszamoltatasarol-szolo-vita","status":"publish","type":"post","link":"https:\/\/gazdasagportal.hu\/index.php\/ma-elkezdodik-a-bankok-elszamoltatasarol-szolo-vita\/","title":{"rendered":"Ma elkezd\u0151dik a devizahitelesek k\u00e1rtalan\u00edt\u00e1s\u00e1r\u00f3l sz\u00f3l\u00f3 t\u00f6rv\u00e9ny vit\u00e1ja"},"content":{"rendered":"<p><strong>Az Orsz\u00e1ggy\u0171l\u00e9s mai \u00fcl\u00e9snapj\u00e1n kezd\u0151dik a korm\u00e1ny devizahitelesek k\u00e1rtalan\u00edt\u00e1s\u00e1r\u00f3l sz\u00f3l\u00f3 t\u00f6rv\u00e9nyjavaslat\u00e1nak vit\u00e1ja, amely alapj\u00e1n a k\u00e9s\u0151bbiekben \u00e1tlagosan ak\u00e1r harmad\u00e1val is cs\u00f6kkenhet a devizahitelesek t\u00f6rleszt\u0151r\u00e9szlete.<\/strong><!--more--><br \/>\n<div class=\"ads-in-post1\"><div id=\"gazdasagportal.hu_fullbanner_wideboard\"><\/div>\r\n<\/div>\n<p>    A H\u00e1z \u00fcl\u00e9se reggel 9 \u00f3rakor napirend el\u0151tti felsz\u00f3lal\u00e1sokkal kezd\u0151dik, ezut\u00e1n els\u0151k\u00e9nt ker\u00fcl ter\u00edt\u00e9kre a devizahitesek seg\u00edt\u00e9s\u00e9r\u0151l sz\u00f3l\u00f3 el\u0151terjeszt\u00e9s. Orb\u00e1n Viktor minisztereln\u00f6k h\u00e9tf\u0151i parlamenti felsz\u00f3lal\u00e1s\u00e1ban t\u00f6rt\u00e9nelmi jelent\u0151s\u00e9g\u0171nek nevezte a bankok elsz\u00e1moltat\u00e1s\u00e1t. A korm\u00e1nyf\u0151 szavai szerint az elsz\u00e1moltat\u00e1s k\u00f6z\u00e9ppontj\u00e1ban az igazs\u00e1goss\u00e1g, a m\u00e9lt\u00e1nyoss\u00e1g \u00e9s a tisztess\u00e9g \u00e1ll.<br \/>\n    A korm\u00e1nyf\u0151 kor\u00e1bban azt mondta, a bankok elsz\u00e1mol\u00e1s\u00e1nak v\u00e9g\u00e9n \u00e1tlagosan egyharmaddal biztosan cs\u00f6kkenni fog az ad\u00f3sok fennmarad\u00f3 hiteleinek t\u00f6rleszt\u0151r\u00e9szlete. A parlament el\u0151tt l\u00e9v\u0151 el\u0151terjeszt\u00e9s alapj\u00e1n a p\u00e9nz\u00fcgyi int\u00e9zm\u00e9nyeknek el kell sz\u00e1molniuk fogyaszt\u00f3ikkal a m\u00faltbeli t\u00falfizet\u00e9seket, a kisz\u00e1m\u00edt\u00e1si \u00e9s elsz\u00e1mol\u00e1si m\u00f3dszertan r\u00e9szletszab\u00e1lyainak meg\u00e1llap\u00edt\u00e1s\u00e1t ugyanakkor a Magyar Nemzeti Bank (MNB) kompetenci\u00e1j\u00e1ba utalja. A parlament legkor\u00e1bban szeptember 24-\u00e9n, vagyis j\u00f6v\u0151 szerd\u00e1n szavazhat a t\u00f6rv\u00e9nyjavaslatr\u00f3l.<br \/>\n    Az \u00fcl\u00e9snap tov\u00e1bbi r\u00e9sz\u00e9ben \u00e1ltal\u00e1nos vit\u00e1t tartanak a k\u00f6lts\u00e9gvet\u00e9si tervez\u00e9ssel kapcsolatos, valamint a p\u00e9nzpiaci \u00e9s a k\u00f6z\u00fczemi szolg\u00e1ltat\u00e1sok hat\u00e9konyabb\u00e1 t\u00e9tel\u00e9t c\u00e9lz\u00f3 el\u0151terjeszt\u00e9sr\u0151l, amelyben L\u00e1z\u00e1r J\u00e1nos Minisztereln\u00f6ks\u00e9get vezet\u0151 miniszter egyebek k\u00f6z\u00f6tt azt kezdem\u00e9nyezi, hogy a korm\u00e1nynak a v\u00e1laszt\u00e1sok \u00e9v\u00e9ben az eddigi gyakorlathoz k\u00e9pest k\u00e9t h\u00e9ttel k\u00e9s\u0151bb, okt\u00f3ber v\u00e9g\u00e9ig kelljen beny\u00fajtania a k\u00f6vetkez\u0151 \u00e9v k\u00f6lts\u00e9gvet\u00e9s\u00e9r\u0151l sz\u00f3l\u00f3 javaslat\u00e1t.<br \/>\n    Szint\u00e9n ma t\u00e1rgyalhatj\u00e1k a parlament igazs\u00e1g\u00fcgyi bizotts\u00e1g\u00e1nak j\u00faliusban beterjesztett d\u00f6nt\u00e9s\u00e9t, amely arr\u00f3l sz\u00f3l, hogy a test\u00fclet nem t\u00e1mogatja t\u00edz vall\u00e1si k\u00f6z\u00f6ss\u00e9g bevett egyh\u00e1zk\u00e9nt val\u00f3 elismer\u00e9s\u00e9t, mert a bizotts\u00e1g szerint azok nem teljes\u00edtik az \u00e1llami egy\u00fcttm\u0171k\u00f6d\u00e9sre vonatkoz\u00f3 felt\u00e9teleket.(MTI)<\/p>\n","protected":false},"excerpt":{"rendered":"<p>Az Orsz\u00e1ggy\u0171l\u00e9s mai \u00fcl\u00e9snapj\u00e1n kezd\u0151dik a korm\u00e1ny devizahitelesek k\u00e1rtalan\u00edt\u00e1s\u00e1r\u00f3l sz\u00f3l\u00f3 t\u00f6rv\u00e9nyjavaslat\u00e1nak vit\u00e1ja, amely alapj\u00e1n a k\u00e9s\u0151bbiekben \u00e1tlagosan ak\u00e1r harmad\u00e1val is cs\u00f6kkenhet a devizahitelesek t\u00f6rleszt\u0151r\u00e9szlete.<\/p>\n","protected":false},"author":1,"featured_media":0,"comment_status":"open","ping_status":"closed","sticky":false,"template":"","format":"standard","meta":[],"categories":[19,112],"tags":[],"_links":{"self":[{"href":"https:\/\/gazdasagportal.hu\/index.php\/wp-json\/wp\/v2\/posts\/44579"}],"collection":[{"href":"https:\/\/gazdasagportal.hu\/index.php\/wp-json\/wp\/v2\/posts"}],"about":[{"href":"https:\/\/gazdasagportal.hu\/index.php\/wp-json\/wp\/v2\/types\/post"}],"author":[{"embeddable":true,"href":"https:\/\/gazdasagportal.hu\/index.php\/wp-json\/wp\/v2\/users\/1"}],"replies":[{"embeddable":true,"href":"https:\/\/gazdasagportal.hu\/index.php\/wp-json\/wp\/v2\/comments?post=44579"}],"version-history":[{"count":2,"href":"https:\/\/gazdasagportal.hu\/index.php\/wp-json\/wp\/v2\/posts\/44579\/revisions"}],"predecessor-version":[{"id":44585,"href":"https:\/\/gazdasagportal.hu\/index.php\/wp-json\/wp\/v2\/posts\/44579\/revisions\/44585"}],"wp:attachment":[{"href":"https:\/\/gazdasagportal.hu\/index.php\/wp-json\/wp\/v2\/media?parent=44579"}],"wp:term":[{"taxonomy":"category","embeddable":true,"href":"https:\/\/gazdasagportal.hu\/index.php\/wp-json\/wp\/v2\/categories?post=44579"},{"taxonomy":"post_tag","embeddable":true,"href":"https:\/\/gazdasagportal.hu\/index.php\/wp-json\/wp\/v2\/tags?post=44579"}],"curies":[{"name":"wp","href":"https:\/\/api.w.org\/{rel}","templated":true}]}}