{"id":44576,"date":"2014-09-16T02:58:02","date_gmt":"2014-09-16T00:58:02","guid":{"rendered":"http:\/\/stockportal.hu\/?p=44576"},"modified":"2014-09-15T19:59:14","modified_gmt":"2014-09-15T17:59:14","slug":"skot-nepszavazas-cameron-vegleges-es-fajdalmas-lenne-a-valas","status":"publish","type":"post","link":"https:\/\/gazdasagportal.hu\/index.php\/skot-nepszavazas-cameron-vegleges-es-fajdalmas-lenne-a-valas\/","title":{"rendered":"Sk\u00f3t n\u00e9pszavaz\u00e1s &#8211; Cameron: v\u00e9gleges \u00e9s f\u00e1jdalmas lenne a v\u00e1l\u00e1s"},"content":{"rendered":"<p><strong>Sk\u00f3cia f\u00fcggetlenn\u00e9 v\u00e1l\u00e1sa &#8222;nem pr\u00f3baid\u0151szakra sz\u00f3l\u00f3 k\u00fcl\u00f6n\u00e9l\u00e9s, hanem f\u00e1jdalmas v\u00e1l\u00e1s&#8221; lenne, amely \u00f6r\u00f6kre sz\u00f3lna &#8211; mondta h\u00e9tf\u0151n a brit minisztereln\u00f6k.<\/strong><!--more--><br \/>\n<div class=\"ads-in-post1\"><div id=\"gazdasagportal.hu_fullbanner_wideboard\"><\/div>\r\n<\/div>\n<p>    David Cameron, aki a kelet-sk\u00f3ciai Aberdeen v\u00e1ros\u00e1ban tartott szenved\u00e9lyes hangv\u00e9tel\u0171 besz\u00e9det a brit uni\u00f3 fenntart\u00e1sa mellett, hat\u00e1rozott \u00edg\u00e9retet tett arra, hogy Sk\u00f3cia &#8222;p\u00e9ld\u00e1tlan m\u00e9rt\u00e9kben kisz\u00e9les\u00edtett&#8221; tov\u00e1bbi \u00f6nrendelkez\u00e9si jogokat kapna m\u00e1r j\u00f6v\u0151re, ha a cs\u00fct\u00f6rt\u00f6ki n\u00e9pszavaz\u00e1son az elszakad\u00e1s ellen voksol.<br \/>\n    Cameron ugyanakkor r\u00e9szletesen v\u00e1zolta a f\u00fcggetlens\u00e9g lehets\u00e9ges negat\u00edv k\u00f6vetkezm\u00e9nyeit is, egyenes utal\u00e1st t\u00e9ve sok egy\u00e9b mellett arra, hogy a sk\u00f3tok elvesz\u00edten\u00e9k brit \u00e1llampolg\u00e1rs\u00e1gukat \u00e9s \u00fatlevel\u00fcket. A korm\u00e1nyf\u0151 szerint Sk\u00f3cia elszakad\u00e1sa eset\u00e9n a k\u00fclf\u00f6ld\u00f6n utazgat\u00f3 sk\u00f3tok nem sz\u00e1m\u00edthatn\u00e1nak automatikusan a brit nagyk\u00f6vets\u00e9gek seg\u00edts\u00e9g\u00e9re, Sk\u00f3cia \u00e9s Anglia hat\u00e1ra pedig &#8222;nemzetk\u00f6zi hat\u00e1rr\u00e1&#8221; v\u00e1ln\u00e9k, amelyen m\u00e1r nem lenne olyan k\u00f6nny\u0171 az \u00e1tkel\u00e9s, mint most.<br \/>\n    Cameron meger\u0151s\u00edtette azt a hivatalos brit korm\u00e1nyzati \u00e1ll\u00e1spontot is, hogy f\u00fcggetlenn\u00e9 v\u00e1l\u00e1sa eset\u00e9n Sk\u00f3cia nem haszn\u00e1lhatn\u00e1 tov\u00e1bb a fontot fizet\u0151eszk\u00f6z\u00e9\u00fcl. Hozz\u00e1tette: a sk\u00f3tok \u00e1ltal felvett ingatlanhiteleknek t\u00f6bb mint a fele egyik napr\u00f3l a m\u00e1sikra &#8222;egy k\u00fclf\u00f6ldi orsz\u00e1g bankrendszere&#8221; \u00e1ltal foly\u00f3s\u00edtott hitell\u00e9 v\u00e1lna, a kamatokat pedig m\u00e1r nem a Bank of England &#8211; a brit jegybank &#8211; hat\u00e1rozn\u00e1 meg, \u00e9s a Bank of England elvesz\u00edt\u00e9s\u00e9vel Sk\u00f3cia elvesz\u00edten\u00e9 a k\u00f6zponti bank \u00e1ltal biztos\u00edtott stabilit\u00e1st \u00e9s biztons\u00e1got is.<br \/>\n    A brit korm\u00e1nyf\u0151 nem hagyott k\u00e9ts\u00e9get azir\u00e1nt sem, hogy Sk\u00f3cia f\u00fcggetlenn\u00e9 v\u00e1l\u00e1sa eset\u00e9n London nem seg\u00edten\u00e9 ki t\u00f6bb\u00e9 a sk\u00f3t nagybankokat \u00fajabb p\u00e9nz\u00fcgyi v\u00e1ls\u00e1g eset\u00e9n. Cameron kijelentette: ha azok a bankok, &#8222;amelyek egy\u00e1ltal\u00e1n Sk\u00f3ci\u00e1ban maradn\u00e1nak&#8221;, ism\u00e9t bajba ker\u00fcln\u00e9nek, talpra \u00e1ll\u00edt\u00e1suk k\u00f6lts\u00e9geit a sk\u00f3t ad\u00f3fizet\u0151knek egyed\u00fcl kellene \u00e1llniuk.<br \/>\n    A k\u00e9t legnagyobb sk\u00f3ciai sz\u00e9khely\u0171 bank, a Royal Bank of Scotland (RBS) \u00e9s a Lloyds-csoport a p\u00e9nz\u00fcgyi v\u00e1ls\u00e1g kirobban\u00e1sa ut\u00e1n csak a brit korm\u00e1ny hatalmas k\u00f6lts\u00e9gvet\u00e9si t\u0151keinjekci\u00f3i seg\u00edts\u00e9g\u00e9vel menek\u00fclt meg a teljes \u00f6sszeoml\u00e1st\u00f3l. E befektet\u00e9sek nyom\u00e1n a brit \u00e1llamnak az RBS-ben 80, a Lloyds-csoportban 24,9 sz\u00e1zal\u00e9kos r\u00e9szesed\u00e9se van.<br \/>\n    A k\u00e9t sk\u00f3t nagybank &#8211; t\u00f6bb m\u00e1s sk\u00f3ciai p\u00e9nz\u00fcgyi szolg\u00e1ltat\u00f3val egy\u00fctt &#8211; m\u00e1r jelezte, hogy k\u00e9szenl\u00e9ti terveket v\u00e1zolt fel sz\u00e9khelye \u00e1ttelep\u00edt\u00e9s\u00e9re Sk\u00f3ci\u00e1b\u00f3l Londonba, ha Sk\u00f3cia elszakadna Nagy-Britanni\u00e1t\u00f3l.<br \/>\n    A sk\u00f3t p\u00e9nzint\u00e9zeteknek els\u0151sorban az\u00e9rt kellene angliai k\u00f6zponttal bejegyzett jogi szem\u00e9lyk\u00e9nt is megjelenni\u00fck Sk\u00f3cia f\u00fcggetlenn\u00e9 v\u00e1l\u00e1sa eset\u00e9n, hogy ne vesz\u00edts\u00e9k el a Bank of England likvidit\u00e1si garanci\u00e1it.<br \/>\n    H\u00e9tf\u0151i besz\u00e9d\u00e9ben Cameron arra k\u00e9rte a sk\u00f3t v\u00e1laszt\u00f3kat, hogy ne a brit korm\u00e1nnyal szembeni el\u00e9gedetlens\u00e9g\u00fcknek adjanak kifejez\u00e9st a cs\u00fct\u00f6rt\u00f6ki f\u00fcggetlens\u00e9gi n\u00e9pszavaz\u00e1son. &#8222;Ha engem nem kedvelnek, \u00e9n sem leszek \u00f6r\u00f6kk\u00e9 minisztereln\u00f6k, \u00e9s ha a korm\u00e1nyomat nem szeretik, ez a korm\u00e1ny sem lesz \u00f6r\u00f6kk\u00e9 hatalmon, ha azonban Sk\u00f3cia az elszakad\u00e1s mellett d\u00f6nt, az \u00f6r\u00f6kre sz\u00f3l\u00f3 d\u00f6nt\u00e9s lenne&#8221; &#8211; \u00e9rvelt a brit minisztereln\u00f6k.<br \/>\n    Brit alkotm\u00e1nyjogi szak\u00e9rt\u0151k ebben mindazon\u00e1ltal nem ennyire biztosak.<br \/>\n    Robert Hazell professzor, a tekint\u00e9lyes University College London (UCL) egyetem alkotm\u00e1nyjogi tansz\u00e9k\u00e9nek vezet\u0151je a n\u00e9pszavaz\u00e1s ut\u00e1ni lehets\u00e9ges fejlem\u00e9nyekr\u0151l \u00fajs\u00e1g\u00edr\u00f3knak tartott minapi londoni el\u0151dad\u00e1s\u00e1ban kijelentette: nem kiz\u00e1rhat\u00f3 az a forgat\u00f3k\u00f6nyv, hogy a f\u00fcggetlens\u00e9gp\u00e1rtiak gy\u0151znek ugyan, de csak nagyon csek\u00e9ly t\u00f6bbs\u00e9ggel, \u00e9s a sk\u00f3t lakoss\u00e1g a referendum ut\u00e1ni t\u00e1rgyal\u00e1sokon \u00f6ssze\u00e1ll\u00f3 sz\u00e9tv\u00e1l\u00e1si felt\u00e9telrendszer l\u00e1tt\u00e1n k\u00e9s\u0151bb meggondolja mag\u00e1t. A UCL professzora szerint ebben az esetben re\u00e1lis lehet\u0151s\u00e9gk\u00e9nt mer\u00fclhetne fel egy \u00fajabb n\u00e9pszavaz\u00e1s megtart\u00e1sa 2-3 \u00e9ven bel\u00fcl.(MTI)<\/p>\n","protected":false},"excerpt":{"rendered":"<p>Sk\u00f3cia f\u00fcggetlenn\u00e9 v\u00e1l\u00e1sa &#8222;nem pr\u00f3baid\u0151szakra sz\u00f3l\u00f3 k\u00fcl\u00f6n\u00e9l\u00e9s, hanem f\u00e1jdalmas v\u00e1l\u00e1s&#8221; lenne, amely \u00f6r\u00f6kre sz\u00f3lna &#8211; mondta h\u00e9tf\u0151n a brit minisztereln\u00f6k.<\/p>\n","protected":false},"author":1,"featured_media":0,"comment_status":"open","ping_status":"closed","sticky":false,"template":"","format":"standard","meta":[],"categories":[12],"tags":[],"_links":{"self":[{"href":"https:\/\/gazdasagportal.hu\/index.php\/wp-json\/wp\/v2\/posts\/44576"}],"collection":[{"href":"https:\/\/gazdasagportal.hu\/index.php\/wp-json\/wp\/v2\/posts"}],"about":[{"href":"https:\/\/gazdasagportal.hu\/index.php\/wp-json\/wp\/v2\/types\/post"}],"author":[{"embeddable":true,"href":"https:\/\/gazdasagportal.hu\/index.php\/wp-json\/wp\/v2\/users\/1"}],"replies":[{"embeddable":true,"href":"https:\/\/gazdasagportal.hu\/index.php\/wp-json\/wp\/v2\/comments?post=44576"}],"version-history":[{"count":1,"href":"https:\/\/gazdasagportal.hu\/index.php\/wp-json\/wp\/v2\/posts\/44576\/revisions"}],"predecessor-version":[{"id":44577,"href":"https:\/\/gazdasagportal.hu\/index.php\/wp-json\/wp\/v2\/posts\/44576\/revisions\/44577"}],"wp:attachment":[{"href":"https:\/\/gazdasagportal.hu\/index.php\/wp-json\/wp\/v2\/media?parent=44576"}],"wp:term":[{"taxonomy":"category","embeddable":true,"href":"https:\/\/gazdasagportal.hu\/index.php\/wp-json\/wp\/v2\/categories?post=44576"},{"taxonomy":"post_tag","embeddable":true,"href":"https:\/\/gazdasagportal.hu\/index.php\/wp-json\/wp\/v2\/tags?post=44576"}],"curies":[{"name":"wp","href":"https:\/\/api.w.org\/{rel}","templated":true}]}}