{"id":44566,"date":"2014-09-16T02:49:10","date_gmt":"2014-09-16T00:49:10","guid":{"rendered":"http:\/\/stockportal.hu\/?p=44566"},"modified":"2014-09-15T19:49:54","modified_gmt":"2014-09-15T17:49:54","slug":"devizahitelek-az-otp-ingatlanlizing-ugyeben-is-az-alkotmanybirosaghoz-fordul-a-birosag","status":"publish","type":"post","link":"https:\/\/gazdasagportal.hu\/index.php\/devizahitelek-az-otp-ingatlanlizing-ugyeben-is-az-alkotmanybirosaghoz-fordul-a-birosag\/","title":{"rendered":"Devizahitelek &#8211; Az OTP Ingatlanl\u00edzing \u00fcgy\u00e9ben is az Alkotm\u00e1nyb\u00edr\u00f3s\u00e1ghoz fordul a b\u00edr\u00f3s\u00e1g"},"content":{"rendered":"<p><strong>Az Alkotm\u00e1nyb\u00edr\u00f3s\u00e1ghoz (AB) fordul a F\u0151v\u00e1rosi T\u00f6rv\u00e9nysz\u00e9k az OTP Ingatlanl\u00edzing Zrt. magyar \u00e1llam elleni devizahiteles per\u00e9ben is.<br \/>\n<\/strong><!--more--><br \/>\n<div class=\"ads-in-post1\"><div id=\"gazdasagportal.hu_fullbanner_wideboard\"><\/div>\r\n<\/div>\nA b\u00edr\u00f3s\u00e1g kezdem\u00e9nyezi, hogy az AB mondja ki: a devizahitel-szerz\u0151d\u00e9sek egyes k\u00e9rd\u00e9seir\u0151l sz\u00f3l\u00f3, 2014. \u00e9vi XXXVIII. t\u00f6rv\u00e9ny sz\u00e1mos rendelkez\u00e9se alkotm\u00e1nyellenes &#8211; ismertette a h\u00e9tf\u0151i t\u00e1rgyal\u00e1son a b\u00edr\u00f3. Hozz\u00e1tette, hogy az elj\u00e1r\u00e1st az AB d\u00f6nt\u00e9s\u00e9ig felf\u00fcggeszti. Az Alkotm\u00e1nyb\u00edr\u00f3s\u00e1g soron k\u00edv\u00fcl, legfeljebb 90 napon bel\u00fcl d\u00f6nt a k\u00e9rd\u00e9sr\u0151l.<br \/>\n    Az OTP Ingatlanl\u00edzing Zrt. kereset\u00e9ben az eddigi devizahiteles perekben m\u00e1r elhangzott \u00e9rveket sorakoztatta f\u00f6l. A p\u00e9nz\u00fcgyi int\u00e9zm\u00e9ny k\u00e9pvisel\u0151je a t\u00e1rgyal\u00e1son megjegyezte: &#8222;Ez a fajta jogtechnikai megold\u00e1s, ahogyan a 2014. \u00e9vi XXXVIII. t\u00f6rv\u00e9nyt elfogadt\u00e1k, t\u00falmutat ezen az \u00fcgy\u00f6n. Ha ezt meg lehet csin\u00e1lni a bankszektorral, akkor holnap b\u00e1rmilyen m\u00e1s szektorral meg lehet csin\u00e1lni, hogy jogszab\u00e1ly-\u00e9rtelmez\u00e9snek \u00e1lc\u00e1zott jogalkot\u00e1ssal&#8221;, t\u00edz \u00e9vre visszamen\u0151 hat\u00e1llyal el\u0151\u00edrj\u00e1k a b\u00edr\u00f3s\u00e1gnak, hogy csak egy \u00faj t\u00f6rv\u00e9nynek val\u00f3 megfelel\u00e9st vizsg\u00e1lhat, semmilyen m\u00e1s kor\u00e1bbi jogszab\u00e1lyt vagy szerz\u0151d\u00e9ses rendelkez\u00e9st nem.<br \/>\n    Az alperes magyar \u00e1llam k\u00e9pvisel\u0151je azzal \u00e9rvelt, hogy 2011-t\u0151l egy sereg olyan per indult, amelyben az ad\u00f3sok a hitelint\u00e9zetek egyoldal\u00fa szerz\u0151d\u00e9sm\u00f3dos\u00edt\u00e1sait kifog\u00e1solt\u00e1k; a b\u00edr\u00e1k k\u00fcl\u00f6nf\u00e9lek\u00e9ppen \u00e9rtelmezt\u00e9k a Polg\u00e1ri T\u00f6rv\u00e9nyk\u00f6nyv vonatkoz\u00f3 szab\u00e1ly\u00e1t &#8211; a tisztess\u00e9gtelen \u00e1ltal\u00e1nos szerz\u0151d\u00e9si felt\u00e9telekr\u0151l sz\u00f3l\u00f3 gener\u00e1lklauzul\u00e1t -, ez\u00e9rt volt sz\u00fcks\u00e9g a K\u00faria egys\u00e9get teremt\u0151 jog\u00e9rtelmez\u00e9s\u00e9re. Az Orsz\u00e1ggy\u0171l\u00e9s a K\u00fari\u00e1nak ezt a d\u00f6nt\u00e9s\u00e9t \u00f6nt\u00f6tte jogszab\u00e1lyba. Ezzel azonban nem j\u00f6tt l\u00e9tre \u00faj norma, csup\u00e1n kor\u00e1bbi jogk\u00e9rd\u00e9sek tiszt\u00e1z\u00e1sa \u00e9s egy \u00e1ltal\u00e1nos elv kifejt\u00e9se t\u00f6rt\u00e9nt, ez\u00e9rt visszahat\u00f3 hat\u00e1lyr\u00f3l sincs sz\u00f3.<br \/>\n    A b\u00edr\u00f3 ugyanakkor az elj\u00e1r\u00e1st f\u00f6lf\u00fcggeszt\u0151 v\u00e9gz\u00e9s sz\u00f3beli indokl\u00e1s\u00e1ban meg\u00e1llap\u00edtotta: a t\u00f6rv\u00e9ny s\u00e9rti a visszahat\u00f3 hat\u00e1ly tilalm\u00e1t \u00e9s a jogbiztons\u00e1g k\u00f6vetelm\u00e9ny\u00e9t. Emellett nem felel meg a normavil\u00e1goss\u00e1g k\u00f6vetelm\u00e9ny\u00e9nek, \u00e9s sz\u00fcks\u00e9gtelen\u00fcl korl\u00e1tozza az elj\u00e1r\u00e1ssal kapcsolatos jogokat.<br \/>\n    Kifejtette: a szerz\u0151d\u00e9ses felek \u00f6nrendelkez\u00e9s\u00e9t s\u00e9rti, hogy a t\u00f6rv\u00e9ny m\u00f3dos\u00edtja a devizahiteles szerz\u0151d\u00e9seket, k\u00f6zt\u00fck m\u00e1r teljes\u00edtett szerz\u0151d\u00e9seket is. Ezt legfeljebb a j\u00f6v\u0151re n\u00e9zve tehetn\u00e9 meg, ahogy azt a b\u00edr\u00f3s\u00e1g \u00e1ltali szerz\u0151d\u00e9sm\u00f3dos\u00edt\u00e1s eset\u00e9ben a jogszab\u00e1ly el\u0151\u00edrja.<br \/>\n    A jogalkot\u00f3 is a 2008-as gazdas\u00e1gi \u00e9s p\u00e9nz\u00fcgyi v\u00e1ls\u00e1gra hivatkozik, mint ami indokolta a beavatkoz\u00e1st a jogviszonyokba. \u00c9rthetetlen ez\u00e9rt, mi\u00e9rt \u00e9ppen 2004. m\u00e1jus 1-j\u00e9re visszamen\u0151 hat\u00e1llyal m\u00f3dos\u00edtan\u00e1 a szerz\u0151d\u00e9seket &#8211; jegyezte meg.<br \/>\n    Kimondta, hogy a t\u00f6rv\u00e9ny korl\u00e1tozza a tisztess\u00e9ges elj\u00e1r\u00e1shoz f\u0171z\u0151d\u0151 jogot. Sz\u0171k hat\u00e1rid\u0151ket szab az elj\u00e1r\u00e1s minden r\u00e9sztvev\u0151je sz\u00e1m\u00e1ra, bele\u00e9rtve a b\u00edr\u00f3s\u00e1got is. Ez\u00e1ltal nincsenek biztos\u00edtva az anyagi igazs\u00e1goss\u00e1g felt\u00e1r\u00e1s\u00e1nak felt\u00e9telei.<br \/>\n    A t\u00f6rv\u00e9ny elj\u00e1r\u00e1si szab\u00e1lyai &#8211; t\u00f6bbek k\u00f6z\u00f6tt azzal, hogy nincs helye hi\u00e1nyp\u00f3tl\u00e1snak vagy a per sz\u00fcneteltet\u00e9s\u00e9nek &#8211; s\u00e9rtik a fegyverek egyenl\u0151s\u00e9g\u00e9nek a jog\u00e1t, mert az alperesnek kedveznek &#8211; \u00e1llap\u00edtotta meg a b\u00edr\u00f3s\u00e1g.<br \/>\n    A t\u00f6rv\u00e9ny nem fogalmazza meg egy\u00e9rtelm\u0171en, mely szerz\u0151d\u00e9seket tekinti devizahitel-szerz\u0151d\u00e9seknek, \u00e9s t\u00f6bb m\u00e1s rendelkez\u00e9se is pontatlan, k\u00e9t\u00e9rtelm\u0171. T\u00f6bb megfogalmaz\u00e1sa \u00e9rtelmez\u00e9si gondokat vet f\u00f6l. Ezek az anom\u00e1li\u00e1k s\u00e9rtik a normavil\u00e1goss\u00e1g k\u00f6vetelm\u00e9ny\u00e9t, \u00e9s ezzel a jog\u00e1llamis\u00e1g elv\u00e9t.<br \/>\n    A b\u00edr\u00f3s\u00e1g meg\u00e1llap\u00edtotta: nem volt kell\u0151 felk\u00e9sz\u00fcl\u00e9si id\u0151, ezzel s\u00e9r\u00fclt a jogbiztons\u00e1g elve. Kiemelte: a perind\u00edt\u00e1sra nyitva \u00e1ll\u00f3 30 napos hat\u00e1rid\u0151 m\u00e1r a t\u00f6rv\u00e9ny alkalmaz\u00e1sa. Ett\u0151l k\u00fcl\u00f6nb\u00f6zik a t\u00f6rv\u00e9ny alkalmaz\u00e1s\u00e1ra val\u00f3 felk\u00e9sz\u00fcl\u00e9s, amelyre egy, illetve nyolc nap \u00e1llt rendelkez\u00e9sre, ami irre\u00e1lisan r\u00f6vid.<br \/>\n    V\u00e9g\u00fcl a t\u00f6rv\u00e9ny s\u00e9rti a jogorvoslathoz val\u00f3 jogot is azzal, hogy ler\u00f6vid\u00edti a fellebbez\u00e9s \u00e9s a fel\u00fclvizsg\u00e1lati k\u00e9relem beny\u00fajt\u00e1s\u00e1ra nyitva \u00e1ll\u00f3 hat\u00e1rid\u0151ket.<br \/>\n    A b\u00edr\u00f3s\u00e1g meg\u00e1llap\u00edtotta: az lett volna az alkotm\u00e1nyos megold\u00e1s, ha az \u00e1llam arra jogosult szerve a hat\u00e1lyos szab\u00e1lyoz\u00e1s &#8211; a r\u00e9gi Polg\u00e1ri T\u00f6rv\u00e9nyk\u00f6nyv \u00e9s egy 1999-ben elfogadott korm\u00e1nyrendelet &#8211; alapj\u00e1n k\u00f6z\u00e9rdek\u0171 keresetet ind\u00edt a p\u00e9nz\u00fcgyi int\u00e9zm\u00e9nyek ellen.<br \/>\n    A devizahiteles t\u00f6rv\u00e9ny elfogad\u00e1sa ut\u00e1n t\u00f6bb tucat p\u00e9nz\u00fcgyi int\u00e9zm\u00e9ny ind\u00edtott pert a magyar \u00e1llam ellen. A b\u00edr\u00f3s\u00e1gnak arr\u00f3l kell d\u00f6ntenie, hogy tisztess\u00e9gesek-e a p\u00e9nz\u00fcgyi int\u00e9zm\u00e9nyek egyoldal\u00fa szerz\u0151d\u00e9sm\u00f3dos\u00edt\u00e1st &#8211; p\u00e9ld\u00e1ul a kamatok, a k\u00f6lts\u00e9gek vagy a d\u00edjak f\u00f6lemel\u00e9s\u00e9t &#8211; lehet\u0151v\u00e9 t\u00e9v\u0151 rendelkez\u00e9sei az \u00e1ltal\u00e1nos szerz\u0151d\u00e9si felt\u00e9telekben.(MTI)<\/p>\n","protected":false},"excerpt":{"rendered":"<p>Az Alkotm\u00e1nyb\u00edr\u00f3s\u00e1ghoz (AB) fordul a F\u0151v\u00e1rosi T\u00f6rv\u00e9nysz\u00e9k az OTP Ingatlanl\u00edzing Zrt. magyar \u00e1llam elleni devizahiteles per\u00e9ben is.<\/p>\n","protected":false},"author":1,"featured_media":0,"comment_status":"open","ping_status":"closed","sticky":false,"template":"","format":"standard","meta":[],"categories":[19,112],"tags":[],"_links":{"self":[{"href":"https:\/\/gazdasagportal.hu\/index.php\/wp-json\/wp\/v2\/posts\/44566"}],"collection":[{"href":"https:\/\/gazdasagportal.hu\/index.php\/wp-json\/wp\/v2\/posts"}],"about":[{"href":"https:\/\/gazdasagportal.hu\/index.php\/wp-json\/wp\/v2\/types\/post"}],"author":[{"embeddable":true,"href":"https:\/\/gazdasagportal.hu\/index.php\/wp-json\/wp\/v2\/users\/1"}],"replies":[{"embeddable":true,"href":"https:\/\/gazdasagportal.hu\/index.php\/wp-json\/wp\/v2\/comments?post=44566"}],"version-history":[{"count":1,"href":"https:\/\/gazdasagportal.hu\/index.php\/wp-json\/wp\/v2\/posts\/44566\/revisions"}],"predecessor-version":[{"id":44567,"href":"https:\/\/gazdasagportal.hu\/index.php\/wp-json\/wp\/v2\/posts\/44566\/revisions\/44567"}],"wp:attachment":[{"href":"https:\/\/gazdasagportal.hu\/index.php\/wp-json\/wp\/v2\/media?parent=44566"}],"wp:term":[{"taxonomy":"category","embeddable":true,"href":"https:\/\/gazdasagportal.hu\/index.php\/wp-json\/wp\/v2\/categories?post=44566"},{"taxonomy":"post_tag","embeddable":true,"href":"https:\/\/gazdasagportal.hu\/index.php\/wp-json\/wp\/v2\/tags?post=44566"}],"curies":[{"name":"wp","href":"https:\/\/api.w.org\/{rel}","templated":true}]}}