{"id":44562,"date":"2014-09-16T03:17:11","date_gmt":"2014-09-16T01:17:11","guid":{"rendered":"http:\/\/stockportal.hu\/?p=44562"},"modified":"2014-09-15T19:46:57","modified_gmt":"2014-09-15T17:46:57","slug":"gazprom-a-hazai-foldalatti-tarozok-feltoltese-miatt-is-megy-kevesebb-gaz-europaba","status":"publish","type":"post","link":"https:\/\/gazdasagportal.hu\/index.php\/gazprom-a-hazai-foldalatti-tarozok-feltoltese-miatt-is-megy-kevesebb-gaz-europaba\/","title":{"rendered":"Gazprom: A hazai f\u00f6ldalatti t\u00e1roz\u00f3k felt\u00f6lt\u00e9se miatt is megy kevesebb g\u00e1z Eur\u00f3p\u00e1ba"},"content":{"rendered":"<p><strong>Az oroszorsz\u00e1gi f\u00f6ldalatti t\u00e1roz\u00f3k felt\u00f6lt\u00e9se \u00e9s a Jamal-Eur\u00f3pa g\u00e1zvezet\u00e9k jav\u00edt\u00e1s\u00e1nak befejez\u00e9se miatt megy az eur\u00f3pai v\u00e1s\u00e1rl\u00f3k \u00e1ltal ig\u00e9nyeltn\u00e9l kevesebb orosz f\u00f6ldg\u00e1z Ukrajn\u00e1n \u00e9s Szlov\u00e1ki\u00e1n kereszt\u00fcl Eur\u00f3p\u00e1ba &#8211; k\u00f6z\u00f6lte h\u00e9tf\u0151n a Gazprom sz\u00f3viv\u0151je.<\/strong><!--more--><br \/>\n<div class=\"ads-in-post1\"><div id=\"gazdasagportal.hu_fullbanner_wideboard\"><\/div>\r\n<\/div>\n<p>    Szergej Kuprijanov azt mondta, hogy szeptember elej\u00e9n 4 milli\u00e1rd k\u00f6bm\u00e9terrel kevesebb f\u00f6ldg\u00e1zt t\u00f6lt\u00f6ttek a t\u00e1roz\u00f3kba, mint tavaly ilyenkor. A terv 6 milli\u00e1rd volt. Csak augusztusban 800 milli\u00f3 k\u00f6bm\u00e9terrel maradtak el a tervezett mennyis\u00e9gn\u00e9l.<br \/>\n    Az orosz \u00e1llami energetikai c\u00e9g sz\u00f3viv\u0151je hozz\u00e1tette, hogy az Oroszorsz\u00e1g, Feh\u00e9roroszorsz\u00e1g, Lengyelorsz\u00e1g \u00e9s N\u00e9metorsz\u00e1g ter\u00fclet\u00e9n \u00e1thalad\u00f3 Jamal-Eur\u00f3pa elnevez\u00e9s\u0171 g\u00e1zvezet\u00e9k jav\u00edt\u00e1s\u00e1t befejezt\u00e9k, \u00edgy az eur\u00f3pai exportra sz\u00e1nt f\u00f6ldg\u00e1zmennyis\u00e9g egy r\u00e9sz\u00e9t azon kereszt\u00fcl tov\u00e1bb\u00edtj\u00e1k.<br \/>\n    Az Interfax orosz h\u00edr\u00fcgyn\u00f6ks\u00e9g h\u00e9tf\u0151n az Eustream nev\u0171 szlov\u00e1k g\u00e1zc\u00e9g adataira hivatkozva azt jelentette, hogy a Gazprom megkezdte a Szlov\u00e1ki\u00e1n kereszt\u00fcl tov\u00e1bb\u00edtott f\u00f6ldg\u00e1z mennyis\u00e9g\u00e9nek cs\u00f6kkent\u00e9s\u00e9t.<br \/>\n    Az Ukrajn\u00e1n \u00e9s Szlov\u00e1ki\u00e1n \u00e1tmen\u0151, ungv\u00e1ri folyos\u00f3nak nevezett g\u00e1zvezet\u00e9ken kereszt\u00fcl szeptember eleje \u00f3ta tov\u00e1bb\u00edtott naponta stabilan 60 milli\u00f3 k\u00f6bm\u00e9teres mennyis\u00e9g helyett h\u00e9tf\u0151n m\u00e1r csak 49,6 milli\u00f3 k\u00f6bm\u00e9ter tov\u00e1bb\u00edt\u00e1s\u00e1t jelentett\u00e9k be. Ez 17 sz\u00e1zal\u00e9kkal kevesebb az el\u0151z\u0151 k\u00e9t heti \u00e1tlagos mennyis\u00e9gn\u00e9l \u00e9s az ebben a h\u00f3napban k\u00e9rt legnagyobb 63,25 milli\u00f3 k\u00f6bm\u00e9teres mennyis\u00e9ghez k\u00e9pest el\u00e9rheti a 21,5 sz\u00e1zal\u00e9kos cs\u00f6kken\u00e9st.<br \/>\n    Kor\u00e1bban t\u00f6bb uni\u00f3s orsz\u00e1g jelezte, hogy a Gazprom nem teljes\u00edti az ig\u00e9nyelt mennyis\u00e9g lesz\u00e1ll\u00edt\u00e1s\u00e1t.<br \/>\n    Razvan Nicolescu, rom\u00e1n energia\u00fcgyi t\u00e1rca n\u00e9lk\u00fcli miniszter h\u00e9tf\u0151n t\u00e1j\u00e9koztatott arr\u00f3l, hogy az orosz c\u00e9g k\u00f6zl\u00e9se szerint keddt\u0151l vas\u00e1rnapig t\u00edz sz\u00e1zal\u00e9kkal cs\u00f6kkenti a Rom\u00e1ni\u00e1nak sz\u00e1ll\u00edtand\u00f3 f\u00f6ldg\u00e1z mennyis\u00e9g\u00e9t. Moszkv\u00e1ban nem indokolt\u00e1k a d\u00f6nt\u00e9st &#8211; mondta Nicolescu.<br \/>\n    A lengyel PAP h\u00edr\u00fcgyn\u00f6ks\u00e9g a Gazprom sz\u00f3viv\u0151j\u00e9re hivatkozva k\u00f6z\u00f6lte, hogy az orosz \u00e1llami c\u00e9g csak a szerz\u0151d\u00e9ses minimumot tudja f\u00f6ldg\u00e1zb\u00f3l lesz\u00e1ll\u00edtani Lengyelorsz\u00e1gnak, a megn\u00f6velt rendel\u00e9seket nem k\u00e9pes kiel\u00e9g\u00edteni.<br \/>\n    Br\u00fcsszelben Marlene Holzner, az Eur\u00f3pai Bizotts\u00e1g sz\u00f3viv\u0151je pedig arr\u00f3l t\u00e1j\u00e9koztatott, hogy a h\u00e9t v\u00e9g\u00e9n stabiliz\u00e1l\u00f3dott Oroszorsz\u00e1g, Feh\u00e9roroszorsz\u00e1g \u00e9s Ukrajna fel\u0151l az EU-ba \u00e9rkez\u0151 g\u00e1zsz\u00e1ll\u00edt\u00e1sok mennyis\u00e9ge. A Lengyelorsz\u00e1g, Szlov\u00e1kia \u00e9s Magyarorsz\u00e1g fel\u0151l Ukrajn\u00e1ba ir\u00e1nyul\u00f3 sz\u00e1ll\u00edt\u00e1sok is visszat\u00e9rtek a norm\u00e1lis szintre.<br \/>\n       A br\u00fcsszeli tisztvisel\u0151 szerint Lengyelorsz\u00e1g a h\u00e9t v\u00e9g\u00e9n kevesebb g\u00e1zt kapott a Gazpromt\u00f3l a k\u00e9rtn\u00e9l, de ennek &#8222;technikai okai&#8221; voltak.(MTI)<\/p>\n","protected":false},"excerpt":{"rendered":"<p>Az oroszorsz\u00e1gi f\u00f6ldalatti t\u00e1roz\u00f3k felt\u00f6lt\u00e9se \u00e9s a Jamal-Eur\u00f3pa g\u00e1zvezet\u00e9k jav\u00edt\u00e1s\u00e1nak befejez\u00e9se miatt megy az eur\u00f3pai v\u00e1s\u00e1rl\u00f3k \u00e1ltal ig\u00e9nyeltn\u00e9l kevesebb orosz f\u00f6ldg\u00e1z Ukrajn\u00e1n \u00e9s Szlov\u00e1ki\u00e1n kereszt\u00fcl Eur\u00f3p\u00e1ba &#8211; k\u00f6z\u00f6lte h\u00e9tf\u0151n a Gazprom sz\u00f3viv\u0151je.<\/p>\n","protected":false},"author":1,"featured_media":0,"comment_status":"open","ping_status":"closed","sticky":false,"template":"","format":"standard","meta":[],"categories":[12],"tags":[],"_links":{"self":[{"href":"https:\/\/gazdasagportal.hu\/index.php\/wp-json\/wp\/v2\/posts\/44562"}],"collection":[{"href":"https:\/\/gazdasagportal.hu\/index.php\/wp-json\/wp\/v2\/posts"}],"about":[{"href":"https:\/\/gazdasagportal.hu\/index.php\/wp-json\/wp\/v2\/types\/post"}],"author":[{"embeddable":true,"href":"https:\/\/gazdasagportal.hu\/index.php\/wp-json\/wp\/v2\/users\/1"}],"replies":[{"embeddable":true,"href":"https:\/\/gazdasagportal.hu\/index.php\/wp-json\/wp\/v2\/comments?post=44562"}],"version-history":[{"count":1,"href":"https:\/\/gazdasagportal.hu\/index.php\/wp-json\/wp\/v2\/posts\/44562\/revisions"}],"predecessor-version":[{"id":44563,"href":"https:\/\/gazdasagportal.hu\/index.php\/wp-json\/wp\/v2\/posts\/44562\/revisions\/44563"}],"wp:attachment":[{"href":"https:\/\/gazdasagportal.hu\/index.php\/wp-json\/wp\/v2\/media?parent=44562"}],"wp:term":[{"taxonomy":"category","embeddable":true,"href":"https:\/\/gazdasagportal.hu\/index.php\/wp-json\/wp\/v2\/categories?post=44562"},{"taxonomy":"post_tag","embeddable":true,"href":"https:\/\/gazdasagportal.hu\/index.php\/wp-json\/wp\/v2\/tags?post=44562"}],"curies":[{"name":"wp","href":"https:\/\/api.w.org\/{rel}","templated":true}]}}