{"id":44556,"date":"2014-09-16T02:56:26","date_gmt":"2014-09-16T00:56:26","guid":{"rendered":"http:\/\/stockportal.hu\/?p=44556"},"modified":"2014-09-15T19:37:20","modified_gmt":"2014-09-15T17:37:20","slug":"az-eddig-vartnal-is-magasabban-tetozhet-ejszaka-a-mura","status":"publish","type":"post","link":"https:\/\/gazdasagportal.hu\/index.php\/az-eddig-vartnal-is-magasabban-tetozhet-ejszaka-a-mura\/","title":{"rendered":"Az eddig v\u00e1rtn\u00e1l is magasabban tet\u0151zhet \u00e9jszaka a Mura"},"content":{"rendered":"<p><strong>A kor\u00e1bban v\u00e1rtn\u00e1l magasabban, 555 centim\u00e9ter k\u00f6r\u00fcli rekord v\u00edz\u00e1ll\u00e1ssal tet\u0151zhet \u00e9jszaka a Mura Leteny\u00e9n\u00e9l &#8211; t\u00e1j\u00e9koztatta a Nyugat-dun\u00e1nt\u00fali V\u00edz\u00fcgyi Igazgat\u00f3s\u00e1g h\u00e9tf\u0151 este az MTI-t.<\/strong><!--more--><br \/>\n<div class=\"ads-in-post1\"><div id=\"gazdasagportal.hu_fullbanner_wideboard\"><\/div>\r\n<\/div>\n<p>    A Mura intenz\u00edv \u00e1rad\u00e1sa miatt v\u00e1ltozatlanul harmadfok\u00fa \u00e1rv\u00edzv\u00e9delmi k\u00e9sz\u00fclts\u00e9g van \u00e9rv\u00e9nyben a foly\u00f3n, amelynek v\u00edz\u00e1ll\u00e1sa 549 centim\u00e9ter volt 18 \u00f3rakor. A hidrol\u00f3gus szakemberek becsl\u00e9sei szerint a Mura Leteny\u00e9n\u00e9l rekord v\u00edz\u00e1ll\u00e1ssal, 555 centim\u00e9ter k\u00f6r\u00fcl tet\u0151zhet \u00e9jf\u00e9l k\u00f6r\u00fcl. Ezen a szakaszon 1972-ben m\u00e9rt\u00e9k az eddigi legnagyobb v\u00edz\u00e1ll\u00e1st, ami 514 centim\u00e9ter volt.<br \/>\n    A Nyugat-dun\u00e1nt\u00fali V\u00edz\u00fcgyi Igazgat\u00f3s\u00e1g nagy er\u0151ket csoportos\u00edtott \u00e1t a t\u00e9rs\u00e9gbe, az igazgat\u00f3s\u00e1g 25 munkat\u00e1rsa mellett m\u00e1s v\u00edz\u00fcgyi igazgat\u00f3s\u00e1gokt\u00f3l tov\u00e1bbi 100 \u00e9rkezett a murai \u00e1rv\u00edzi v\u00e9dekez\u00e9shez. A v\u00e9dekez\u00e9si munk\u00e1khoz 100 ezer homokzs\u00e1kot ig\u00e9nyeltek.<br \/>\n    Murar\u00e1tk\u00e1n, a k\u00f6rt\u00f6lt\u00e9s ment\u00e9n sz\u00fcks\u00e9gess\u00e9 v\u00e1lt ny\u00falg\u00e1t \u00e9p\u00edt\u00e9se, a t\u00f6lt\u00e9s meger\u0151s\u00edt\u00e9s\u00e9re 20 ezer homokzs\u00e1kot haszn\u00e1ltak fel. A megyei katasztr\u00f3fav\u00e9delem mellett \u00f6nk\u00e9ntesek, rend\u0151rhallgat\u00f3k is seg\u00edtenek a helysz\u00ednen, ahol \u00f6sszesen 120 ember vesz r\u00e9szt a munk\u00e1latokban.<br \/>\n    T\u00f3tszerdahelyen a Borsfai-patak jobb partj\u00e1n 400 m\u00e9ter hossz\u00fas\u00e1g\u00fa ny\u00falg\u00e1tat \u00e9p\u00edtenek. Folyamatos szivatty\u00faz\u00e1sra van sz\u00fcks\u00e9g Murakereszt\u00faron, Moln\u00e1riban, T\u00f3tszerdahely t\u00f6bb r\u00e9sz\u00e9n \u00e9s Murar\u00e1tk\u00e1n is.<br \/>\n(MTI)<\/p>\n","protected":false},"excerpt":{"rendered":"<p>A kor\u00e1bban v\u00e1rtn\u00e1l magasabban, 555 centim\u00e9ter k\u00f6r\u00fcli rekord v\u00edz\u00e1ll\u00e1ssal tet\u0151zhet \u00e9jszaka a Mura Leteny\u00e9n\u00e9l &#8211; t\u00e1j\u00e9koztatta a Nyugat-dun\u00e1nt\u00fali V\u00edz\u00fcgyi Igazgat\u00f3s\u00e1g h\u00e9tf\u0151 este az MTI-t.<\/p>\n","protected":false},"author":1,"featured_media":0,"comment_status":"open","ping_status":"closed","sticky":false,"template":"","format":"standard","meta":[],"categories":[4],"tags":[],"_links":{"self":[{"href":"https:\/\/gazdasagportal.hu\/index.php\/wp-json\/wp\/v2\/posts\/44556"}],"collection":[{"href":"https:\/\/gazdasagportal.hu\/index.php\/wp-json\/wp\/v2\/posts"}],"about":[{"href":"https:\/\/gazdasagportal.hu\/index.php\/wp-json\/wp\/v2\/types\/post"}],"author":[{"embeddable":true,"href":"https:\/\/gazdasagportal.hu\/index.php\/wp-json\/wp\/v2\/users\/1"}],"replies":[{"embeddable":true,"href":"https:\/\/gazdasagportal.hu\/index.php\/wp-json\/wp\/v2\/comments?post=44556"}],"version-history":[{"count":1,"href":"https:\/\/gazdasagportal.hu\/index.php\/wp-json\/wp\/v2\/posts\/44556\/revisions"}],"predecessor-version":[{"id":44557,"href":"https:\/\/gazdasagportal.hu\/index.php\/wp-json\/wp\/v2\/posts\/44556\/revisions\/44557"}],"wp:attachment":[{"href":"https:\/\/gazdasagportal.hu\/index.php\/wp-json\/wp\/v2\/media?parent=44556"}],"wp:term":[{"taxonomy":"category","embeddable":true,"href":"https:\/\/gazdasagportal.hu\/index.php\/wp-json\/wp\/v2\/categories?post=44556"},{"taxonomy":"post_tag","embeddable":true,"href":"https:\/\/gazdasagportal.hu\/index.php\/wp-json\/wp\/v2\/tags?post=44556"}],"curies":[{"name":"wp","href":"https:\/\/api.w.org\/{rel}","templated":true}]}}