{"id":44552,"date":"2014-09-16T03:22:33","date_gmt":"2014-09-16T01:22:33","guid":{"rendered":"http:\/\/stockportal.hu\/?p=44552"},"modified":"2014-09-15T19:35:08","modified_gmt":"2014-09-15T17:35:08","slug":"kedden-az-air-france-jaratainak-hatvan-szazaleka-nem-kozlekedik-a-sztrajk-miatt","status":"publish","type":"post","link":"https:\/\/gazdasagportal.hu\/index.php\/kedden-az-air-france-jaratainak-hatvan-szazaleka-nem-kozlekedik-a-sztrajk-miatt\/","title":{"rendered":"Kedden az Air France j\u00e1ratainak hatvan sz\u00e1zal\u00e9ka nem k\u00f6zlekedik a sztr\u00e1jk miatt"},"content":{"rendered":"<p><strong>M\u00edg h\u00e9tf\u0151n az Air France g\u00e9peinek a fele nem sz\u00e1ll fel a pil\u00f3t\u00e1k sztr\u00e1jkja miatt, kedden m\u00e1r hatvan sz\u00e1zal\u00e9kos lesz ez az ar\u00e1ny &#8211; k\u00f6z\u00f6lte a francia l\u00e9git\u00e1rsas\u00e1g, miut\u00e1n holtpontra jutottak a t\u00e1rgyal\u00e1sok a szakszervezetekkel<\/strong><!--more--><br \/>\n<div class=\"ads-in-post1\"><div id=\"gazdasagportal.hu_fullbanner_wideboard\"><\/div>\r\n<\/div>\n<p>    A legjelent\u0151sebb francia rep\u00fcl\u0151t\u00e9ren, a p\u00e1rizsi Roissy &#8211; Charles de Gaulle-on a tervezett 500 j\u00e1ratb\u00f3l 212-t t\u00f6r\u00f6ltek h\u00e9tf\u0151n, az Orlyn pedig 140-b\u0151l 64-et. A termin\u00e1lokon azonban nem volt k\u00e1osz, szinte kihalt volt mindegyik francia rep\u00fcl\u0151t\u00e9r, miut\u00e1n a k\u00e9s\u00e9sek \u00e9s a fennakad\u00e1sok elker\u00fcl\u00e9s\u00e9re a l\u00e9git\u00e1rsas\u00e1g el\u0151zetesen t\u00f6r\u00f6lte t\u00f6bb j\u00e1rat\u00e1t, \u00e9s arr\u00f3l szem\u00e9lyesen t\u00e1j\u00e9koztatta az \u00e9rintett utasokat (a h\u00e9tv\u00e9g\u00e9n 65 ezer SMS-t k\u00fcldtek sz\u00e9t), arra k\u00e9rve \u0151ket, hogy halassz\u00e1k el az \u00fatjukat, ingyenesen v\u00e1lts\u00e1k vissza vagy cser\u00e9lj\u00e9k \u00e1t k\u00e9s\u0151bbi id\u0151pontra a jegyeiket.<br \/>\n    Kedden tov\u00e1bb romolhat a helyzet, miut\u00e1n a t\u00e1rgyal\u00e1sok h\u00e9tf\u0151n holtpontra jutottak a szakszervezetekkel. A l\u00e9git\u00e1rsas\u00e1g keddre el\u0151zetesen a j\u00e1ratok 60 sz\u00e1zal\u00e9k\u00e1t t\u00f6r\u00f6lte, mert arra sz\u00e1m\u00edt, hogy a pil\u00f3t\u00e1k 60 sz\u00e1zal\u00e9ka nem fogja felvenni a munk\u00e1t.<br \/>\n    A pil\u00f3t\u00e1k t\u00f6bbs\u00e9gi szakszervezete, az SNPL szeptember 15. \u00e9s 22. k\u00f6z\u00f6ttre hirdetett sztr\u00e1jkot, a m\u00e1sodik legjelent\u0151sebb szakszervezet, a SPAF pedig szeptember 15. \u00e9s 18. k\u00f6z\u00f6tt sz\u00f3l\u00edt fel munkabesz\u00fcntet\u00e9sre.<br \/>\n    Alexandre de Juniac, az Air France-KLM eln\u00f6ke h\u00e9tf\u0151n jelezte, hogy a sztr\u00e1jk vesz\u00e9lyezteti, hogy a francia l\u00e9git\u00e1rsas\u00e1g ism\u00e9t nyeres\u00e9gess\u00e9 v\u00e1ljon.<br \/>\n    &#8222;Az Air France nyeres\u00e9ges lehetne id\u00e9n, ha a sztr\u00e1jk nem vesz\u00e9lyeztetn\u00e9 az er\u0151fesz\u00edt\u00e9seket&#8221; &#8211; fogalmazott a francia-holland k\u00f6z\u00f6s v\u00e1llalat vezet\u0151je.<br \/>\n    A tavalyi \u00e9vet az Air France-KLM 130 milli\u00f3 eur\u00f3s nyeres\u00e9ggel z\u00e1rta, a 2012-es \u00e9v ut\u00e1n, amikoris 336 milli\u00f3 eur\u00f3s vesztes\u00e9get k\u00f6nyveltek el. A j\u00f3 eredm\u00e9nyek azonban a holland c\u00e9gnek k\u00f6sz\u00f6nhet\u0151k, a francia l\u00e9git\u00e1rsas\u00e1g m\u00e9g a tavalyi \u00e9vet is 174 milli\u00f3 eur\u00f3s vesztes\u00e9ggel z\u00e1rta.<br \/>\n    &#8222;Azt rem\u00e9lj\u00fck, hogy a t\u00e1rgyal\u00f3partnereink \u00e9szhez t\u00e9rnek. Javaslatokat tett\u00fcnk. Azt mondtuk, hogy folytatjuk a t\u00e1rgyal\u00e1st, de vegy\u00e9k fel a munk\u00e1t&#8221; &#8211; fogalmazott Juniac.<br \/>\n    Az Air France becsl\u00e9se szerint a munkabesz\u00fcntet\u00e9s napi 10-15 milli\u00f3 eur\u00f3 vesztes\u00e9get okoz a l\u00e9git\u00e1rsas\u00e1gnak, s mintegy 65 ezer utast \u00e9rint.<br \/>\n    A pil\u00f3t\u00e1kat az Air France fapados l\u00e9git\u00e1rsas\u00e1ga, a Transavia fejleszt\u00e9se aggasztja, ami miatt hetek \u00f3ta t\u00e1rgyal\u00e1sok folynak a szakszervezetek \u00e9s a vezet\u0151s\u00e9g k\u00f6z\u00f6tt.<br \/>\n    Az Air France j\u00f6v\u0151re jelent\u0151s fejleszt\u00e9seket tervez a fapados l\u00e9git\u00e1rsas\u00e1gn\u00e1l, \u00faj j\u00e1ratok \u00e9s b\u00e1zisok nyit\u00e1s\u00e1val, ahol helyi szerz\u0151d\u00e9sek alapj\u00e1n k\u00edv\u00e1nj\u00e1k a pil\u00f3t\u00e1kat foglalkoztatni. A szakszervezetek viszont azt k\u00f6vetelik, hogy az Air France-n\u00e1l \u00e9s a Transavi\u00e1n\u00e1l foglalkoztatott pil\u00f3t\u00e1knak egys\u00e9ges, francia munkaszerz\u0151d\u00e9se legyen. A vezet\u0151s\u00e9g szerint viszont a Transavi\u00e1n\u00e1l dolgoz\u00f3k szerz\u0151d\u00e9s\u00e9nek a fapados l\u00e9git\u00e1rsas\u00e1g m\u0171k\u00f6d\u00e9si felt\u00e9teleihez kell alkalmazkodnia.<br \/>\n    Az Air France j\u00e1ratai k\u00f6z\u00fcl a menetrend szerint Budapestr\u0151l 6 \u00f3ra 50 perckor, 10 \u00f3ra 10 perckor \u00e9s 15 \u00f3ra 50 perckor indul\u00f3, \u00e9s a 9 \u00f3ra 25 perckor, illetve 22 \u00f3ra 30 perckor ide \u00e9rkez\u0151t t\u00f6r\u00f6lt\u00e9k a Budapest Airport honlapj\u00e1n k\u00f6zz\u00e9tett j\u00e1ratinform\u00e1ci\u00f3k szerint.(MTI)<\/p>\n","protected":false},"excerpt":{"rendered":"<p>M\u00edg h\u00e9tf\u0151n az Air France g\u00e9peinek a fele nem sz\u00e1ll fel a pil\u00f3t\u00e1k sztr\u00e1jkja miatt, kedden m\u00e1r hatvan sz\u00e1zal\u00e9kos lesz ez az ar\u00e1ny &#8211; k\u00f6z\u00f6lte a francia l\u00e9git\u00e1rsas\u00e1g, miut\u00e1n holtpontra jutottak a t\u00e1rgyal\u00e1sok a szakszervezetekkel<\/p>\n","protected":false},"author":1,"featured_media":0,"comment_status":"open","ping_status":"closed","sticky":false,"template":"","format":"standard","meta":[],"categories":[8],"tags":[],"_links":{"self":[{"href":"https:\/\/gazdasagportal.hu\/index.php\/wp-json\/wp\/v2\/posts\/44552"}],"collection":[{"href":"https:\/\/gazdasagportal.hu\/index.php\/wp-json\/wp\/v2\/posts"}],"about":[{"href":"https:\/\/gazdasagportal.hu\/index.php\/wp-json\/wp\/v2\/types\/post"}],"author":[{"embeddable":true,"href":"https:\/\/gazdasagportal.hu\/index.php\/wp-json\/wp\/v2\/users\/1"}],"replies":[{"embeddable":true,"href":"https:\/\/gazdasagportal.hu\/index.php\/wp-json\/wp\/v2\/comments?post=44552"}],"version-history":[{"count":1,"href":"https:\/\/gazdasagportal.hu\/index.php\/wp-json\/wp\/v2\/posts\/44552\/revisions"}],"predecessor-version":[{"id":44553,"href":"https:\/\/gazdasagportal.hu\/index.php\/wp-json\/wp\/v2\/posts\/44552\/revisions\/44553"}],"wp:attachment":[{"href":"https:\/\/gazdasagportal.hu\/index.php\/wp-json\/wp\/v2\/media?parent=44552"}],"wp:term":[{"taxonomy":"category","embeddable":true,"href":"https:\/\/gazdasagportal.hu\/index.php\/wp-json\/wp\/v2\/categories?post=44552"},{"taxonomy":"post_tag","embeddable":true,"href":"https:\/\/gazdasagportal.hu\/index.php\/wp-json\/wp\/v2\/tags?post=44552"}],"curies":[{"name":"wp","href":"https:\/\/api.w.org\/{rel}","templated":true}]}}