{"id":44548,"date":"2014-09-16T02:44:57","date_gmt":"2014-09-16T00:44:57","guid":{"rendered":"http:\/\/stockportal.hu\/?p=44548"},"modified":"2014-09-15T17:32:49","modified_gmt":"2014-09-15T15:32:49","slug":"egyedulallo-gyemant-ekszert-mutattak-be-parizsban","status":"publish","type":"post","link":"https:\/\/gazdasagportal.hu\/index.php\/egyedulallo-gyemant-ekszert-mutattak-be-parizsban\/","title":{"rendered":"Egyed\u00fcl\u00e1ll\u00f3 gy\u00e9m\u00e1nt \u00e9kszert mutattak be P\u00e1rizsban"},"content":{"rendered":"<p><strong>Egyed\u00fcl\u00e1ll\u00f3 gy\u00e9m\u00e1nt \u00e9kszert, a vil\u00e1g minden bizonnyal leg\u00e9rt\u00e9kesebb bross\u00e1t mutatta be P\u00e1rizsban a Graff Diamonds \u00e9kszerh\u00e1z a r\u00e9gis\u00e9gkeresked\u0151k szeptember 21-ig tart\u00f3 bienn\u00e1l\u00e9j\u00e1n, amelyen 12 \u00e9v ut\u00e1n vesz r\u00e9szt \u00fajra.<\/strong><!--more--><br \/>\n<div class=\"ads-in-post1\"><div id=\"gazdasagportal.hu_fullbanner_wideboard\"><\/div>\r\n<\/div>\n<p>    A Royal Star of Paris nev\u0171 bross &#8211; amelyet f\u00fcgg\u0151k\u00e9nt is lehet viselni &#8211; k\u00e9t, egyenk\u00e9nt is sz\u00e1zkar\u00e1tos gy\u00e9m\u00e1ntb\u00f3l \u00e1ll. A sz\u00e1z kar\u00e1t feletti csiszolt gy\u00e9m\u00e1ntok rendk\u00edv\u00fcl ritk\u00e1k, az pedig m\u00e9g ink\u00e1bb, hogy egy \u00e9kszerhez kett\u0151t is felhaszn\u00e1lnak &#8211; eml\u00e9keztettek szak\u00e9rt\u0151k.<br \/>\n    A mellt\u0171 k\u00f6zponti eleme a 107,46 kar\u00e1tos Graff Sunflower, egy p\u00e1rnacsiszol\u00e1s\u00fa fant\u00e1zia s\u00e1rga gy\u00e9m\u00e1nt, amelyet f\u00fcgg\u0151k\u00e9nt a sz\u00e1zkar\u00e1tos, k\u00f6rte csiszol\u00e1s\u00fa, sz\u00edn\u00e9t tekintve k\u00fcl\u00f6nlegesen feh\u00e9r, tisztas\u00e1g\u00e1t n\u00e9zve pedig t\u00f6k\u00e9letes Graff Perfection eg\u00e9sz\u00edt ki. Az \u00e9kszert kisebb m\u00e9ret\u0171 gy\u00e9m\u00e1ntok is d\u00edsz\u00edtik, \u00edgy teljes s\u00falya 271,33 kar\u00e1t.<br \/>\n    Laurence Graff, a nev\u00e9t visel\u0151 \u00e9kszerh\u00e1z alap\u00edt\u00f3ja \u00e9s eln\u00f6ke szerint egyed\u00fcl\u00e1ll\u00f3, hogy k\u00e9t kiv\u00e1l\u00f3 min\u0151s\u00e9g\u0171 \u00e9s legal\u00e1bb sz\u00e1zkar\u00e1tos gy\u00e9m\u00e1ntot haszn\u00e1ltak fel egy \u00e9kszerhez.<br \/>\n    A londoni sz\u00e9khely\u0171 c\u00e9g egy m\u00e1sik igen \u00e9rt\u00e9kes darabot is bemutatott a Grand Palais-ban zajl\u00f3 bienn\u00e1l\u00e9n. A Le Collier Bleu de Reve nev\u0171 gy\u00e9m\u00e1nt nyak\u00e9ket egy 10,47 kar\u00e1tos \u00e9l\u00e9nk fant\u00e1zia k\u00e9k, bel\u00fcl t\u00f6k\u00e9letes brili\u00e1ns d\u00edsz\u00edti. A dr\u00e1gak\u00f6vet az \u00e9kszerh\u00e1z a vil\u00e1g egyik legritk\u00e1bb \u00e9s legkiv\u00e1l\u00f3bb k\u00e9k gy\u00e9m\u00e1ntj\u00e1nak nevezte. A l\u00e1nc m\u00e1sik kiemelked\u0151 k\u00f6ve egy sz\u00edn\u00e9t \u00e9s tisztas\u00e1g\u00e1t tekintve p\u00e1ratlannak \u00edt\u00e9lt 4,22 kar\u00e1tos kolumbiai smaragd.<br \/>\n    Szint\u00e9n a Graff \u00e9kszer\u00e9szeinek munk\u00e1j\u00e1t dics\u00e9ri a La Biennale Suite nev\u0171 szett. A burmai galambv\u00e9r v\u00f6r\u00f6s rubinokb\u00f3l \u00e9s feh\u00e9r gy\u00e9m\u00e1ntokb\u00f3l k\u00e9sz\u00fclt egy\u00fcttes nyakl\u00e1ncb\u00f3l, f\u00fclbeval\u00f3b\u00f3l \u00e9s kark\u00f6t\u0151b\u0151l \u00e1ll.<br \/>\n    Sz\u00f3 szerint mesebeli a riv\u00e1lis Van Cleef &#038; Arpels \u00e9kszerh\u00e1z bienn\u00e1l\u00e9ra k\u00e9sz\u00fclt kollekci\u00f3ja, amely a Szam\u00e1rb\u0151r c\u00edm\u0171 mes\u00e9t eleven\u00edti fel gy\u00e9m\u00e1ntb\u00f3l \u00e9s m\u00e1s dr\u00e1gak\u00f6vekb\u0151l k\u00e9sz\u00fclt ritkas\u00e1gaival, t\u00f6bbek k\u00f6zt egy r\u00f3zsasz\u00edn, b\u00edbor \u00e9s k\u00e9k zaf\u00edrokkal kirakott, valamint feh\u00e9r gy\u00e9m\u00e1ntokkal d\u00edsz\u00edtett brossal.(MTI)<br \/>\n    (Forr\u00e1s: http:\/\/www.forbes.com\/sites\/anthonydemarco\/2014\/09\/13\/graff-unveils-biennale-collection-led-by-two-statement-jewels\/<br \/>\nhttp:\/\/www.thejewelleryeditor.com\/2014\/07\/biennale-des-antiquaries-graff-diamonds-previews-royal-star-of-paris-brooch-with-a-107-carat-yellow-diamond\/<br \/>\nhttp:\/\/www.thejewelleryeditor.com\/2014\/07\/biennale-paris-van-cleef-arpels-peau-d-ane-high-jewellery\/)<\/p>\n","protected":false},"excerpt":{"rendered":"<p>Egyed\u00fcl\u00e1ll\u00f3 gy\u00e9m\u00e1nt \u00e9kszert, a vil\u00e1g minden bizonnyal leg\u00e9rt\u00e9kesebb bross\u00e1t mutatta be P\u00e1rizsban a Graff Diamonds \u00e9kszerh\u00e1z a r\u00e9gis\u00e9gkeresked\u0151k szeptember 21-ig tart\u00f3 bienn\u00e1l\u00e9j\u00e1n, amelyen 12 \u00e9v ut\u00e1n vesz r\u00e9szt \u00fajra.<\/p>\n","protected":false},"author":1,"featured_media":0,"comment_status":"open","ping_status":"closed","sticky":false,"template":"","format":"standard","meta":[],"categories":[19],"tags":[],"_links":{"self":[{"href":"https:\/\/gazdasagportal.hu\/index.php\/wp-json\/wp\/v2\/posts\/44548"}],"collection":[{"href":"https:\/\/gazdasagportal.hu\/index.php\/wp-json\/wp\/v2\/posts"}],"about":[{"href":"https:\/\/gazdasagportal.hu\/index.php\/wp-json\/wp\/v2\/types\/post"}],"author":[{"embeddable":true,"href":"https:\/\/gazdasagportal.hu\/index.php\/wp-json\/wp\/v2\/users\/1"}],"replies":[{"embeddable":true,"href":"https:\/\/gazdasagportal.hu\/index.php\/wp-json\/wp\/v2\/comments?post=44548"}],"version-history":[{"count":1,"href":"https:\/\/gazdasagportal.hu\/index.php\/wp-json\/wp\/v2\/posts\/44548\/revisions"}],"predecessor-version":[{"id":44549,"href":"https:\/\/gazdasagportal.hu\/index.php\/wp-json\/wp\/v2\/posts\/44548\/revisions\/44549"}],"wp:attachment":[{"href":"https:\/\/gazdasagportal.hu\/index.php\/wp-json\/wp\/v2\/media?parent=44548"}],"wp:term":[{"taxonomy":"category","embeddable":true,"href":"https:\/\/gazdasagportal.hu\/index.php\/wp-json\/wp\/v2\/categories?post=44548"},{"taxonomy":"post_tag","embeddable":true,"href":"https:\/\/gazdasagportal.hu\/index.php\/wp-json\/wp\/v2\/tags?post=44548"}],"curies":[{"name":"wp","href":"https:\/\/api.w.org\/{rel}","templated":true}]}}