{"id":44542,"date":"2014-09-15T19:10:53","date_gmt":"2014-09-15T17:10:53","guid":{"rendered":"http:\/\/stockportal.hu\/?p=44542"},"modified":"2014-09-15T17:11:44","modified_gmt":"2014-09-15T15:11:44","slug":"nott-az-euroovezet-kulkereskedelmi-tobblete-juliusban","status":"publish","type":"post","link":"https:\/\/gazdasagportal.hu\/index.php\/nott-az-euroovezet-kulkereskedelmi-tobblete-juliusban\/","title":{"rendered":"N\u0151tt az eur\u00f3\u00f6vezet k\u00fclkereskedelmi t\u00f6bblete j\u00faliusban"},"content":{"rendered":"<p><strong>J\u00faliusban n\u0151tt az eur\u00f3\u00f6vezet k\u00fclkereskedelmi t\u00f6bblete, de cs\u00f6kkent az Eur\u00f3pai Uni\u00f3\u00e9 \u00e9ves \u00f6sszevet\u00e9sben &#8211; k\u00f6z\u00f6lte h\u00e9tf\u0151n az Eur\u00f3pai Uni\u00f3 statisztikai hivatala, az Eurostat.<\/strong><!--more--><br \/>\n<div class=\"ads-in-post1\"><div id=\"gazdasagportal.hu_fullbanner_wideboard\"><\/div>\r\n<\/div>\n<p>    Az els\u0151 becsl\u00e9s alapj\u00e1n az eur\u00f3\u00f6vezet 18 tag\u00e1llam\u00e1nak k\u00fclkereskedelmi m\u00e9rlege az id\u00e9n j\u00faliusban 21,2 milli\u00e1rd eur\u00f3 t\u00f6bbletet mutatott, szemben az egy \u00e9vvel kor\u00e1bbi 18 milli\u00e1rd eur\u00f3val. Az export 3 sz\u00e1zal\u00e9kkal, az import 1 sz\u00e1zal\u00e9kkal n\u0151tt tavaly j\u00faliushoz k\u00e9pest.<br \/>\n    A 28 tag\u00fa Eur\u00f3pai Uni\u00f3 j\u00faliusi k\u00fclkereskedelmi m\u00e9rlege az el\u0151zetes adatok szerint 1,7 milli\u00e1rd eur\u00f3 t\u00f6bbletet mutatott az egy \u00e9vvel kor\u00e1bbi 10,8 milli\u00e1rd eur\u00f3s akt\u00edvummal szemben. J\u00faliusban az export az egy \u00e9vvel kor\u00e1bbihoz k\u00e9pest 0,3 sz\u00e1zal\u00e9kkal cs\u00f6kkent, m\u00edg az import 2,3 sz\u00e1zal\u00e9kkal n\u0151tt.<br \/>\n    Az Eur\u00f3pai Uni\u00f3 k\u00fclkereskedelmi hi\u00e1nya az idei els\u0151 hat h\u00f3napban 45,3 milli\u00e1rd eur\u00f3ra n\u0151tt Oroszorsz\u00e1ggal szemben az egy \u00e9vvel kor\u00e1bbi 44,4 milli\u00e1rd eur\u00f3r\u00f3l. (J\u00faliusi adat m\u00e9g nem \u00e1ll rendelkez\u00e9sre.) A hat h\u00f3napban az EU exportja 13 sz\u00e1zal\u00e9kkal cs\u00f6kkent Oroszorsz\u00e1gb\u00f3l, ahonnan az import 6 sz\u00e1zal\u00e9kkal m\u00e9rs\u00e9kl\u0151d\u00f6tt \u00e9ves \u00f6sszevet\u00e9sben.(MTI)<\/p>\n","protected":false},"excerpt":{"rendered":"<p>J\u00faliusban n\u0151tt az eur\u00f3\u00f6vezet k\u00fclkereskedelmi t\u00f6bblete, de cs\u00f6kkent az Eur\u00f3pai Uni\u00f3\u00e9 \u00e9ves \u00f6sszevet\u00e9sben &#8211; k\u00f6z\u00f6lte h\u00e9tf\u0151n az Eur\u00f3pai Uni\u00f3 statisztikai hivatala, az Eurostat.<\/p>\n","protected":false},"author":1,"featured_media":0,"comment_status":"open","ping_status":"closed","sticky":false,"template":"","format":"standard","meta":[],"categories":[12],"tags":[],"_links":{"self":[{"href":"https:\/\/gazdasagportal.hu\/index.php\/wp-json\/wp\/v2\/posts\/44542"}],"collection":[{"href":"https:\/\/gazdasagportal.hu\/index.php\/wp-json\/wp\/v2\/posts"}],"about":[{"href":"https:\/\/gazdasagportal.hu\/index.php\/wp-json\/wp\/v2\/types\/post"}],"author":[{"embeddable":true,"href":"https:\/\/gazdasagportal.hu\/index.php\/wp-json\/wp\/v2\/users\/1"}],"replies":[{"embeddable":true,"href":"https:\/\/gazdasagportal.hu\/index.php\/wp-json\/wp\/v2\/comments?post=44542"}],"version-history":[{"count":1,"href":"https:\/\/gazdasagportal.hu\/index.php\/wp-json\/wp\/v2\/posts\/44542\/revisions"}],"predecessor-version":[{"id":44543,"href":"https:\/\/gazdasagportal.hu\/index.php\/wp-json\/wp\/v2\/posts\/44542\/revisions\/44543"}],"wp:attachment":[{"href":"https:\/\/gazdasagportal.hu\/index.php\/wp-json\/wp\/v2\/media?parent=44542"}],"wp:term":[{"taxonomy":"category","embeddable":true,"href":"https:\/\/gazdasagportal.hu\/index.php\/wp-json\/wp\/v2\/categories?post=44542"},{"taxonomy":"post_tag","embeddable":true,"href":"https:\/\/gazdasagportal.hu\/index.php\/wp-json\/wp\/v2\/tags?post=44542"}],"curies":[{"name":"wp","href":"https:\/\/api.w.org\/{rel}","templated":true}]}}