{"id":44538,"date":"2014-09-15T18:38:13","date_gmt":"2014-09-15T16:38:13","guid":{"rendered":"http:\/\/stockportal.hu\/?p=44538"},"modified":"2014-09-15T17:08:57","modified_gmt":"2014-09-15T15:08:57","slug":"tomeges-elbocsatas-a-liberation-cimu-francia-napilapnal","status":"publish","type":"post","link":"https:\/\/gazdasagportal.hu\/index.php\/tomeges-elbocsatas-a-liberation-cimu-francia-napilapnal\/","title":{"rendered":"T\u00f6meges elbocs\u00e1t\u00e1s a Lib\u00e9ration c\u00edm\u0171 francia napilapn\u00e1l"},"content":{"rendered":"<p><strong>A Lib\u00e9ration c\u00edm\u0171 francia napilap vezet\u0151s\u00e9ge h\u00e9tf\u0151n bejelentette, hogy 93 munkahely megsz\u00fcntet\u00e9s\u00e9re k\u00e9sz\u00fcl a 250 f\u0151t (k\u00f6zt\u00fck 180 \u00fajs\u00e1g\u00edr\u00f3t) foglalkoztat\u00f3 szerkeszt\u0151s\u00e9gben.<\/strong><!--more--><br \/>\n<div class=\"ads-in-post1\"><div id=\"gazdasagportal.hu_fullbanner_wideboard\"><\/div>\r\n<\/div>\n<p>    A lap t\u00f6rt\u00e9net\u00e9ben legjelent\u0151sebb t\u00f6meges l\u00e9tsz\u00e1mle\u00e9p\u00edt\u00e9s c\u00e9lja, hogy a Lib\u00e9ration nyomtatott v\u00e1ltozat\u00e1t \u00e9s internetes szerkeszt\u0151s\u00e9g\u00e9t \u00f6sszevonj\u00e1k, s ott \u00f6sszesen 130-an dolgozzanak &#8211; \u00edrta k\u00f6zlem\u00e9ny\u00e9ben Laurent Joffrin lapigazgat\u00f3. Ebb\u0151l arra lehet k\u00f6vetkeztetni, hogy a szerkeszt\u0151s\u00e9gben 50 \u00fajs\u00e1g\u00edr\u00f3i munkahely sz\u0171nik meg. A lapn\u00e1l m\u00e1r augusztus 1-j\u00e9t\u0151l lehet\u0151s\u00e9g van jelentkezni az \u00f6nk\u00e9ntesen t\u00e1voz\u00f3k k\u00f6z\u00e9, de eddig csak tucatnyian iratkoztak fel. Ez a lehet\u0151s\u00e9g november 30-ig \u00e1ll a munkat\u00e1rsak rendelkez\u00e9s\u00e9re.<br \/>\n    &#8222;A sajt\u00f3v\u00e1ls\u00e1g, amely kegyetlen\u00fcl s\u00fajtja a napilapokat, arra k\u00e9sztet minket, hogy a l\u00e9tsz\u00e1munkat mi is cs\u00f6kkents\u00fck, ahogy azt a legt\u00f6bb \u00fajs\u00e1g teszi Franciaorsz\u00e1gban \u00e9s a vil\u00e1gban is&#8221; &#8211; indokolta a d\u00f6nt\u00e9st a lapigazgat\u00f3. Azt is bejelentette, hogy az \u00fajs\u00e1g honlapja hamarosan meg\u00fajul az \u00faj, 130 f\u0151s szerkeszt\u0151s\u00e9ggel, amelynek tagjai a nyomtatott \u00e9s az internetes v\u00e1ltozat sz\u00e1m\u00e1ra is dolgozni fognak.<br \/>\n    A nyomtatott lap teljes tartalma el\u00e9rhet\u0151 lesz ezent\u00fal a vil\u00e1gh\u00e1l\u00f3n fizet\u0151s form\u00e1ban. A pap\u00edrv\u00e1ltozat teljesen meg fog \u00fajulni 2015 elej\u00e9n, \u00fajfajta mell\u00e9kleteket \u00e9s internetes f\u00f3rumokat is ind\u00edt a szerkeszt\u0151s\u00e9g, amely a k\u00f6lts\u00e9gcs\u00f6kkent\u00e9s \u00e9rdek\u00e9ben kik\u00f6lt\u00f6zik a belv\u00e1rosi sz\u00e9kh\u00e1z\u00e1b\u00f3l.<br \/>\n    &#8222;A l\u00e9tsz\u00e1mcs\u00f6kkent\u00e9snek 2015 v\u00e9g\u00e9re nyeres\u00e9gess\u00e9 kell tennie minket. A lap f\u00fcggetlens\u00e9ge a t\u00e9t&#8221; &#8211; hangs\u00falyozta Joffrin.<br \/>\n    A Jean-Paul Sartre filoz\u00f3fus \u00e9s a lapot 2006-ig igazgat\u00f3 Serge July \u00e1ltal 1973-ban alap\u00edtott, baloldali elk\u00f6telezetts\u00e9g\u0171 \u00e9s antikapitalista Lib\u00e9ration 2001-ben m\u00e9g napi 174 ezer, tavaly viszont m\u00e1r csak 101 ezer p\u00e9ld\u00e1nyban jelent meg. A cs\u0151d k\u00f6zeli helyzetbe ker\u00fclt szerkeszt\u0151s\u00e9get j\u00falius v\u00e9g\u00e9n 18 milli\u00f3 eur\u00f3val t\u0151k\u00e9s\u00edtette fel Patrick Drahi francia milli\u00e1rdos, az Altice-csoport tulajdonosa.(MTI)<\/p>\n","protected":false},"excerpt":{"rendered":"<p>A Lib\u00e9ration c\u00edm\u0171 francia napilap vezet\u0151s\u00e9ge h\u00e9tf\u0151n bejelentette, hogy 93 munkahely megsz\u00fcntet\u00e9s\u00e9re k\u00e9sz\u00fcl a 250 f\u0151t (k\u00f6zt\u00fck 180 \u00fajs\u00e1g\u00edr\u00f3t) foglalkoztat\u00f3 szerkeszt\u0151s\u00e9gben.<\/p>\n","protected":false},"author":1,"featured_media":0,"comment_status":"open","ping_status":"closed","sticky":false,"template":"","format":"standard","meta":[],"categories":[12],"tags":[],"_links":{"self":[{"href":"https:\/\/gazdasagportal.hu\/index.php\/wp-json\/wp\/v2\/posts\/44538"}],"collection":[{"href":"https:\/\/gazdasagportal.hu\/index.php\/wp-json\/wp\/v2\/posts"}],"about":[{"href":"https:\/\/gazdasagportal.hu\/index.php\/wp-json\/wp\/v2\/types\/post"}],"author":[{"embeddable":true,"href":"https:\/\/gazdasagportal.hu\/index.php\/wp-json\/wp\/v2\/users\/1"}],"replies":[{"embeddable":true,"href":"https:\/\/gazdasagportal.hu\/index.php\/wp-json\/wp\/v2\/comments?post=44538"}],"version-history":[{"count":1,"href":"https:\/\/gazdasagportal.hu\/index.php\/wp-json\/wp\/v2\/posts\/44538\/revisions"}],"predecessor-version":[{"id":44539,"href":"https:\/\/gazdasagportal.hu\/index.php\/wp-json\/wp\/v2\/posts\/44538\/revisions\/44539"}],"wp:attachment":[{"href":"https:\/\/gazdasagportal.hu\/index.php\/wp-json\/wp\/v2\/media?parent=44538"}],"wp:term":[{"taxonomy":"category","embeddable":true,"href":"https:\/\/gazdasagportal.hu\/index.php\/wp-json\/wp\/v2\/categories?post=44538"},{"taxonomy":"post_tag","embeddable":true,"href":"https:\/\/gazdasagportal.hu\/index.php\/wp-json\/wp\/v2\/tags?post=44538"}],"curies":[{"name":"wp","href":"https:\/\/api.w.org\/{rel}","templated":true}]}}