{"id":445,"date":"2013-01-18T21:48:25","date_gmt":"2013-01-18T20:48:25","guid":{"rendered":"http:\/\/stockportal.hu\/?p=445"},"modified":"2013-01-20T22:55:18","modified_gmt":"2013-01-20T21:55:18","slug":"algeriai-tuszejtes-washington-nem-alkuszik-terroristakkal","status":"publish","type":"post","link":"https:\/\/gazdasagportal.hu\/index.php\/algeriai-tuszejtes-washington-nem-alkuszik-terroristakkal\/","title":{"rendered":"Alg\u00e9riai t\u00faszejt\u00e9s &#8211; Washington nem alkuszik terrorist\u00e1kkal"},"content":{"rendered":"<p><strong>Az Egyes\u00fclt \u00c1llamok nem alkuszik terrorist\u00e1kkal &#8211; sz\u00f6gezte le p\u00e9nteken az amerikai k\u00fcl\u00fcgyminiszt\u00e9rium sz\u00f3viv\u0151je, miut\u00e1n az alg\u00e9riai iszlamista t\u00faszejt\u0151k fogolycser\u00e9t aj\u00e1nlottak Washingtonnak.<!--more--><\/strong><\/p>\n<p>&#8222;Az Egyes\u00fclt \u00c1llamok terrorist\u00e1kkal nem t\u00e1rgyal &#8211; jelentette ki az amerikai f\u0151v\u00e1rosban Victoria Nuland sz\u00f3viv\u0151, aki az \u00fcggyel kapcsolatban nem bocs\u00e1tkozott tov\u00e1bbi r\u00e9szletekbe.<br \/>\nArr\u00f3l viszont besz\u00e1molt, hogy Hillary Clinton k\u00fcl\u00fcgyminiszter p\u00e9nteken &#8211; ez\u00fattal harmadszor &#8211; telefonos megbesz\u00e9l\u00e9st folytatott\u00a0\u00a0Abdelmalek Sellal alg\u00e9riai minisztereln\u00f6kkel arr\u00f3l, hogy a k\u00e9t korm\u00e1ny mik\u00e9pp koordin\u00e1lja er\u0151fesz\u00edt\u00e9seit a &#8222;rendk\u00edv\u00fcl cseppfoly\u00f3s&#8221; helyzetben.<br \/>\nVictoria Nuland elismerte, hogy m\u00e9g mindig vannak amerikaiak az iszlamista fegyveresek fogs\u00e1g\u00e1ban, de ezek sz\u00e1m\u00e1t nem nevezte meg. A nap folyam\u00e1n kor\u00e1bban egy, a neve lehallgat\u00e1s\u00e1t k\u00e9r\u0151 amerikai korm\u00e1nyzati tiszts\u00e9gvisel\u0151 arr\u00f3l sz\u00e1molt be, hogy p\u00e9nteken az Egyes\u00fclt \u00c1llamok t\u00f6bb \u00e1llampolg\u00e1r\u00e1t, k\u00f6zt\u00fck olyanokat, akik k\u00f6nnyebb sebes\u00fcl\u00e9seket szenvedtek, egy C-130-as rep\u00fcl\u0151g\u00e9pen egy Eur\u00f3p\u00e1ban tal\u00e1lhat\u00f3 amerikai objektumra sz\u00e1ll\u00edtottak.<br \/>\nA megt\u00e1madott g\u00e1zkitermel\u0151 telepet \u00fczemeltet\u0151 BP egy tov\u00e1bbi amerikait, t\u00f6bb m\u00e1s k\u00fclf\u00f6ldi munk\u00e1ssal egy\u00fctt, Mallorc\u00e1n kereszt\u00fcl Londonba menek\u00edtett.<br \/>\n&#8222;A terrorist\u00e1knak tudat\u00e1ban kell lenni\u00fck annak, hogy nem lesz sem b\u00fav\u00f3hely\u00fck, sem mened\u00e9k\u00fck sem Alg\u00e9ri\u00e1ban, sem \u00c9szak-Afrik\u00e1ban, sem m\u00e1shol&#8221; &#8211; jelentette ki p\u00e9nteken Londonban Leon Panetta amerikai v\u00e9delmi miniszter.<br \/>\nVictoria Nuland t\u00e1j\u00e9koztat\u00e1sa szerint Washington folytatja az egy\u00fcttm\u0171k\u00f6d\u00e9st az alg\u00e9riai korm\u00e1nnyal \u00e9s m\u00e1s \u00e9rintett \u00e1llammal a probl\u00e9ma megold\u00e1sa \u00e9rdek\u00e9ben. Szavai szerint a f\u0151 figyelem most mindenki r\u00e9sz\u00e9r\u0151l a m\u00e9g a terrorist\u00e1k kez\u00e9n maradt foglyokra \u00e9s a t\u00faszejt\u0151k ellen folytat\u00f3d\u00f3 m\u0171veletre ir\u00e1nyul.<br \/>\nEgy amerikai tiszts\u00e9gvisel\u0151 a CNN-nek nyilatkozva ugyanakkor kijelentette, hogy Washington nem b\u00edzik meg Alg\u00edrban, ahol az egyik nyilatkozatban emlegetett adatok ellent\u00e9tben \u00e1llnak a m\u00e1sikkal.<br \/>\nAz alg\u00e9riai terrorist\u00e1k amerikai t\u00faszaik szabadon enged\u00e9s\u00e9\u00e9rt k\u00e9t, az Egyes\u00fclt \u00c1llamokban beb\u00f6rt\u00f6nz\u00f6tt iszlamista elenged\u00e9s\u00e9t k\u00f6vetelt\u00e9k. Egyik\u00fck az egyiptomi Om\u00e1r Abdelrahm\u00e1n, &#8222;a vak sejk&#8221;, akit 1995-ben \u00edt\u00e9ltek \u00e9letfogytig tart\u00f3 b\u00f6rt\u00f6nb\u00fcntet\u00e9sre, mert mer\u00e9nyleteket tervelt ki New York-i c\u00e9lpontok \u00e9s Hoszni Mubarak akkori egyiptomi eln\u00f6k ellen. A m\u00e1sik Aafia Sziddiki pakiszt\u00e1ni tud\u00f3s, aki 2008-ban Afganiszt\u00e1nban r\u00e1 akart l\u0151ni amerikai katon\u00e1kra.<\/p>\n<p>Forr\u00e1s: MTI<\/p><div id=\"gazda-1986942344\" class=\"gazda-tartalomban gazda-entity-placement\"><script async src=\"https:\/\/pagead2.googlesyndication.com\/pagead\/js\/adsbygoogle.js\"><\/script>\r\n<ins class=\"adsbygoogle\"\r\n     style=\"display:block\"\r\n     data-ad-format=\"fluid\"\r\n     data-ad-layout-key=\"-6t+ed+2i-1n-4w\"\r\n     data-ad-client=\"ca-pub-1959107119989764\"\r\n     data-ad-slot=\"4008251320\"><\/ins>\r\n<script>\r\n     (adsbygoogle = window.adsbygoogle || []).push({});\r\n<\/script><\/div>\n","protected":false},"excerpt":{"rendered":"<p>Az Egyes\u00fclt \u00c1llamok nem alkuszik terrorist\u00e1kkal &#8211; sz\u00f6gezte le p\u00e9nteken az amerikai k\u00fcl\u00fcgyminiszt\u00e9rium sz\u00f3viv\u0151je, miut\u00e1n az alg\u00e9riai iszlamista t\u00faszejt\u0151k fogolycser\u00e9t aj\u00e1nlottak Washingtonnak.<\/p>\n","protected":false},"author":1,"featured_media":453,"comment_status":"closed","ping_status":"closed","sticky":false,"template":"","format":"standard","meta":[],"categories":[17,13],"tags":[],"_links":{"self":[{"href":"https:\/\/gazdasagportal.hu\/index.php\/wp-json\/wp\/v2\/posts\/445"}],"collection":[{"href":"https:\/\/gazdasagportal.hu\/index.php\/wp-json\/wp\/v2\/posts"}],"about":[{"href":"https:\/\/gazdasagportal.hu\/index.php\/wp-json\/wp\/v2\/types\/post"}],"author":[{"embeddable":true,"href":"https:\/\/gazdasagportal.hu\/index.php\/wp-json\/wp\/v2\/users\/1"}],"replies":[{"embeddable":true,"href":"https:\/\/gazdasagportal.hu\/index.php\/wp-json\/wp\/v2\/comments?post=445"}],"version-history":[{"count":6,"href":"https:\/\/gazdasagportal.hu\/index.php\/wp-json\/wp\/v2\/posts\/445\/revisions"}],"predecessor-version":[{"id":504,"href":"https:\/\/gazdasagportal.hu\/index.php\/wp-json\/wp\/v2\/posts\/445\/revisions\/504"}],"wp:featuredmedia":[{"embeddable":true,"href":"https:\/\/gazdasagportal.hu\/index.php\/wp-json\/wp\/v2\/media\/453"}],"wp:attachment":[{"href":"https:\/\/gazdasagportal.hu\/index.php\/wp-json\/wp\/v2\/media?parent=445"}],"wp:term":[{"taxonomy":"category","embeddable":true,"href":"https:\/\/gazdasagportal.hu\/index.php\/wp-json\/wp\/v2\/categories?post=445"},{"taxonomy":"post_tag","embeddable":true,"href":"https:\/\/gazdasagportal.hu\/index.php\/wp-json\/wp\/v2\/tags?post=445"}],"curies":[{"name":"wp","href":"https:\/\/api.w.org\/{rel}","templated":true}]}}