{"id":44379,"date":"2014-09-14T03:22:17","date_gmt":"2014-09-14T01:22:17","guid":{"rendered":"http:\/\/stockportal.hu\/?p=44379"},"modified":"2014-09-14T03:23:08","modified_gmt":"2014-09-14T01:23:08","slug":"egyiptomnak-kulcsszerep-jut-az-iszlam-allam-elleni-harcban","status":"publish","type":"post","link":"https:\/\/gazdasagportal.hu\/index.php\/egyiptomnak-kulcsszerep-jut-az-iszlam-allam-elleni-harcban\/","title":{"rendered":"Egyiptomnak kulcsszerep jut az Iszl\u00e1m \u00c1llam elleni harcban"},"content":{"rendered":"<p><strong>Egyiptomnak kulcsszerepet kell bet\u00f6ltenie az Iszl\u00e1m \u00c1llam (I\u00c1) dzsihadista szervezet elleni harcban &#8211; k\u00f6z\u00f6lte szombaton John Kerry amerikai k\u00fcl\u00fcgyminiszter Kair\u00f3ban.<\/strong><!--more--><br \/>\n<div class=\"ads-in-post1\"><div id=\"gazdasagportal.hu_fullbanner_wideboard\"><\/div>\r\n<\/div>\n<p>    Kerry egyiptomi koll\u00e9g\u00e1j\u00e1val, Sz\u00e1meh Sukrival k\u00f6z\u00f6sen tartott sajt\u00f3t\u00e1j\u00e9koztat\u00f3j\u00e1n hangs\u00falyozta Egyiptom vall\u00e1si \u00e9s kultur\u00e1lis jelent\u0151s\u00e9g\u00e9t a szunnita vil\u00e1gban, amelynek k\u00f6sz\u00f6nhet\u0151en Kair\u00f3 szerinte n\u00e9lk\u00fcl\u00f6zhetetlen szerepet j\u00e1tszik az I\u00c1 \u00e1ltal terjesztett &#8222;hamis iszl\u00e1mk\u00e9p&#8221; lek\u00fczd\u00e9s\u00e9ben.<br \/>\n    Egyiptom m\u00e1r kor\u00e1bban felt\u00e9tlen t\u00e1mogat\u00e1s\u00e1r\u00f3l biztos\u00edtotta a t\u00e9rs\u00e9gben er\u0151s\u00f6d\u0151 terror elleni nemzetk\u00f6zi \u00f6sszefog\u00e1st, az azonban, hogy abban milyen szerepet k\u00edv\u00e1n v\u00e1llalni, tov\u00e1bbra sem vil\u00e1gos.<br \/>\n    Sukri arra eml\u00e9keztetett, hogy a r\u00e9gi\u00f3 egy\u00e9b r\u00e9szein &#8211; p\u00e9ld\u00e1ul Egyiptomban &#8211; tev\u00e9keny iszlamista mil\u00edci\u00e1k osztj\u00e1k az I\u00c1 radik\u00e1lis vil\u00e1gk\u00e9p\u00e9t. Az egyiptomi diplom\u00e1cia vezet\u0151je szerint a jelenleg alakul\u00f3 nemzetk\u00f6zi terrorellenes frontnak c\u00e9lba kell vennie az \u00c9szak-Afrik\u00e1ban \u00e9s a K\u00f6zel-Keleten egyre er\u0151s\u00f6d\u0151 egy\u00e9b iszlamista f\u00e9lkatonai szervezeteket is.<br \/>\n    Kerry az egyiptomi f\u0151v\u00e1rosban tal\u00e1lkozott az Arab Liga f\u0151titk\u00e1r\u00e1val, Nab\u00edl el-Arabival \u00e9s Abdel-Fatt\u00e1h esz-Sz\u00edszi egyiptomi eln\u00f6kkel is, akikkel egyebek mellett a Sz\u00edria mintegy harmad\u00e1t \u00e9s Irak t\u00f6bb tartom\u00e1ny\u00e1t is uralma alatt tart\u00f3 I\u00c1 elleni k\u00f6z\u00f6s er\u0151fesz\u00edt\u00e9sekr\u0151l t\u00e1rgyalt.<br \/>\n    Egy cs\u00fct\u00f6rt\u00f6ki sza\u00fad-ar\u00e1biai tal\u00e1lkoz\u00f3 sor\u00e1n Kerry t\u00edz arab \u00e1llammal sz\u00f6vetkezett az I\u00c1 elleni &#8222;koordin\u00e1lt katonai hadj\u00e1rat&#8221; \u00e9rdek\u00e9ben. Sukri e t\u00e1rgyal\u00e1sokon felsz\u00f3lalva jelezte, hogy Kair\u00f3 m\u00e1r megind\u00edtotta terrorellenes hadm\u0171veleteit, m\u00e9ghozz\u00e1 az orsz\u00e1g hat\u00e1rain bel\u00fcl.<br \/>\n    Az iszlamista Mohamed Murszi eln\u00f6k tavaly j\u00faliusi elmozd\u00edt\u00e1sa \u00f3ta fokoz\u00f3dott a k\u00fcl\u00f6nb\u00f6z\u0151 sz\u00e9ls\u0151s\u00e9ges csoportok tev\u00e9kenys\u00e9ge az \u00e9szak-afrikai orsz\u00e1gban, amit tov\u00e1bb s\u00falyosb\u00edtott, hogy a politikai \u00e9s belbiztons\u00e1gi k\u00e1oszban \u0151rl\u0151d\u0151 szomsz\u00e9dos L\u00edbia hat\u00e1rain gyakorlatilag zavartalanul \u00e1ramlanak \u00e1t a fegyverek \u00e9s a fegyveresek.<br \/>\n    Sukri sz\u00edvesen l\u00e1tn\u00e1, ha Washington ezt elismerve feloldan\u00e1 a Kair\u00f3nak sz\u00e1nt amerikai katonai t\u00e1mogat\u00e1s befagyaszt\u00e1s\u00e1t, amit az Egyes\u00fclt \u00c1llamok az els\u0151 demokratikus \u00faton v\u00e1lasztott egyiptomi eln\u00f6k, Murszi megbuktat\u00e1s\u00e1t k\u00f6vet\u0151 v\u00e9res \u00f6sszecsap\u00e1sok \u00f3ta tart fenn. Egyebek mellett t\u00edz Apache t\u00edpus\u00fa harci helikopter k\u00e9sik lassan egy \u00e9ve, annak ellen\u00e9re, hogy Kerry &#8211; legut\u00f3bb &#8211; egy h\u00f3napja \u00edg\u00e9rte azok lesz\u00e1ll\u00edt\u00e1s\u00e1t.<br \/>\n    Kerry Kair\u00f3ba T\u00f6r\u00f6korsz\u00e1gb\u00f3l \u00e9rkezett, ahol a korm\u00e1ny t\u00e1mogat\u00e1s\u00e1t k\u00e9rte a I\u00c1 elleni hadj\u00e1ratban. Ankara egyel\u0151re nem engedi, hogy a katonai akci\u00f3 alatt t\u00f6r\u00f6korsz\u00e1gi rep\u00fcl\u0151terekr\u0151l ind\u00edtsanak t\u00e1mad\u00e1sokat a dzsihadist\u00e1k \u00e1ll\u00e1sai ellen. Az amerikai l\u00e9gier\u0151 augusztus eleje \u00f3ta mintegy 150 c\u00e9lpont ellen int\u00e9zett l\u00e9gicsap\u00e1sokat Irakon bel\u00fcl, most azonban a hadm\u0171veleteket ki akarj\u00e1k terjeszteni sz\u00edriai ter\u00fcletekre is.(MTI)<\/p>\n","protected":false},"excerpt":{"rendered":"<p>Egyiptomnak kulcsszerepet kell bet\u00f6ltenie az Iszl\u00e1m \u00c1llam (I\u00c1) dzsihadista szervezet elleni harcban &#8211; k\u00f6z\u00f6lte szombaton John Kerry amerikai k\u00fcl\u00fcgyminiszter Kair\u00f3ban.<\/p>\n","protected":false},"author":1,"featured_media":0,"comment_status":"open","ping_status":"closed","sticky":false,"template":"","format":"standard","meta":[],"categories":[16],"tags":[],"_links":{"self":[{"href":"https:\/\/gazdasagportal.hu\/index.php\/wp-json\/wp\/v2\/posts\/44379"}],"collection":[{"href":"https:\/\/gazdasagportal.hu\/index.php\/wp-json\/wp\/v2\/posts"}],"about":[{"href":"https:\/\/gazdasagportal.hu\/index.php\/wp-json\/wp\/v2\/types\/post"}],"author":[{"embeddable":true,"href":"https:\/\/gazdasagportal.hu\/index.php\/wp-json\/wp\/v2\/users\/1"}],"replies":[{"embeddable":true,"href":"https:\/\/gazdasagportal.hu\/index.php\/wp-json\/wp\/v2\/comments?post=44379"}],"version-history":[{"count":1,"href":"https:\/\/gazdasagportal.hu\/index.php\/wp-json\/wp\/v2\/posts\/44379\/revisions"}],"predecessor-version":[{"id":44380,"href":"https:\/\/gazdasagportal.hu\/index.php\/wp-json\/wp\/v2\/posts\/44379\/revisions\/44380"}],"wp:attachment":[{"href":"https:\/\/gazdasagportal.hu\/index.php\/wp-json\/wp\/v2\/media?parent=44379"}],"wp:term":[{"taxonomy":"category","embeddable":true,"href":"https:\/\/gazdasagportal.hu\/index.php\/wp-json\/wp\/v2\/categories?post=44379"},{"taxonomy":"post_tag","embeddable":true,"href":"https:\/\/gazdasagportal.hu\/index.php\/wp-json\/wp\/v2\/tags?post=44379"}],"curies":[{"name":"wp","href":"https:\/\/api.w.org\/{rel}","templated":true}]}}