{"id":44361,"date":"2014-09-13T17:37:10","date_gmt":"2014-09-13T15:37:10","guid":{"rendered":"http:\/\/stockportal.hu\/?p=44361"},"modified":"2014-09-13T15:05:56","modified_gmt":"2014-09-13T13:05:56","slug":"varatlan-katari-megszorito-intezkedesek-az-egyiptomi-muzulman-testveriseggel-szemben","status":"publish","type":"post","link":"https:\/\/gazdasagportal.hu\/index.php\/varatlan-katari-megszorito-intezkedesek-az-egyiptomi-muzulman-testveriseggel-szemben\/","title":{"rendered":"V\u00e1ratlan katari megszor\u00edt\u00f3 int\u00e9zked\u00e9sek az egyiptomi Muzulm\u00e1n Testv\u00e9ris\u00e9ggel szemben"},"content":{"rendered":"<p><strong>Az Egyiptomban betiltott Muzulm\u00e1n Testv\u00e9ris\u00e9g sz\u00e1mos vezet\u0151j\u00e9nek mened\u00e9ket ny\u00fajt\u00f3 Katar v\u00e1ratlanul kiutas\u00edtotta az orsz\u00e1gb\u00f3l az iszlamista szervezetnek \u00e9s k\u00f6zvetlen k\u00f6rnyezet\u00e9nek t\u00f6bb befoly\u00e1sos tagj\u00e1t &#8211; jelentette szombaton az egyiptomi sajt\u00f3.<\/strong><!--more--><br \/>\n<div class=\"ads-in-post1\"><div id=\"gazdasagportal.hu_fullbanner_wideboard\"><\/div>\r\n<\/div>\n<p>    \u00d6sszesen h\u00e9t egyiptomi iszlamista egy hetet &#8211; egyes forr\u00e1sok szerint egy h\u00f3napot &#8211; kapott arra, hogy elhagyja az olajban gazdag \u00d6b\u00f6l menti \u00e1llamot, amelyet a r\u00e9gi\u00f3b\u00f3l gyakran \u00e9rik b\u00edr\u00e1latok, ami\u00e9rt egyszerre tart fenn szoros strat\u00e9giai kapcsolatokat nyugati korm\u00e1nyokkal &#8211; els\u0151sorban Washingtonnal &#8211; \u00e9s a t\u00e9rs\u00e9gben tev\u00e9kenyked\u0151 iszlamista er\u0151kkel. Az egyiptomi szervezetb\u0151l kialakult &#8211; \u00e9s id\u0151k\u00f6zben feloszlatott &#8211; Szabads\u00e1g \u00e9s Igazs\u00e1goss\u00e1g P\u00e1rtj\u00e1nak sz\u00f3viv\u0151je a katari f\u0151v\u00e1rosban \u00fagy nyilatkozott, hogy az \u00e9rintettek k\u00f6z\u00f6tt van Amr Darr\u00e1g volt tervez\u00e9si miniszter \u00e9s Mahm\u00fad Huszein, a testv\u00e9ris\u00e9g f\u0151titk\u00e1ra is.<br \/>\n    Ezen fel\u00fcl befagyasztott\u00e1k a Muzulm\u00e1n Testv\u00e9ris\u00e9g mintegy 524 magas rang\u00fa tagj\u00e1nak Katarban vezetett banksz\u00e1ml\u00e1j\u00e1t. A szervezetb\u0151l tavaly kiv\u00e1lt Testv\u00e9ris\u00e9g Er\u0151szak N\u00e9lk\u00fcl nev\u0171 csoport Facebook-oldal\u00e1n szombaton megjelent k\u00f6zlem\u00e9ny szerint a hat\u00f3s\u00e1gok \u00f6sszesen 848 milli\u00f3 doll\u00e1rt (t\u00f6bb mint 200 milli\u00e1rd forint) foglaltak le. A sz\u00e1mlatulajdonosok k\u00f6z\u00f6tt szerepel a testv\u00e9ris\u00e9g fej\u00e9nek, Mohamed Bad\u00ed\u00e9nek a neve is.<br \/>\n    Kair\u00f3 \u00e9s Doha k\u00f6z\u00f6tt diplom\u00e1ciai v\u00e1ls\u00e1g d\u00fal az iszlamista Mohamed Murszi egyiptomi eln\u00f6k tavaly j\u00faliusi elmozd\u00edt\u00e1sa \u00f3ta. Katar ny\u00edltan a Murszi m\u00f6g\u00f6tt \u00e1ll\u00f3 Muzulm\u00e1n Testv\u00e9ris\u00e9g mell\u00e9 \u00e1llt, \u00e9s \u00e1llamcs\u00ednynek min\u0151s\u00edtette a t\u00f6rt\u00e9nteket. A t\u00f6bb mint egy \u00e9ves mosolysz\u00fcnet alatt az \u00d6b\u00f6l menti \u00e1llam k\u00f6zvetlen szomsz\u00e9djai is visszarendelt\u00e9k nagyk\u00f6veteiket Doh\u00e1b\u00f3l. Egyebek mellett Sza\u00fad-Ar\u00e1bia \u00e9s az Egyes\u00fclt Arab Em\u00edrs\u00e9gek is az iszlamist\u00e1k t\u00e1mogat\u00e1s\u00e1val v\u00e1dolja Katart, mik\u00f6zben doll\u00e1rmilli\u00f3kkal seg\u00edtik a gazdas\u00e1gi cs\u0151d &#8211; \u00e9s a helyi dzsihadista mil\u00edci\u00e1k &#8211; ellen k\u00fczd\u0151 \u00faj kair\u00f3i korm\u00e1nyt.<br \/>\n    Az ut\u00f3bbi hetekben \u00fajra k\u00f6zelebb hozta egym\u00e1shoz az ellenl\u00e1basokat a r\u00e9gi\u00f3ban egyre nagyobb teret nyer\u0151 sz\u00e9ls\u0151s\u00e9ges mozgalmak jelentette vesz\u00e9ly. A t\u00e9rs\u00e9gben tart\u00f3zkod\u00f3 John Kerry amerikai k\u00fcl\u00fcgyminiszter cs\u00fct\u00f6rt\u00f6k\u00f6n t\u00edz arab \u00e1llam &#8211; k\u00f6zt\u00fck Katar &#8211; t\u00e1mogat\u00e1s\u00e1t is biztos\u00edtotta egy &#8222;koordin\u00e1lt katonai hadj\u00e1rathoz&#8221; az Iszl\u00e1m \u00c1llam dzsihadista szervezet ellen, amely Sz\u00edria \u00e9s Irak jelent\u0151s ter\u00fcleteit vonta uralma al\u00e1.<br \/>\n    Az egyel\u0151re nem teljesen vil\u00e1gos h\u00e1tter\u0171 szombati fejlem\u00e9nyeket a kiutas\u00edtott Amr Darr\u00e1g Facebook-oldal\u00e1n \u00fagy komment\u00e1lta, hogy az &#8222;\u00e1ltalunk vend\u00e9gszeret\u0151k\u00e9nt megismert Katart \u00e9r\u0151 tov\u00e1bbi kellemetlens\u00e9gek elker\u00fcl\u00e9se v\u00e9gett&#8221; eleget tesznek a felsz\u00f3l\u00edt\u00e1snak.(MTI)<\/p>\n","protected":false},"excerpt":{"rendered":"<p>Az Egyiptomban betiltott Muzulm\u00e1n Testv\u00e9ris\u00e9g sz\u00e1mos vezet\u0151j\u00e9nek mened\u00e9ket ny\u00fajt\u00f3 Katar v\u00e1ratlanul kiutas\u00edtotta az orsz\u00e1gb\u00f3l az iszlamista szervezetnek \u00e9s k\u00f6zvetlen k\u00f6rnyezet\u00e9nek t\u00f6bb befoly\u00e1sos tagj\u00e1t &#8211; jelentette szombaton az egyiptomi sajt\u00f3.<\/p>\n","protected":false},"author":1,"featured_media":0,"comment_status":"open","ping_status":"closed","sticky":false,"template":"","format":"standard","meta":[],"categories":[16],"tags":[],"_links":{"self":[{"href":"https:\/\/gazdasagportal.hu\/index.php\/wp-json\/wp\/v2\/posts\/44361"}],"collection":[{"href":"https:\/\/gazdasagportal.hu\/index.php\/wp-json\/wp\/v2\/posts"}],"about":[{"href":"https:\/\/gazdasagportal.hu\/index.php\/wp-json\/wp\/v2\/types\/post"}],"author":[{"embeddable":true,"href":"https:\/\/gazdasagportal.hu\/index.php\/wp-json\/wp\/v2\/users\/1"}],"replies":[{"embeddable":true,"href":"https:\/\/gazdasagportal.hu\/index.php\/wp-json\/wp\/v2\/comments?post=44361"}],"version-history":[{"count":1,"href":"https:\/\/gazdasagportal.hu\/index.php\/wp-json\/wp\/v2\/posts\/44361\/revisions"}],"predecessor-version":[{"id":44362,"href":"https:\/\/gazdasagportal.hu\/index.php\/wp-json\/wp\/v2\/posts\/44361\/revisions\/44362"}],"wp:attachment":[{"href":"https:\/\/gazdasagportal.hu\/index.php\/wp-json\/wp\/v2\/media?parent=44361"}],"wp:term":[{"taxonomy":"category","embeddable":true,"href":"https:\/\/gazdasagportal.hu\/index.php\/wp-json\/wp\/v2\/categories?post=44361"},{"taxonomy":"post_tag","embeddable":true,"href":"https:\/\/gazdasagportal.hu\/index.php\/wp-json\/wp\/v2\/tags?post=44361"}],"curies":[{"name":"wp","href":"https:\/\/api.w.org\/{rel}","templated":true}]}}