{"id":44359,"date":"2014-09-13T16:04:20","date_gmt":"2014-09-13T14:04:20","guid":{"rendered":"http:\/\/stockportal.hu\/?p=44359"},"modified":"2014-09-13T15:04:51","modified_gmt":"2014-09-13T13:04:51","slug":"arviz-ujabb-utakat-kellett-lezarni-zalaban","status":"publish","type":"post","link":"https:\/\/gazdasagportal.hu\/index.php\/arviz-ujabb-utakat-kellett-lezarni-zalaban\/","title":{"rendered":"\u00c1rv\u00edz &#8211; \u00dajabb utakat kellett lez\u00e1rni Zal\u00e1ban"},"content":{"rendered":"<p><strong>Zala megy\u00e9ben megk\u00f6zel\u00edthetetlenn\u00e9 v\u00e1lt Olt\u00e1rc, \u00e9s Lenti k\u00f6rny\u00e9k\u00e9n is \u00fajabb utakat kellett lez\u00e1rni a d\u00e9li \u00f3r\u00e1kban &#8211; t\u00e1j\u00e9koztatta a Magyar K\u00f6z\u00fat Nonprofit Zrt. szombaton az MTI-t.<\/strong><!--more--><br \/>\n<div class=\"ads-in-post1\"><div id=\"gazdasagportal.hu_fullbanner_wideboard\"><\/div>\r\n<\/div>\n<p>    Az Olt\u00e1rcra vezet\u0151 \u00fat 1,2 kilom\u00e9teres szakasz\u00e1t kellett lez\u00e1rni a heves es\u0151z\u00e9sek okozta el\u00f6nt\u00e9sek miatt, a telep\u00fcl\u00e9s ez\u00e9rt megk\u00f6zel\u00edthetetlenn\u00e9 v\u00e1lt. Le kellett z\u00e1rni a Babosd\u00f6br\u00e9t\u00e9re, Szentgy\u00f6rgyv\u00f6lgyre \u00e9s Nemesn\u00e9pre vezet\u0151 utakat is az \u00e1rad\u00e1s miatt.<br \/>\n    V\u00e1ltozatlanul nem j\u00e1rhat\u00f3 a 74-es f\u0151\u00fat Nagykanizs\u00e1n\u00e1l n\u00e9gy kilom\u00e9ter hosszan, Leteny\u00e9n \u00e9s Murar\u00e1tk\u00e1n\u00e1l is a v\u00edz\u00e1tfoly\u00e1s miatt kellett lez\u00e1rni egyes \u00fatszakaszokat.<br \/>\n    Szombat d\u00e9lt\u0151l azonban ism\u00e9t j\u00e1rhat\u00f3v\u00e1 v\u00e1lt a 75-\u00f6s f\u0151\u00fat Nova \u00e9s Lenti k\u00f6z\u00f6tti szakasza, a Szentmargitfalva \u00e9s B\u00e1zakerettye k\u00f6z\u00f6tti \u00fat, valamint a Tormaf\u00f6ld\u00e9re vezet\u0151 \u00fatvonal.(MTI)<\/p>\n","protected":false},"excerpt":{"rendered":"<p>Zala megy\u00e9ben megk\u00f6zel\u00edthetetlenn\u00e9 v\u00e1lt Olt\u00e1rc, \u00e9s Lenti k\u00f6rny\u00e9k\u00e9n is \u00fajabb utakat kellett lez\u00e1rni a d\u00e9li \u00f3r\u00e1kban &#8211; t\u00e1j\u00e9koztatta a Magyar K\u00f6z\u00fat Nonprofit Zrt. szombaton az MTI-t.<\/p>\n","protected":false},"author":1,"featured_media":0,"comment_status":"open","ping_status":"closed","sticky":false,"template":"","format":"standard","meta":[],"categories":[4],"tags":[],"_links":{"self":[{"href":"https:\/\/gazdasagportal.hu\/index.php\/wp-json\/wp\/v2\/posts\/44359"}],"collection":[{"href":"https:\/\/gazdasagportal.hu\/index.php\/wp-json\/wp\/v2\/posts"}],"about":[{"href":"https:\/\/gazdasagportal.hu\/index.php\/wp-json\/wp\/v2\/types\/post"}],"author":[{"embeddable":true,"href":"https:\/\/gazdasagportal.hu\/index.php\/wp-json\/wp\/v2\/users\/1"}],"replies":[{"embeddable":true,"href":"https:\/\/gazdasagportal.hu\/index.php\/wp-json\/wp\/v2\/comments?post=44359"}],"version-history":[{"count":1,"href":"https:\/\/gazdasagportal.hu\/index.php\/wp-json\/wp\/v2\/posts\/44359\/revisions"}],"predecessor-version":[{"id":44360,"href":"https:\/\/gazdasagportal.hu\/index.php\/wp-json\/wp\/v2\/posts\/44359\/revisions\/44360"}],"wp:attachment":[{"href":"https:\/\/gazdasagportal.hu\/index.php\/wp-json\/wp\/v2\/media?parent=44359"}],"wp:term":[{"taxonomy":"category","embeddable":true,"href":"https:\/\/gazdasagportal.hu\/index.php\/wp-json\/wp\/v2\/categories?post=44359"},{"taxonomy":"post_tag","embeddable":true,"href":"https:\/\/gazdasagportal.hu\/index.php\/wp-json\/wp\/v2\/tags?post=44359"}],"curies":[{"name":"wp","href":"https:\/\/api.w.org\/{rel}","templated":true}]}}