{"id":44345,"date":"2014-09-13T07:24:35","date_gmt":"2014-09-13T05:24:35","guid":{"rendered":"http:\/\/stockportal.hu\/?p=44345"},"modified":"2014-09-13T07:24:35","modified_gmt":"2014-09-13T05:24:35","slug":"iszlam-allam-eljarassal-fenyegette-washington-a-megolt-ujsagiro-szuleit-valtsagdij-fizetes-eseten","status":"publish","type":"post","link":"https:\/\/gazdasagportal.hu\/index.php\/iszlam-allam-eljarassal-fenyegette-washington-a-megolt-ujsagiro-szuleit-valtsagdij-fizetes-eseten\/","title":{"rendered":"Iszl\u00e1m \u00c1llam &#8211; Elj\u00e1r\u00e1ssal fenyegette Washington a meg\u00f6lt \u00fajs\u00e1g\u00edr\u00f3 sz\u00fcleit v\u00e1lts\u00e1gd\u00edj-fizet\u00e9s eset\u00e9n"},"content":{"rendered":"<p><strong>T\u00f6bbsz\u00f6r is b\u00edr\u00f3s\u00e1gi elj\u00e1r\u00e1st helyezett kil\u00e1t\u00e1sba az amerikai korm\u00e1ny a terrorist\u00e1k \u00e1ltal k\u00e9s\u0151bb lefejezett \u00fajs\u00e1g\u00edr\u00f3, James Foley sz\u00fcleivel szemben arra az esetre, ha megpr\u00f3b\u00e1lt\u00e1k \u00f6sszeszedni a v\u00e1lts\u00e1gd\u00edjat, mert azt tiltja a t\u00f6rv\u00e9ny &#8211; jelentette cs\u00fct\u00f6rt\u00f6k\u00f6n a CNN \u00e9s a Fox News.<\/strong><!--more--><br \/>\n<div class=\"ads-in-post1\"><div id=\"gazdasagportal.hu_fullbanner_wideboard\"><\/div>\r\n<\/div>\n<p>    Mindk\u00e9t h\u00edrtelev\u00edzi\u00f3 meginterj\u00favolta a sz\u00fcl\u0151ket, akik az \u00e1ll\u00edtott\u00e1k, \u00fagy \u00e9rezt\u00e9k, hogy Washington sz\u00e1m\u00e1ra csak &#8222;bossz\u00fas\u00e1got&#8221; okozott a fiuk kiszabad\u00edt\u00e1sa, mert az nem szolg\u00e1lt &#8222;strat\u00e9giai \u00e9rdekeket&#8221;. Az anya, Diane Foley elmond\u00e1sa szerint hivatalos szem\u00e9lyek figyelmeztett\u00e9k a csal\u00e1dot, hogy ne forduljanak a m\u00e9di\u00e1hoz, \u00e9s lesz\u00f6gezt\u00e9k, hogy az \u00fajs\u00e1g\u00edr\u00f3 \u00e9rdek\u00e9ben a korm\u00e1ny nem hajthat majd v\u00e9gre sem fogolycser\u00e9t, sem fegyveres akci\u00f3t.<br \/>\n    A csal\u00e1d a saj\u00e1t \u00fatj\u00e1t j\u00e1rva pr\u00f3b\u00e1lta meg kiszabad\u00edtani James Foleyt, de nem j\u00e1rt sikerrel.<br \/>\n    Foley \u00e9s egy m\u00e1sik amerikai \u00fajs\u00e1g\u00edr\u00f3, Steven Sotloff lefejez\u00e9se megd\u00f6bben\u00e9st okozott az amerikai t\u00e1rsadalomban \u00e9s az addig az \u00fajabb k\u00fclf\u00f6ldi katonai beavatkoz\u00e1st\u00f3l elz\u00e1rk\u00f3z\u00f3 k\u00f6zv\u00e9lem\u00e9ny elmozdult az Iszl\u00e1m \u00c1llam (I\u00c1) nev\u0171 terrorszervezet elleni l\u00e9gicsap\u00e1sok t\u00e1mogat\u00e1s\u00e1nak ir\u00e1ny\u00e1ba. Trag\u00e9di\u00e1jukat Barack Obama eln\u00f6k is felemlegette az I\u00c1 felsz\u00e1mol\u00e1snak strat\u00e9gi\u00e1j\u00e1t ismertetet\u0151 szerdai telev\u00edzi\u00f3s besz\u00e9d\u00e9ben.<br \/>\n    Susan Rice, az eln\u00f6k nemzetbiztons\u00e1gi tan\u00e1csad\u00f3ja az elmondottakra reag\u00e1lva a CNN-nek p\u00e9nteken kijelentette, hogy a csal\u00e1d b\u00e1mulatosan dolgozott James Foley kiszabad\u00edt\u00e1s\u00e1\u00e9rt. Kijelentette, hogy az amerikai korm\u00e1ny munkat\u00e1rsai kem\u00e9nyen egy\u00fcttm\u0171k\u00f6dtek vel\u00fck ebben az \u00fcgyben \u00e9s megpr\u00f3b\u00e1lt\u00e1k kifejezni t\u00e1mogat\u00e1sukat.<br \/>\n    Rice szerint a ny\u00e1r folyam\u00e1n t\u00f6bb sz\u00e1z amerikai vett r\u00e9szt valamilyen form\u00e1ban abban a &#8222;j\u00f3l v\u00e9grehajtott&#8221; katonai akci\u00f3ban, amely sor\u00e1n Sz\u00edri\u00e1ban megpr\u00f3b\u00e1lt\u00e1k kiszabad\u00edtani Foleyt \u00e9s t\u00f6bb m\u00e1s amerikai t\u00faszt.<br \/>\n    Diane Foley szerint a ment\u0151akci\u00f3t nagyon k\u00e9s\u0151n hajtott\u00e1k v\u00e9gre, mert szerinte m\u00e1r egy \u00e9ve tudni lehetett, hogy pontosan hol tartj\u00e1k fogva a fi\u00e1t, \u00e9s kijelentette: im\u00e1dkozik az\u00e9rt, hogy a korm\u00e1ny a j\u00f6v\u0151ben ne k\u00f6vesse el ugyanazokat a hib\u00e1kat, mint a fia eset\u00e9ben. Az anya szerint a t\u00f6bb mint m\u00e1sf\u00e9l \u00e9ves t\u00faszdr\u00e1ma folyam\u00e1n a csal\u00e1d gyakran t\u00f6bbet tudott, mint a hat\u00f3s\u00e1gok emberei.<br \/>\n    A csal\u00e1d egy\u00e9bk\u00e9nt a trag\u00e9di\u00e1t k\u00f6vet\u0151en l\u00e9trehozta a James W. Foley \u00d6r\u00f6ks\u00e9ge Alap\u00edtv\u00e1nyt, amelynek c\u00e9lja, hogy t\u00e1mogassa az amerikai t\u00faszok hozz\u00e1tartoz\u00f3it, a h\u00e1bor\u00fas \u00f6vezetben dolgoz\u00f3 amerikai \u00fajs\u00e1g\u00edr\u00f3kat \u00e9s a v\u00e1rosi fiatalok oktat\u00e1s\u00e1t.<br \/>\n    Az amerikai \u00e9s a brit korm\u00e1ny elvb\u0151l nem fizet t\u00faszok szabadon bocs\u00e1t\u00e1s\u00e1\u00e9rt, mert \u00e1ll\u00e1spontja szerint az emberrabl\u00f3k k\u00f6vetel\u00e9seinek kiel\u00e9g\u00edt\u00e9se tov\u00e1bbi emberek elrabl\u00e1s\u00e1ra \u00f6szt\u00f6nzi \u0151ket.(MTI)<\/p>\n","protected":false},"excerpt":{"rendered":"<p>T\u00f6bbsz\u00f6r is b\u00edr\u00f3s\u00e1gi elj\u00e1r\u00e1st helyezett kil\u00e1t\u00e1sba az amerikai korm\u00e1ny a terrorist\u00e1k \u00e1ltal k\u00e9s\u0151bb lefejezett \u00fajs\u00e1g\u00edr\u00f3, James Foley sz\u00fcleivel szemben arra az esetre, ha megpr\u00f3b\u00e1lt\u00e1k \u00f6sszeszedni a v\u00e1lts\u00e1gd\u00edjat, mert azt tiltja a t\u00f6rv\u00e9ny &#8211; jelentette cs\u00fct\u00f6rt\u00f6k\u00f6n a CNN \u00e9s a Fox News.<\/p>\n","protected":false},"author":1,"featured_media":0,"comment_status":"open","ping_status":"closed","sticky":false,"template":"","format":"standard","meta":[],"categories":[13,16],"tags":[],"_links":{"self":[{"href":"https:\/\/gazdasagportal.hu\/index.php\/wp-json\/wp\/v2\/posts\/44345"}],"collection":[{"href":"https:\/\/gazdasagportal.hu\/index.php\/wp-json\/wp\/v2\/posts"}],"about":[{"href":"https:\/\/gazdasagportal.hu\/index.php\/wp-json\/wp\/v2\/types\/post"}],"author":[{"embeddable":true,"href":"https:\/\/gazdasagportal.hu\/index.php\/wp-json\/wp\/v2\/users\/1"}],"replies":[{"embeddable":true,"href":"https:\/\/gazdasagportal.hu\/index.php\/wp-json\/wp\/v2\/comments?post=44345"}],"version-history":[{"count":1,"href":"https:\/\/gazdasagportal.hu\/index.php\/wp-json\/wp\/v2\/posts\/44345\/revisions"}],"predecessor-version":[{"id":44346,"href":"https:\/\/gazdasagportal.hu\/index.php\/wp-json\/wp\/v2\/posts\/44345\/revisions\/44346"}],"wp:attachment":[{"href":"https:\/\/gazdasagportal.hu\/index.php\/wp-json\/wp\/v2\/media?parent=44345"}],"wp:term":[{"taxonomy":"category","embeddable":true,"href":"https:\/\/gazdasagportal.hu\/index.php\/wp-json\/wp\/v2\/categories?post=44345"},{"taxonomy":"post_tag","embeddable":true,"href":"https:\/\/gazdasagportal.hu\/index.php\/wp-json\/wp\/v2\/tags?post=44345"}],"curies":[{"name":"wp","href":"https:\/\/api.w.org\/{rel}","templated":true}]}}