{"id":44307,"date":"2014-09-13T03:17:14","date_gmt":"2014-09-13T01:17:14","guid":{"rendered":"http:\/\/stockportal.hu\/?p=44307"},"modified":"2014-09-12T20:47:50","modified_gmt":"2014-09-12T18:47:50","slug":"arviz-operativ-torzs-allt-fel-gyor-kozeleben","status":"publish","type":"post","link":"https:\/\/gazdasagportal.hu\/index.php\/arviz-operativ-torzs-allt-fel-gyor-kozeleben\/","title":{"rendered":"\u00c1rv\u00edz &#8211; Operat\u00edv t\u00f6rzs \u00e1llt fel Gy\u0151r k\u00f6zel\u00e9ben"},"content":{"rendered":"<p><strong>H\u00e1romtag\u00fa helysz\u00edni operat\u00edv t\u00f6rzset \u00e1ll\u00edtottak fel a Cuhai-Bakony-\u00e9r B\u0151ny \u00e9s Mez\u0151\u00f6rs k\u00f6rzet\u00e9ben tapasztalt \u00e1rad\u00e1sa miatt &#8211; k\u00f6z\u00f6lte a katasztr\u00f3fav\u00e9delem Gy\u0151r-Moson-Sopron megyei sz\u00f3viv\u0151je p\u00e9ntek este az MTI-vel.<\/strong><!--more--><br \/>\n<div class=\"ads-in-post1\"><div id=\"gazdasagportal.hu_fullbanner_wideboard\"><\/div>\r\n<\/div>\n<p>    Rusk\u00e1n\u00e9 Tak\u00e1cs Anita elmondta: Mez\u0151\u00f6rs\u00f6n a telep\u00fcl\u00e9s focip\u00e1ly\u00e1ja mellett mintegy n\u00e9gysz\u00e1z m\u00e9ter hosszan magas\u00edtj\u00e1k f\u00f6lddel az \u00e1rv\u00edzv\u00e9delmi t\u00f6lt\u00e9st. A f\u0151utca h\u00e1rom lak\u00f3h\u00e1z\u00e1t \u00f6tvenm\u00e9teres szakaszon, n\u00e9gysz\u00e1z homokzs\u00e1kkal v\u00e9dik a v\u00edzt\u0151l harminc emberrel.<br \/>\n    Jelezte, hogy a vizsg\u00e1latok szerint a v\u00edzfoly\u00e1shoz k\u00f6zeli M1-es aut\u00f3p\u00e1ly\u00e1t nem vesz\u00e9lyezteti az \u00e1rad\u00e1s.(MTI)<\/p>\n","protected":false},"excerpt":{"rendered":"<p>H\u00e1romtag\u00fa helysz\u00edni operat\u00edv t\u00f6rzset \u00e1ll\u00edtottak fel a Cuhai-Bakony-\u00e9r B\u0151ny \u00e9s Mez\u0151\u00f6rs k\u00f6rzet\u00e9ben tapasztalt \u00e1rad\u00e1sa miatt &#8211; k\u00f6z\u00f6lte a katasztr\u00f3fav\u00e9delem Gy\u0151r-Moson-Sopron megyei sz\u00f3viv\u0151je p\u00e9ntek este az MTI-vel.<\/p>\n","protected":false},"author":1,"featured_media":0,"comment_status":"open","ping_status":"closed","sticky":false,"template":"","format":"standard","meta":[],"categories":[4],"tags":[],"_links":{"self":[{"href":"https:\/\/gazdasagportal.hu\/index.php\/wp-json\/wp\/v2\/posts\/44307"}],"collection":[{"href":"https:\/\/gazdasagportal.hu\/index.php\/wp-json\/wp\/v2\/posts"}],"about":[{"href":"https:\/\/gazdasagportal.hu\/index.php\/wp-json\/wp\/v2\/types\/post"}],"author":[{"embeddable":true,"href":"https:\/\/gazdasagportal.hu\/index.php\/wp-json\/wp\/v2\/users\/1"}],"replies":[{"embeddable":true,"href":"https:\/\/gazdasagportal.hu\/index.php\/wp-json\/wp\/v2\/comments?post=44307"}],"version-history":[{"count":1,"href":"https:\/\/gazdasagportal.hu\/index.php\/wp-json\/wp\/v2\/posts\/44307\/revisions"}],"predecessor-version":[{"id":44308,"href":"https:\/\/gazdasagportal.hu\/index.php\/wp-json\/wp\/v2\/posts\/44307\/revisions\/44308"}],"wp:attachment":[{"href":"https:\/\/gazdasagportal.hu\/index.php\/wp-json\/wp\/v2\/media?parent=44307"}],"wp:term":[{"taxonomy":"category","embeddable":true,"href":"https:\/\/gazdasagportal.hu\/index.php\/wp-json\/wp\/v2\/categories?post=44307"},{"taxonomy":"post_tag","embeddable":true,"href":"https:\/\/gazdasagportal.hu\/index.php\/wp-json\/wp\/v2\/tags?post=44307"}],"curies":[{"name":"wp","href":"https:\/\/api.w.org\/{rel}","templated":true}]}}