{"id":44305,"date":"2014-09-13T03:34:32","date_gmt":"2014-09-13T01:34:32","guid":{"rendered":"http:\/\/stockportal.hu\/?p=44305"},"modified":"2014-09-12T20:45:44","modified_gmt":"2014-09-12T18:45:44","slug":"erre-figyelj-vasarnap","status":"publish","type":"post","link":"https:\/\/gazdasagportal.hu\/index.php\/erre-figyelj-vasarnap\/","title":{"rendered":"Erre figyelj vas\u00e1rnap"},"content":{"rendered":"<p><strong>Jelent\u0151s v\u00e1ltoz\u00e1sok lesznek vas\u00e1rnap d\u00e9lel\u0151tt a k\u00f6z\u00f6ss\u00e9gi k\u00f6zleked\u00e9s menetrendj\u00e9ben Budapesten egy fut\u00f3verseny miatt &#8211; k\u00f6z\u00f6lte a Budapesti K\u00f6zleked\u00e9si K\u00f6zpont (BKK) p\u00e9nteken az MTI-vel.<\/strong><!--more--><br \/>\n<div class=\"ads-in-post1\"><div id=\"gazdasagportal.hu_fullbanner_wideboard\"><\/div>\r\n<\/div>\n<p>    A rendezv\u00e9ny miatt sz\u00e1mos f\u0151 k\u00f6zleked\u00e9si \u00fatvonalat &#8211; \u00edgy az als\u00f3 rakpartokat, a J\u00f3zsef Attila \u00fat utca-Sz\u00e9chenyi t\u00e9r-L\u00e1nch\u00edd-Clark \u00c1d\u00e1m t\u00e9r \u00fatvonalat, a V\u00e1ci \u00fat \u00e9s a D\u00f3zsa Gy\u00f6rgy \u00fat egy r\u00e9sz\u00e9t teljesen lez\u00e1rj\u00e1k, ez\u00e9rt az erre k\u00f6zleked\u0151 j\u00e1ratok menetrendje is m\u00f3dosul.<br \/>\n    A kisf\u00f6ldalatti 7 \u00e9s 9 \u00f3ra k\u00f6z\u00f6tt s\u0171r\u0171bben, 3 percenk\u00e9nt k\u00f6zlekedik, a 15-\u00f6s \u00e9s 115-\u00f6s buszok el\u0151sz\u00f6r k\u00e9t szakaszon, az \u00c1rp\u00e1d h\u00edd \u00e9s a Kossuth t\u00e9r valamint a Bor\u00e1ros t\u00e9r \u00e9s a De\u00e1k Ferenc t\u00e9r k\u00f6z\u00f6tt j\u00e1rnak, majd 9.45-t\u0151l a teljes vonalon, de terelt \u00fatvonalon. A 16-os buszok az Erzs\u00e9bet h\u00eddon \u00e1t, a 86-osok pedig az Attila \u00fatra terelve k\u00f6zlekednek. A 105-\u00f6s j\u00e1ratok k\u00e9t szakaszon, a Gy\u00f6ngy\u00f6si utca \u00e9s a Mexik\u00f3i \u00fat, valamint az Apor Vilmos t\u00e9r \u00e9s a De\u00e1k Ferenc t\u00e9r k\u00f6z\u00f6tt j\u00e1rnak, a 20E, a 30-as, a 30A \u00e9s a 230-as busz a V\u00e1rosligetbe terelve k\u00f6zlekedik.<br \/>\n    A 2-es villamos 9 \u00e9s 10.35 k\u00f6z\u00f6tt a K\u00f6zv\u00e1g\u00f3h\u00eddt\u00f3l csak a Bor\u00e1ros t\u00e9rig, majd 11.10-ig a Kossuth t\u00e9rig sz\u00e1ll\u00edt utasokat, a 19-es \u00e9s 41-es j\u00e1ratok a d\u00e9l-budai v\u00e9g\u00e1llom\u00e1sukr\u00f3l a Clark \u00c1d\u00e1m t\u00e9rig k\u00f6zlekednek, a 47-es \u00e9s 49-es jelz\u00e9s\u0171 szerelv\u00e9nyek pedig D\u00e9l-Bud\u00e1r\u00f3l a 18-as vonal\u00e1n a Sz\u00e9ll K\u00e1lm\u00e1n t\u00e9rig j\u00e1rnak.<br \/>\n    Terelve k\u00f6zlekedik emellett a 70-es, a 75-\u00f6s \u00e9s 83-as trolibusz, a 75-\u00f6s j\u00e1rat pedig nem k\u00f6zlekedik.(MTI)<\/p>\n","protected":false},"excerpt":{"rendered":"<p>Jelent\u0151s v\u00e1ltoz\u00e1sok lesznek vas\u00e1rnap d\u00e9lel\u0151tt a k\u00f6z\u00f6ss\u00e9gi k\u00f6zleked\u00e9s menetrendj\u00e9ben Budapesten egy fut\u00f3verseny miatt &#8211; k\u00f6z\u00f6lte a Budapesti K\u00f6zleked\u00e9si K\u00f6zpont (BKK) p\u00e9nteken az MTI-vel.<\/p>\n","protected":false},"author":1,"featured_media":0,"comment_status":"open","ping_status":"closed","sticky":false,"template":"","format":"standard","meta":[],"categories":[4],"tags":[],"_links":{"self":[{"href":"https:\/\/gazdasagportal.hu\/index.php\/wp-json\/wp\/v2\/posts\/44305"}],"collection":[{"href":"https:\/\/gazdasagportal.hu\/index.php\/wp-json\/wp\/v2\/posts"}],"about":[{"href":"https:\/\/gazdasagportal.hu\/index.php\/wp-json\/wp\/v2\/types\/post"}],"author":[{"embeddable":true,"href":"https:\/\/gazdasagportal.hu\/index.php\/wp-json\/wp\/v2\/users\/1"}],"replies":[{"embeddable":true,"href":"https:\/\/gazdasagportal.hu\/index.php\/wp-json\/wp\/v2\/comments?post=44305"}],"version-history":[{"count":1,"href":"https:\/\/gazdasagportal.hu\/index.php\/wp-json\/wp\/v2\/posts\/44305\/revisions"}],"predecessor-version":[{"id":44306,"href":"https:\/\/gazdasagportal.hu\/index.php\/wp-json\/wp\/v2\/posts\/44305\/revisions\/44306"}],"wp:attachment":[{"href":"https:\/\/gazdasagportal.hu\/index.php\/wp-json\/wp\/v2\/media?parent=44305"}],"wp:term":[{"taxonomy":"category","embeddable":true,"href":"https:\/\/gazdasagportal.hu\/index.php\/wp-json\/wp\/v2\/categories?post=44305"},{"taxonomy":"post_tag","embeddable":true,"href":"https:\/\/gazdasagportal.hu\/index.php\/wp-json\/wp\/v2\/tags?post=44305"}],"curies":[{"name":"wp","href":"https:\/\/api.w.org\/{rel}","templated":true}]}}