{"id":44301,"date":"2014-09-13T03:10:04","date_gmt":"2014-09-13T01:10:04","guid":{"rendered":"http:\/\/stockportal.hu\/?p=44301"},"modified":"2014-09-12T19:00:47","modified_gmt":"2014-09-12T17:00:47","slug":"somogyban-pincekbe-tort-be-kerteket-arasztott-el-az-esoviz","status":"publish","type":"post","link":"https:\/\/gazdasagportal.hu\/index.php\/somogyban-pincekbe-tort-be-kerteket-arasztott-el-az-esoviz\/","title":{"rendered":"Somogyban pinc\u00e9kbe t\u00f6rt be, kerteket \u00e1rasztott el az es\u0151v\u00edz"},"content":{"rendered":"<p><strong>Az es\u0151v\u00edz Somogy t\u00f6bb telep\u00fcl\u00e9s\u00e9n pinc\u00e9kbe t\u00f6rt be, el\u00e1rasztotta a kerteket, udvarokat. P\u00e9nteken Balatonlell\u00e9n, Balatonbogl\u00e1ron, Balatonm\u00e1riaf\u00fcrd\u0151n, Csurg\u00f3n \u00e9s Si\u00f3fokon kellett szivatty\u00fazniuk a t\u0171zolt\u00f3knak.<br \/>\n<\/strong><!--more--><br \/>\n<div class=\"ads-in-post1\"><div id=\"gazdasagportal.hu_fullbanner_wideboard\"><\/div>\r\n<\/div>\n     A megyei katasztr\u00f3fav\u00e9delmi igazgat\u00f3s\u00e1g honlapj\u00e1n k\u00f6z\u00f6ltek szerint Balatonlell\u00e9n a Sz\u00e1zszorsz\u00e9p utc\u00e1ban a felgy\u00fclemlett csapad\u00e9k lak\u00f3h\u00e1zakat vesz\u00e9lyeztetett, ez\u00e9rt a balatonbogl\u00e1ri t\u0171zolt\u00f3k a katasztr\u00f3fav\u00e9delmi megb\u00edzottal k\u00f6z\u00f6sen homokzs\u00e1kokb\u00f3l ideiglenes g\u00e1tat emeltek k\u00e9t \u00e9p\u00fclet v\u00e9delm\u00e9re. Ugyancsak Balatonlell\u00e9n k\u00e9rt seg\u00edts\u00e9get egy csal\u00e1di h\u00e1z tulajdonosa, aki a pinc\u00e9j\u00e9b\u0151l nem tudta kiszivatty\u00fazni a vizet, amely a kaz\u00e1n elektromos rendszer\u00e9t vesz\u00e9lyeztette.<br \/>\n    Balatonm\u00e1riaf\u00fcrd\u0151n, a R\u00e1k\u00f3czi Ferenc utc\u00e1ban a balatonkereszt\u00fari \u00f6nk\u00e9ntes t\u0171zolt\u00f3k szivatty\u00fazz\u00e1k a vizet egy sz\u00e1lloda udvar\u00e1r\u00f3l.<br \/>\n    Csurg\u00f3n a medr\u00e9b\u0151l kil\u00e9p\u0151 M\u00e1ri\u00e1s patak kerteket \u00f6nt\u00f6tt el. A v\u00edz m\u00e9hkapt\u00e1rakat is vesz\u00e9lyeztetett, ez\u00e9rt a csurg\u00f3i \u00f6nkorm\u00e1nyzati t\u0171zolt\u00f3k szivatty\u00fat \u00e1ll\u00edtottak munk\u00e1ba az Ady Endre utc\u00e1ban.<br \/>\n    Si\u00f3fokon \u00f6t ingatlan l\u00e1bazat\u00e1n\u00e1l gy\u0171lt \u00f6ssze es\u0151v\u00edz, szivatty\u00fakkal emelt\u00e9k \u00e1t egy v\u00edzelvezet\u0151 \u00e1rokba.<br \/>\n(MTI)<\/p>\n","protected":false},"excerpt":{"rendered":"<p>Az es\u0151v\u00edz Somogy t\u00f6bb telep\u00fcl\u00e9s\u00e9n pinc\u00e9kbe t\u00f6rt be, el\u00e1rasztotta a kerteket, udvarokat. P\u00e9nteken Balatonlell\u00e9n, Balatonbogl\u00e1ron, Balatonm\u00e1riaf\u00fcrd\u0151n, Csurg\u00f3n \u00e9s Si\u00f3fokon kellett szivatty\u00fazniuk a t\u0171zolt\u00f3knak.<\/p>\n","protected":false},"author":1,"featured_media":0,"comment_status":"open","ping_status":"closed","sticky":false,"template":"","format":"standard","meta":[],"categories":[4],"tags":[],"_links":{"self":[{"href":"https:\/\/gazdasagportal.hu\/index.php\/wp-json\/wp\/v2\/posts\/44301"}],"collection":[{"href":"https:\/\/gazdasagportal.hu\/index.php\/wp-json\/wp\/v2\/posts"}],"about":[{"href":"https:\/\/gazdasagportal.hu\/index.php\/wp-json\/wp\/v2\/types\/post"}],"author":[{"embeddable":true,"href":"https:\/\/gazdasagportal.hu\/index.php\/wp-json\/wp\/v2\/users\/1"}],"replies":[{"embeddable":true,"href":"https:\/\/gazdasagportal.hu\/index.php\/wp-json\/wp\/v2\/comments?post=44301"}],"version-history":[{"count":1,"href":"https:\/\/gazdasagportal.hu\/index.php\/wp-json\/wp\/v2\/posts\/44301\/revisions"}],"predecessor-version":[{"id":44302,"href":"https:\/\/gazdasagportal.hu\/index.php\/wp-json\/wp\/v2\/posts\/44301\/revisions\/44302"}],"wp:attachment":[{"href":"https:\/\/gazdasagportal.hu\/index.php\/wp-json\/wp\/v2\/media?parent=44301"}],"wp:term":[{"taxonomy":"category","embeddable":true,"href":"https:\/\/gazdasagportal.hu\/index.php\/wp-json\/wp\/v2\/categories?post=44301"},{"taxonomy":"post_tag","embeddable":true,"href":"https:\/\/gazdasagportal.hu\/index.php\/wp-json\/wp\/v2\/tags?post=44301"}],"curies":[{"name":"wp","href":"https:\/\/api.w.org\/{rel}","templated":true}]}}