{"id":44291,"date":"2014-09-12T16:58:07","date_gmt":"2014-09-12T14:58:07","guid":{"rendered":"http:\/\/stockportal.hu\/?p=44291"},"modified":"2014-09-12T16:58:07","modified_gmt":"2014-09-12T14:58:07","slug":"nemetorszagban-buncselekmeny-az-iszlam-allam-nepszerusitese","status":"publish","type":"post","link":"https:\/\/gazdasagportal.hu\/index.php\/nemetorszagban-buncselekmeny-az-iszlam-allam-nepszerusitese\/","title":{"rendered":"N\u00e9metorsz\u00e1gban b\u0171ncselekm\u00e9ny az Iszl\u00e1m \u00c1llam n\u00e9pszer\u0171s\u00edt\u00e9se"},"content":{"rendered":"<p><strong>A n\u00e9met bel\u00fcgyminiszt\u00e9rium p\u00e9nteken azonnali hat\u00e1llyal betiltotta az Iszl\u00e1m \u00c1llam (I\u00c1) nev\u0171 sz\u00e9ls\u0151s\u00e9ges iszlamista szervezethez k\u00f6thet\u0151 valamennyi tev\u00e9kenys\u00e9get, \u00edgy ezent\u00fal b\u0171ncselekm\u00e9nynek sz\u00e1m\u00edt p\u00e9ld\u00e1ul a szervezet n\u00e9pszer\u0171s\u00edt\u00e9se \u00e9s jelk\u00e9peinek haszn\u00e1lata.<\/strong><!--more--><br \/>\n<div class=\"ads-in-post1\"><div id=\"gazdasagportal.hu_fullbanner_wideboard\"><\/div>\r\n<\/div>\n<p>    A n\u00e9met hat\u00f3s\u00e1gok a rendelet r\u00e9v\u00e9n fell\u00e9phetnek az I\u00c1 n\u00e9met nyelven folytatott, kiterjedt propaganda-hadj\u00e1rata ellen, valamint azokkal a szem\u00e9lyekkel szemben, akik harcosokat toboroznak az I\u00c1 sz\u00edriai \u00e9s iraki m\u0171veleteihez.<br \/>\n    A hat\u00f3s\u00e1gok lehet\u0151s\u00e9geit eddig korl\u00e1tozta, hogy az I\u00c1-t vonatkoz\u00f3 b\u00edr\u00f3s\u00e1gi hat\u00e1rozat h\u00edj\u00e1n nem tartj\u00e1k nyilv\u00e1n a k\u00fclf\u00f6ldi terrorszervezetek k\u00f6z\u00f6tt.<br \/>\n    Thomas de Maiziere bel\u00fcgyminiszter a rendeletet ismertet\u0151 sajt\u00f3t\u00e1j\u00e9koztat\u00f3n hangs\u00falyozta, hogy m\u00e1r t\u00f6bb mint sz\u00e1zan visszat\u00e9rtek N\u00e9metorsz\u00e1gba abb\u00f3l a nagyj\u00e1b\u00f3l 400 f\u0151s csoportb\u00f3l, amelyet az I\u00c1 \u00e9s m\u00e1s iszlamista szervezetek k\u00e9pvisel\u0151i a k\u00f6zel-keleti harcokhoz toboroztak.<br \/>\n    A visszat\u00e9r\u0151k k\u00f6z\u00fcl sokan csal\u00f3dottan, &#8222;frusztr\u00e1ltan&#8221; \u00e9rkeztek meg, m\u00e1sok viszont harci tapasztalatokkal j\u00f6ttek vissza. Ezek az emberek &#8222;megtanult\u00e1k, hogyan kell gy\u0171l\u00f6lni \u00e9s gyilkolni&#8221;, \u00e9s s\u00falyos biztons\u00e1gi kock\u00e1zatot jelentenek &#8211; figyelmeztetett a bel\u00fcgyminiszter.<br \/>\n    Az I\u00c1-hoz kapcsol\u00f3d\u00f3 tev\u00e9kenys\u00e9gek betilt\u00e1sa nem helyettes\u00edtheti a t\u00e1rsadalom \u00f6nvizsg\u00e1lat\u00e1t. Fel kell t\u00e1rni, hogy mi\u00e9rt l\u00e9pnek N\u00e9metorsz\u00e1gban \u00e9l\u0151 fiatal n\u0151k \u00e9s f\u00e9rfiak a radikalizmus \u00fatj\u00e1ra, amely a sz\u00edriai \u00e9s iraki harcokba vezet &#8211; hangs\u00falyozta a Thomas de Maiziere.<br \/>\n    A hat\u00f3s\u00e1gi fell\u00e9p\u00e9s mellett &#8222;sz\u00fcks\u00e9g van a sz\u00fcl\u0151kre, testv\u00e9rekre, bar\u00e1tokra, szomsz\u00e9dokra is&#8221; &#8211; fejtette ki, hozz\u00e1t\u00e9ve, hogy a n\u00e9metorsz\u00e1gi muzulm\u00e1n k\u00f6z\u00f6ss\u00e9g vezet\u0151 szervezetei is \u00e1ll\u00e1st foglalnak az I\u00c1 &#8222;barb\u00e1r terrorj\u00e1val szemben&#8221;, ami &#8222;fontos \u00e9s j\u00f3 jel&#8221;.<br \/>\n    A rendelet \u00e9rtelm\u00e9ben tilos egyebek k\u00f6z\u00f6tt az I\u00c1 jav\u00e1ra p\u00e9nzt gy\u0171jteni, a szervezet jelk\u00e9peit viselni vagy b\u00e1rmilyen m\u00e1s m\u00f3don haszn\u00e1lni, az I\u00c1-t n\u00e9pszer\u0171s\u00edt\u0151 anyagokat terjeszteni. A bel\u00fcgyminiszt\u00e9rium kapcsolatba l\u00e9pett az internetszolg\u00e1ltat\u00f3kkal, hogy a hat\u00f3s\u00e1gok hat\u00e9konyan l\u00e9phessenek fel az I\u00c1 propagand\u00e1ja ellen, amely mindenekel\u0151tt a digit\u00e1lis t\u00e9rben terjed.(MTI)<\/p>\n","protected":false},"excerpt":{"rendered":"<p>A n\u00e9met bel\u00fcgyminiszt\u00e9rium p\u00e9nteken azonnali hat\u00e1llyal betiltotta az Iszl\u00e1m \u00c1llam (I\u00c1) nev\u0171 sz\u00e9ls\u0151s\u00e9ges iszlamista szervezethez k\u00f6thet\u0151 valamennyi tev\u00e9kenys\u00e9get, \u00edgy ezent\u00fal b\u0171ncselekm\u00e9nynek sz\u00e1m\u00edt p\u00e9ld\u00e1ul a szervezet n\u00e9pszer\u0171s\u00edt\u00e9se \u00e9s jelk\u00e9peinek haszn\u00e1lata.<\/p>\n","protected":false},"author":1,"featured_media":0,"comment_status":"open","ping_status":"closed","sticky":false,"template":"","format":"standard","meta":[],"categories":[16],"tags":[],"_links":{"self":[{"href":"https:\/\/gazdasagportal.hu\/index.php\/wp-json\/wp\/v2\/posts\/44291"}],"collection":[{"href":"https:\/\/gazdasagportal.hu\/index.php\/wp-json\/wp\/v2\/posts"}],"about":[{"href":"https:\/\/gazdasagportal.hu\/index.php\/wp-json\/wp\/v2\/types\/post"}],"author":[{"embeddable":true,"href":"https:\/\/gazdasagportal.hu\/index.php\/wp-json\/wp\/v2\/users\/1"}],"replies":[{"embeddable":true,"href":"https:\/\/gazdasagportal.hu\/index.php\/wp-json\/wp\/v2\/comments?post=44291"}],"version-history":[{"count":1,"href":"https:\/\/gazdasagportal.hu\/index.php\/wp-json\/wp\/v2\/posts\/44291\/revisions"}],"predecessor-version":[{"id":44292,"href":"https:\/\/gazdasagportal.hu\/index.php\/wp-json\/wp\/v2\/posts\/44291\/revisions\/44292"}],"wp:attachment":[{"href":"https:\/\/gazdasagportal.hu\/index.php\/wp-json\/wp\/v2\/media?parent=44291"}],"wp:term":[{"taxonomy":"category","embeddable":true,"href":"https:\/\/gazdasagportal.hu\/index.php\/wp-json\/wp\/v2\/categories?post=44291"},{"taxonomy":"post_tag","embeddable":true,"href":"https:\/\/gazdasagportal.hu\/index.php\/wp-json\/wp\/v2\/tags?post=44291"}],"curies":[{"name":"wp","href":"https:\/\/api.w.org\/{rel}","templated":true}]}}