{"id":44206,"date":"2014-09-12T08:27:01","date_gmt":"2014-09-12T06:27:01","guid":{"rendered":"http:\/\/stockportal.hu\/?p=44206"},"modified":"2014-09-12T08:27:01","modified_gmt":"2014-09-12T06:27:01","slug":"okf-tobb-jarmu-elakadt-a-nagy-esozes-miatt-az-uton-allo-vizben","status":"publish","type":"post","link":"https:\/\/gazdasagportal.hu\/index.php\/okf-tobb-jarmu-elakadt-a-nagy-esozes-miatt-az-uton-allo-vizben\/","title":{"rendered":"OKF: t\u00f6bb j\u00e1rm\u0171 elakadt a nagy es\u0151z\u00e9s miatt az \u00faton \u00e1ll\u00f3 v\u00edzben"},"content":{"rendered":"<p><strong>T\u00f6bb j\u00e1rm\u0171 is elakadt a lehullott jelent\u0151s mennyis\u00e9g\u0171 csapad\u00e9k miatt az \u00faton \u00e1ll\u00f3 magas v\u00edzben &#8211; mondta az Orsz\u00e1gos Katasztr\u00f3fav\u00e9delmi F\u0151igazgat\u00f3s\u00e1g sz\u00f3viv\u0151je p\u00e9ntek reggel az MTI-nek.<br \/>\n<\/strong><!--more--><br \/>\n<div class=\"ads-in-post1\"><div id=\"gazdasagportal.hu_fullbanner_wideboard\"><\/div>\r\n<\/div>\n    Hajdu M\u00e1rton elmondta: a nagy es\u0151z\u00e9ssel, illetve viharokkal \u00f6sszef\u00fcgg\u00e9sben csak az \u00e9jszaka orsz\u00e1gszerte mintegy 60 esethez riasztott\u00e1k a t\u0171zolt\u00f3kat. A legt\u00f6bb bejelent\u00e9st a f\u0151v\u00e1rosban \u00e9s Pest megy\u00e9ben kapt\u00e1k.<br \/>\n    Jellemz\u0151en a hirtelen lez\u00fadul\u00f3 jelent\u0151s mennyis\u00e9g\u0171 csapad\u00e9k okozott gondot, de t\u00f6bb esetben leszakadt \u00e1gak, kid\u0151lt f\u00e1k miatt is k\u00e9rt\u00e9k a t\u0171zolt\u00f3k seg\u00edts\u00e9g\u00e9t.<br \/>\n    Az OKF inform\u00e1ci\u00f3i szerint hat lak\u00f3\u00e9p\u00fcletben keletkezett valamilyen k\u00e1r. A Somogy megyei Mik\u00e9n egy t\u0171zfal omlott le, m\u00edg a Baranya megyei K\u00f6k\u00e9nyen egy h\u00e1z tet\u0151szerkezete rogyott meg. Egyik esetn\u00e9l sem s\u00e9r\u00fclt meg senki.<br \/>\n    Hajdu M\u00e1rton azt is elmondta: a jelent\u0151s es\u0151z\u00e9s okozta \u00e1rad\u00e1sok miatt k\u00e9t megy\u00e9ben &#8211; Zala \u00e9s Somogy &#8211; mintegy 1300 homokzs\u00e1kot haszn\u00e1ltak fel a v\u00e9dekez\u00e9shez.<br \/>\n    Az orsz\u00e1g nagy r\u00e9sz\u00e9n tov\u00e1bbra is figyelmeztet\u00e9s van \u00e9rv\u00e9nyben a sok es\u0151 miatt. Kom\u00e1rom-Esztergom \u00e9s N\u00f3gr\u00e1d megy\u00e9ben m\u00e1sod-, tizenh\u00e1rom megy\u00e9re \u00e9s a f\u0151v\u00e1rosra els\u0151fok\u00fa figyelmeztet\u00e9s adott ki a v\u00e1rhat\u00f3 jelent\u0151s mennyis\u00e9g\u0171 csapad\u00e9k miatt az Orsz\u00e1gos Meteorol\u00f3giai Szolg\u00e1lat.(MTI)<br \/>\n<div class=\"ads-in-post2\"><script async src=\"https:\/\/pagead2.googlesyndication.com\/pagead\/js\/adsbygoogle.js\"><\/script>\r\n<ins class=\"adsbygoogle\"\r\n     style=\"display:block\"\r\n     data-ad-format=\"fluid\"\r\n     data-ad-layout-key=\"-6t+ed+2i-1n-4w\"\r\n     data-ad-client=\"ca-pub-1959107119989764\"\r\n     data-ad-slot=\"4008251320\"><\/ins>\r\n<script>\r\n     (adsbygoogle = window.adsbygoogle || []).push({});\r\n<\/script><\/div>\n","protected":false},"excerpt":{"rendered":"<p>T\u00f6bb j\u00e1rm\u0171 is elakadt a lehullott jelent\u0151s mennyis\u00e9g\u0171 csapad\u00e9k miatt az \u00faton \u00e1ll\u00f3 magas v\u00edzben &#8211; mondta az Orsz\u00e1gos Katasztr\u00f3fav\u00e9delmi F\u0151igazgat\u00f3s\u00e1g sz\u00f3viv\u0151je p\u00e9ntek reggel az MTI-nek.<\/p>\n","protected":false},"author":1,"featured_media":0,"comment_status":"open","ping_status":"closed","sticky":false,"template":"","format":"standard","meta":[],"categories":[4,151],"tags":[],"_links":{"self":[{"href":"https:\/\/gazdasagportal.hu\/index.php\/wp-json\/wp\/v2\/posts\/44206"}],"collection":[{"href":"https:\/\/gazdasagportal.hu\/index.php\/wp-json\/wp\/v2\/posts"}],"about":[{"href":"https:\/\/gazdasagportal.hu\/index.php\/wp-json\/wp\/v2\/types\/post"}],"author":[{"embeddable":true,"href":"https:\/\/gazdasagportal.hu\/index.php\/wp-json\/wp\/v2\/users\/1"}],"replies":[{"embeddable":true,"href":"https:\/\/gazdasagportal.hu\/index.php\/wp-json\/wp\/v2\/comments?post=44206"}],"version-history":[{"count":1,"href":"https:\/\/gazdasagportal.hu\/index.php\/wp-json\/wp\/v2\/posts\/44206\/revisions"}],"predecessor-version":[{"id":44207,"href":"https:\/\/gazdasagportal.hu\/index.php\/wp-json\/wp\/v2\/posts\/44206\/revisions\/44207"}],"wp:attachment":[{"href":"https:\/\/gazdasagportal.hu\/index.php\/wp-json\/wp\/v2\/media?parent=44206"}],"wp:term":[{"taxonomy":"category","embeddable":true,"href":"https:\/\/gazdasagportal.hu\/index.php\/wp-json\/wp\/v2\/categories?post=44206"},{"taxonomy":"post_tag","embeddable":true,"href":"https:\/\/gazdasagportal.hu\/index.php\/wp-json\/wp\/v2\/tags?post=44206"}],"curies":[{"name":"wp","href":"https:\/\/api.w.org\/{rel}","templated":true}]}}