{"id":44162,"date":"2014-09-11T20:10:04","date_gmt":"2014-09-11T18:10:04","guid":{"rendered":"http:\/\/stockportal.hu\/?p=44162"},"modified":"2014-09-11T17:30:47","modified_gmt":"2014-09-11T15:30:47","slug":"skot-nepszavazas-yougov-elnok-sikeres-a-fuggetlensegparti-tabor-a-felelmek-eloszlatasaban","status":"publish","type":"post","link":"https:\/\/gazdasagportal.hu\/index.php\/skot-nepszavazas-yougov-elnok-sikeres-a-fuggetlensegparti-tabor-a-felelmek-eloszlatasaban\/","title":{"rendered":"Sk\u00f3t n\u00e9pszavaz\u00e1s &#8211; YouGov-eln\u00f6k: sikeres a f\u00fcggetlens\u00e9gp\u00e1rti t\u00e1bor a f\u00e9lelmek eloszlat\u00e1s\u00e1ban"},"content":{"rendered":"<p><strong>A sk\u00f3ciai f\u00fcggetlens\u00e9g t\u00e1mogatotts\u00e1g\u00e1nak hirtelen megugr\u00e1s\u00e1t els\u0151sorban az okozta, hogy az elszakad\u00e1st p\u00e1rtol\u00f3 t\u00e1bor sikeres a f\u00fcggetlenn\u00e9 v\u00e1l\u00e1s gazdas\u00e1gi-p\u00e9nz\u00fcgyi k\u00f6vetkezm\u00e9nyeivel kapcsolatos lakoss\u00e1gi f\u00e9lelmek eloszlat\u00e1s\u00e1ban &#8211; mondta cs\u00fct\u00f6rt\u00f6k\u00f6n a legnagyobb brit k\u00f6zv\u00e9lem\u00e9ny-kutat\u00f3, a YouGov eln\u00f6ke.<\/strong><!--more--><br \/>\n<div class=\"ads-in-post1\"><div id=\"gazdasagportal.hu_fullbanner_wideboard\"><\/div>\r\n<\/div>\n<p>    Peter Kellner, akinek c\u00e9ge a j\u00f6v\u0151 cs\u00fct\u00f6rt\u00f6ki f\u00fcggetlens\u00e9gi n\u00e9pszavaz\u00e1s kamp\u00e1ny\u00e1nak kezdete \u00f3ta els\u0151k\u00e9nt mutatta ki a f\u00fcggetlens\u00e9gp\u00e1rti oldal t\u00e1mogatotts\u00e1gi el\u0151ny\u00e9t, k\u00fclf\u00f6ldi tud\u00f3s\u00edt\u00f3knak tartott londoni t\u00e1j\u00e9koztat\u00f3j\u00e1n kijelentette: v\u00e9lem\u00e9nye szerint egyre t\u00f6bb sk\u00f3t v\u00e1laszt\u00f3 elhiszi Alex Salmond sk\u00f3t minisztereln\u00f6knek p\u00e9ld\u00e1ul azt, hogy a brit korm\u00e1ny csak bl\u00f6ff\u00f6l, amikor kiz\u00e1rja, hogy a f\u00fcggetlen Sk\u00f3cia megtarthassa fizet\u0151eszk\u00f6z\u00e9\u00fcl a fontot.<br \/>\n    Salmond meglehet\u0151sen sikeresen semleges\u00edtette a f\u00fcggetlens\u00e9gellenes kamp\u00e1nyt ir\u00e1ny\u00edt\u00f3 szervezet, a Better Together (Jobb egy\u00fctt) keltette gazdas\u00e1gi &#8222;f\u00e9lelemfaktort&#8221;, megteremtve a saj\u00e1t &#8222;f\u00e9lelemfaktor\u00e1t&#8221;, amelynek egyik els\u0151dleges eleme az, hogy ha Sk\u00f3cia az Egyes\u00fclt Kir\u00e1lys\u00e1g r\u00e9sze marad, akkor tov\u00e1bbra is &#8222;a londoni konzervat\u00edvok&#8221; fogj\u00e1k korm\u00e1nyozni &#8211; fogalmazott Kellner.<br \/>\n    A YouGov eln\u00f6ke ezzel kapcsolatban hangs\u00falyozta, hogy a sk\u00f3t lakoss\u00e1g jelent\u0151s r\u00e9sze sokkal ink\u00e1bb &#8222;balra h\u00faz&#8221;, mint az angolok t\u00f6bbs\u00e9ge. Ez az oka annak, hogy Salmond \u00e9s az \u00e1ltala vezetett f\u00fcggetlens\u00e9gp\u00e1rti kamp\u00e1ny sikeresen meg tudta sz\u00f3l\u00edtani a progressz\u00edv sk\u00f3t munk\u00e1soszt\u00e1ly sz\u00e9les t\u00f6megeit, \u00e9s ez\u00e9rt tapasztalhat\u00f3 az is, hogy a legnagyobb brit ellenz\u00e9ki er\u0151, a Sk\u00f3cia elszakad\u00e1sa ellen kamp\u00e1nyol\u00f3 Munk\u00e1sp\u00e1rt sk\u00f3ciai szavaz\u00f3i egyre nagyobb ar\u00e1nyban sorakoznak fel a f\u00fcggetlens\u00e9gp\u00e1rti sk\u00f3t korm\u00e1ny m\u00f6g\u00f6tt &#8211; mondta Kellner. Hozz\u00e1tette: a Labour sk\u00f3ciai szavaz\u00f3b\u00e1zisa adta a legnagyobb olyan egyedi v\u00e1laszt\u00f3i csoportot, amely az ut\u00f3bbi hetekben csatlakozott a f\u00fcggetlens\u00e9gp\u00e1rti er\u0151kh\u00f6z.<br \/>\n    A Munk\u00e1sp\u00e1rt kett\u0151s kudarc\u00e1r\u00f3l van sz\u00f3. Az els\u0151 az volt, amikor a Labour a 2011-es sk\u00f3ciai tartom\u00e1nyi v\u00e1laszt\u00e1sokon nem tudta megakad\u00e1lyozni, hogy a Sk\u00f3ci\u00e1t jelenleg korm\u00e1nyz\u00f3 Sk\u00f3t Nemzeti P\u00e1rt (SNP) ker\u00fclj\u00f6n abszol\u00fat t\u00f6bbs\u00e9gbe a sk\u00f3t parlamentben, a m\u00e1sik pedig az, hogy a n\u00e9pszavaz\u00e1si kamp\u00e1nyban a Munk\u00e1sp\u00e1rt nem tudta el\u00e9gs\u00e9ges sz\u00e1mban a brit uni\u00f3 fenntart\u00e1s\u00e1nak t\u00e1mogat\u00e1s\u00e1ra mozg\u00f3s\u00edtani saj\u00e1t sk\u00f3ciai v\u00e1laszt\u00f3it &#8211; fogalmazott a YouGov vezet\u0151je.<br \/>\n    Kellner szerint ugyanakkor a Better Together kamp\u00e1nytev\u00e9kenys\u00e9ge is  &#8222;rem\u00e9nytelen\u00fcl rossz&#8221;. Ezt jelzi, hogy a YouGov felm\u00e9r\u00e9seibe bevont sk\u00f3t v\u00e1laszt\u00f3k k\u00f6z\u00f6tt t\u00f6bben vannak, akikkel valamilyen form\u00e1ban szem\u00e9lyesen kapcsolatba ker\u00fclt a Yes Scotland, vagyis a sk\u00f3t f\u00fcggetlens\u00e9gi kamp\u00e1nyt ir\u00e1ny\u00edt\u00f3 csoport, mint azok, akik arr\u00f3l sz\u00e1moltak be, hogy szem\u00e9lyesen vagy k\u00f6zvetve \u00e9szlelt\u00e9k a Better Together kamp\u00e1ny\u00e1t.<br \/>\n    Peter Kellner szerint a Better Together els\u0151sorban ott rontotta el a kamp\u00e1nyt, hogy kategorikus \u00e1ll\u00edt\u00e1sk\u00e9nt kijelentette: f\u00fcggetlenn\u00e9 v\u00e1l\u00e1sa eset\u00e9n Sk\u00f3cia nem lehet az Eur\u00f3pai Uni\u00f3 tagja \u00e9s nem tarthatja meg a fontot. Ez alkalmat adott Salmond minisztereln\u00f6knek arra a riposztra, hogy &#8222;ne hagyj\u00e1tok magatokat ezekt\u0151l az arrog\u00e1ns londoniakt\u00f3l megf\u00e9leml\u00edteni&#8221;. Ha a Better Together \u00e9s London azt mondta volna a sk\u00f3toknak, hogy &#8222;ha igennel szavaztok (a f\u00fcggetlens\u00e9gre), minden t\u0151l\u00fcnk telhet\u0151t megtesz\u00fcnk, hogy seg\u00edts\u00fcnk az EU-tags\u00e1ggal \u00e9s a fizet\u0151eszk\u00f6zzel kapcsolatos probl\u00e9m\u00e1k megold\u00e1s\u00e1ban, de nem tudjuk biztons\u00e1ggal megj\u00f3solni, hogy ezek a bonyolult \u00fcgyek v\u00e9g\u00fcl hova fejl\u0151dnek&#8221;, az egyr\u00e9szt igaz lett volna, m\u00e1sr\u00e9szt kev\u00e9sb\u00e9 hangzott volna arrog\u00e1nsan, harmadr\u00e9szt egy\u00fcttm\u0171k\u00f6d\u00e9si k\u00e9szs\u00e9get jelzett volna, negyedr\u00e9szt pedig kisebb t\u00e1mad\u00e1si c\u00e9lpontot ny\u00fajtott volna Salmondnak &#8211; fejtegette a cs\u00fct\u00f6rt\u00f6ki londoni sajt\u00f3besz\u00e9lget\u00e9sen a YouGov eln\u00f6ke.<br \/>\n    Peter Kellner szerint a Better Together alapvet\u0151 kamp\u00e1nytechnikai hib\u00e1ja, hogy nem ezt a hozz\u00e1\u00e1ll\u00e1st tan\u00fas\u00edtotta.(MTI)<\/p>\n","protected":false},"excerpt":{"rendered":"<p>A sk\u00f3ciai f\u00fcggetlens\u00e9g t\u00e1mogatotts\u00e1g\u00e1nak hirtelen megugr\u00e1s\u00e1t els\u0151sorban az okozta, hogy az elszakad\u00e1st p\u00e1rtol\u00f3 t\u00e1bor sikeres a f\u00fcggetlenn\u00e9 v\u00e1l\u00e1s gazdas\u00e1gi-p\u00e9nz\u00fcgyi k\u00f6vetkezm\u00e9nyeivel kapcsolatos lakoss\u00e1gi f\u00e9lelmek eloszlat\u00e1s\u00e1ban &#8211; mondta cs\u00fct\u00f6rt\u00f6k\u00f6n a legnagyobb brit k\u00f6zv\u00e9lem\u00e9ny-kutat\u00f3, a YouGov eln\u00f6ke.<\/p>\n","protected":false},"author":1,"featured_media":0,"comment_status":"open","ping_status":"closed","sticky":false,"template":"","format":"standard","meta":[],"categories":[12],"tags":[],"_links":{"self":[{"href":"https:\/\/gazdasagportal.hu\/index.php\/wp-json\/wp\/v2\/posts\/44162"}],"collection":[{"href":"https:\/\/gazdasagportal.hu\/index.php\/wp-json\/wp\/v2\/posts"}],"about":[{"href":"https:\/\/gazdasagportal.hu\/index.php\/wp-json\/wp\/v2\/types\/post"}],"author":[{"embeddable":true,"href":"https:\/\/gazdasagportal.hu\/index.php\/wp-json\/wp\/v2\/users\/1"}],"replies":[{"embeddable":true,"href":"https:\/\/gazdasagportal.hu\/index.php\/wp-json\/wp\/v2\/comments?post=44162"}],"version-history":[{"count":1,"href":"https:\/\/gazdasagportal.hu\/index.php\/wp-json\/wp\/v2\/posts\/44162\/revisions"}],"predecessor-version":[{"id":44163,"href":"https:\/\/gazdasagportal.hu\/index.php\/wp-json\/wp\/v2\/posts\/44162\/revisions\/44163"}],"wp:attachment":[{"href":"https:\/\/gazdasagportal.hu\/index.php\/wp-json\/wp\/v2\/media?parent=44162"}],"wp:term":[{"taxonomy":"category","embeddable":true,"href":"https:\/\/gazdasagportal.hu\/index.php\/wp-json\/wp\/v2\/categories?post=44162"},{"taxonomy":"post_tag","embeddable":true,"href":"https:\/\/gazdasagportal.hu\/index.php\/wp-json\/wp\/v2\/tags?post=44162"}],"curies":[{"name":"wp","href":"https:\/\/api.w.org\/{rel}","templated":true}]}}