{"id":44125,"date":"2014-09-11T15:02:05","date_gmt":"2014-09-11T13:02:05","guid":{"rendered":"http:\/\/stockportal.hu\/?p=44125"},"modified":"2014-09-11T15:02:05","modified_gmt":"2014-09-11T13:02:05","slug":"eu-tisztujitas-el-pais-spanyolorszag-vesztett-korabbi-sulyabol","status":"publish","type":"post","link":"https:\/\/gazdasagportal.hu\/index.php\/eu-tisztujitas-el-pais-spanyolorszag-vesztett-korabbi-sulyabol\/","title":{"rendered":"EU-tiszt\u00faj\u00edt\u00e1s &#8211; El Pa\u00eds: Spanyolorsz\u00e1g vesztett kor\u00e1bbi s\u00faly\u00e1b\u00f3l"},"content":{"rendered":"<p><strong>Az El Pa\u00eds szerint Spanyolorsz\u00e1g vesztett kor\u00e1bbi s\u00faly\u00e1b\u00f3l az Eur\u00f3pai Bizotts\u00e1gban. A spanyol baloldali liber\u00e1lis napilap szerint Miguel Arias Canete egykori mez\u0151gazdas\u00e1gi miniszter \u00e9ghajlatv\u00e1ltoz\u00e1ssal \u00e9s energia\u00fcggyel foglalkoz\u00f3 biztoss\u00e1 jel\u00f6l\u00e9se elmarad a spanyolorsz\u00e1gi v\u00e1rakoz\u00e1sokt\u00f3l. A poszt jelent\u0151s\u00e9g\u00e9nek cs\u00f6kken\u00e9sek\u00e9nt \u00e9rt\u00e9kelt\u00e9k Spanyolorsz\u00e1gban azt is, hogy az ir\u00e1ny\u00edt\u00e1s nem k\u00f6zvetlen\u00fcl a biztos\u00e9, hanem a f\u00f6l\u00f6tte \u00e1ll\u00f3 aleln\u00f6k\u00e9. Ugyanakkor a lap el\u0151revet\u00edti azt is, hogy az energia\u00fcgyi biztos szerepe az orosz-ukr\u00e1n v\u00e1ls\u00e1gban fel\u00e9rt\u00e9kel\u0151dhet.<\/strong><!--more--><br \/>\n<div class=\"ads-in-post1\"><div id=\"gazdasagportal.hu_fullbanner_wideboard\"><\/div>\r\n<\/div>\n<p>    Az \u00fajs\u00e1g szerint Jean Claude Juncker egy &#8222;sokkal politikusabb&#8221; Eur\u00f3p\u00e1t hoz l\u00e9tre azzal, hogy olyan kicsi vagy k\u00f6zepes nagys\u00e1g\u00fa orsz\u00e1gokb\u00f3l v\u00e1lasztotta ki h\u00e9t aleln\u00f6kjel\u00f6ltj\u00e9t, amelyek m\u00e9gis megfelel\u0151 s\u00fallyal rendelkeznek a legfontosabb uni\u00f3s int\u00e9zm\u00e9nyt ir\u00e1ny\u00edt\u00e1s\u00e1hoz. Ezzel az egykori keleti blokk orsz\u00e1gai nyert\u00e9k a legt\u00f6bbet.<br \/>\n    A rom\u00e1niai Romania Libera szerint hi\u00e1ba d\u00f6rzs\u00f6lik a kez\u00fcket a korm\u00e1nyz\u00f3 szoci\u00e1ldemokrat\u00e1k: Corina Cretu region\u00e1lis politik\u00e1\u00e9rt felel\u0151s uni\u00f3s biztoss\u00e1 val\u00f3 kinevez\u00e9se ut\u00e1n sem fognak \u00f6mleni az eur\u00f3pai t\u00e1mogat\u00e1sok Rom\u00e1ni\u00e1ba.<br \/>\n    Igaz ugyan, hogy enn\u00e9l a &#8222;t\u00e1rc\u00e1n\u00e1l&#8221; kezelik az uni\u00f3s k\u00f6lts\u00e9gvet\u00e9s csaknem egyharmad\u00e1t, de ennek a ter\u00fcletnek van a legt\u00f6bb &#8222;fel\u00fcgyel\u0151je&#8221;: az EB n\u00e9gy aleln\u00f6ke fog folyamatosan Cretu asszony k\u00f6rm\u00e9re n\u00e9zni &#8211; \u00edrja a bukaresti jobboldali ellenz\u00e9khez k\u00f6zel \u00e1ll\u00f3 lap, amely szerint ezzel a megold\u00e1ssal biztos\u00edtotta be mag\u00e1t Jean-Claude Juncker bizotts\u00e1gi eln\u00f6k a parlamenti meghallgat\u00e1sn\u00e1l v\u00e1rhat\u00f3 t\u00e1mad\u00e1sokkal szemben, amelyek a rom\u00e1n biztos tapasztalatlans\u00e1g\u00e1t kifog\u00e1solhatn\u00e1k.<br \/>\n    A Traian Basescu \u00e1llamf\u0151h\u00f6z k\u00f6zel \u00e1ll\u00f3 Hotnews.ro h\u00edrport\u00e1l elemz\u00e9se a n\u00e9pp\u00e1rtiak \u00e9s szocialist\u00e1k k\u00f6z\u00f6tt egyens\u00falyoz\u00f3, \u00e9s a bizotts\u00e1gba jel\u00f6lt n\u0151k ar\u00e1ny\u00e1val k\u00fczd\u0151 Junckernek ironikus h\u00faz\u00e1sai is voltak a tiszts\u00e9gek sz\u00e9toszt\u00e1s\u00e1n\u00e1l: ezek k\u00f6z\u00e9 sorolt\u00e1k az is, milyen ter\u00fcletet sz\u00e1nt a magyar, illetve a rom\u00e1n biztosnak.<br \/>\n    &#8222;Magyarorsz\u00e1g a kor\u00e1bbin\u00e1l s\u00falytalanabb t\u00e1rc\u00e1t kapott, mert probl\u00e9m\u00e1s gyereknek tekintik az EU-ban&#8221; &#8211; \u00edrta a Hotnews.ro, megjegyezve: van abban n\u00e9mi ir\u00f3nia, hogy az \u00e1llampolg\u00e1rs\u00e1got &#8222;vitathat\u00f3 m\u00f3don, t\u00f6megesen osztogat\u00f3&#8221; Magyarorsz\u00e1g k\u00e9pvisel\u0151je felel majd az EB-ben &#8211; egyebek mellett &#8211; az \u00e1llampolg\u00e1rs\u00e1gi k\u00e9rd\u00e9sek\u00e9rt. Azt is ironikus megold\u00e1snak tartja a rom\u00e1n lap, hogy a region\u00e1lis politik\u00e1t Rom\u00e1ni\u00e1ra b\u00edzt\u00e1k, amely utols\u00f3 helyen \u00e1ll a uni\u00f3s t\u00e1mogat\u00e1sok abszorpci\u00f3s r\u00e1t\u00e1ja ter\u00e9n.<br \/>\n    A lengyel Rzeczpospolita napilap szerint mind az Eur\u00f3pai Uni\u00f3, mind Lengyelorsz\u00e1g szempontj\u00e1b\u00f3l is a legfontosabb a francia Pierre Moscovici kinevez\u00e9se. &#8222;Ezt P\u00e1rizs nagyon akarta, hogy kiss\u00e9 laz\u00edthasson a k\u00f6lts\u00e9gvet\u00e9si fegyelmen, s hogy \u00e9rz\u00e9keltesse, Eur\u00f3p\u00e1ban nem a n\u00e9metek d\u00f6ntenek mindenr\u0151l&#8221; &#8211; olvashat\u00f3 a lapban.     A brit Jonathan Hill p\u00e9nz\u00fcgyi biztosi kinevez\u00e9se a cikk szerint arr\u00f3l tan\u00faskodik, hogy Juncker enged\u00e9kenyebb lett annak \u00e9rdek\u00e9ben, hogy az Egyes\u00fclt Kir\u00e1lys\u00e1g az uni\u00f3ban maradjon.     Az \u00fajs\u00e1g &#8222;nyugtalan\u00edt\u00f3 jelnek&#8221; min\u0151s\u00edti, hogy a szlov\u00e9n Alenka Bratusek lett az energiauni\u00f3 felel\u0151se, mivel t\u00e1mogatta a D\u00e9li \u00c1ramlat terv\u00e9t&#8221;. Kedvez\u0151tlen a lap szerint az osztr\u00e1k Johannes Hahn kinevez\u00e9se is az eur\u00f3pai szomsz\u00e9ds\u00e1gpolitika \u00fcgyeivel foglalkoz\u00f3 biztosi posztra, mivel &#8211; mint a lap fogalmaz &#8211; &#8222;B\u00e9cs rendk\u00edv\u00fcl szkeptikus a kelet-eur\u00f3pai orsz\u00e1gokkal val\u00f3 szorosabb egy\u00fcttm\u0171k\u00f6d\u00e9st illet\u0151en.&#8221;     A komment\u00e1r szerint a lengyel Elzbieta Bienkowska a bels\u0151 piac\u00e9rt felel\u0151 biztosi poszton Lengyelorsz\u00e1g \u00e9rdek\u00e9t is \u00e9rv\u00e9nyes\u00edtheti, amennyiben k\u00e9pes lesz f\u00e9kezni a nyugat-eur\u00f3pai \u00e1llamok t\u00f6rekv\u00e9seit, hogy akad\u00e1lyozz\u00e1k a versenyk\u00e9pes lengyel c\u00e9gek bejut\u00e1s\u00e1t az eur\u00f3pai piacra.<br \/>\n     A Der Standard c\u00edm\u0171 osztr\u00e1k liber\u00e1lis lap az Eur\u00f3pai Uni\u00f3 nagy reformer\u00e9hez, a maastrichti szerz\u0151d\u00e9s atyj\u00e1hoz, Jacques Delorshoz hasonl\u00edtja Jean-Claude Junckert v\u00e9lem\u00e9nycikk\u00e9ben. Kiemelte, hogy Junckernek is vannak olyan nagy\u00edv\u0171 v\u00edzi\u00f3i, amilyenekkel Delors rendelkezett, \u00e9s amelyeknek k\u00f6sz\u00f6nhet\u0151 p\u00e9ld\u00e1ul az eur\u00f3pai p\u00e9nz\u00fcgyi uni\u00f3 \u00e9s az eur\u00f3 megsz\u00fclet\u00e9se.<br \/>\n    A lap szerint a bizotts\u00e1gi jel\u00f6l\u00e9sekkel Juncker egy\u00e9rtelm\u0171en kifejezte, hogy nem mini-forradalmakat, hanem megold\u00e1sokat akar,  tud alkalmazkodni a glob\u00e1lis vil\u00e1g kih\u00edv\u00e1saihoz.<br \/>\n    A ljubljanai sajt\u00f3 szerint a szlov\u00e9n politikusok t\u00f6bbs\u00e9ge fenntart\u00e1sokkal fogadta Alenka Bratusek t\u00e1voz\u00f3 szlov\u00e9n korm\u00e1nyf\u0151 kinevez\u00e9s\u00e9t az Eur\u00f3pai Bizotts\u00e1g energiauni\u00f3\u00e9rt felel\u0151s aleln\u00f6k\u00e9nek.<br \/>\n    Bratusek a szlov\u00e9n k\u00f6zszolg\u00e1lati r\u00e1di\u00f3ban Szlov\u00e9nia siker\u00e9nek nevezte azt, hogy egy kis orsz\u00e1g ilyen fontos ter\u00fcletet tud fel\u00fcgyelni Br\u00fcsszelben. A Delo c\u00edm\u0171 napilap besz\u00e1mol\u00f3ja szerint viszont a kinevez\u00e9s b\u00edr\u00e1l\u00f3i azt hangs\u00falyozz\u00e1k, hogy a politikus megbukott Szlov\u00e9ni\u00e1ban: sem az eur\u00f3pai parlamenti v\u00e1laszt\u00e1son, sem a lemond\u00e1sa miatt ki\u00edrt el\u0151re hozott parlamenti v\u00e1laszt\u00e1son nem szerepelt j\u00f3l, r\u00e1ad\u00e1sul korm\u00e1nyf\u0151k\u00e9nt \u00f6nmag\u00e1t jel\u00f6lte uni\u00f3s biztosnak, ami visszatetsz\u00e9st kelt a k\u00f6zv\u00e9lem\u00e9nyben.<br \/>\n    Janez Jansa kor\u00e1bbi minisztereln\u00f6k &#8211; aki egy korrupci\u00f3s \u00fcgy miatt k\u00e9t\u00e9ves b\u00f6rt\u00f6nb\u00fcntet\u00e9s\u00e9t t\u00f6lti, a v\u00e1laszt\u00e1sokon viszont a m\u00e1sodik helyet szerezte meg, \u00e9s beker\u00fclt a parlamentbe &#8211; lev\u00e9lben fordult Junckerhez, amelyben lesz\u00f6gezte: Bratusek volt Szlov\u00e9nia eddigi legrosszabb minisztereln\u00f6ke, \u00e9s t\u00f6bbsz\u00f6r is Eur\u00f3pa-ellenes kijelent\u00e9seket tett, ez\u00e9rt nem lenne szabad ilyen magas funkci\u00f3hoz juttatni. Jansa ny\u00edlt levele p\u00e1rtj\u00e1nak, a Szoci\u00e1ldemokrat\u00e1knak (SDS) a honlapj\u00e1n olvashat\u00f3.<br \/>\n    A korm\u00e1nyp\u00e1rtok \u00e9s az ellenz\u00e9k is b\u00edr\u00e1lta a d\u00f6nt\u00e9st, t\u00f6bben azt javasolt\u00e1k az \u00faj minisztereln\u00f6knek, Miro Cerarnak, hogy k\u00e9rv\u00e9nyezze Br\u00fcsszelben Bratusek jel\u00f6l\u00e9s\u00e9nek visszavon\u00e1s\u00e1t. A szlov\u00e9n sajt\u00f3 besz\u00e1mol\u00f3i szerint ez egyel\u0151re nem t\u00f6rt\u00e9nt meg.<br \/>\n    \u00dagy t\u0171nik, a jel\u00f6l\u00e9snek Bratusek mellett csak a szlov\u00e9n energiaipari kamara \u00f6r\u00fcl igaz\u00e1n, Niko Martinec kamarai kijelentette, ez \u00f3ri\u00e1si lehet\u0151s\u00e9get jelent Szlov\u00e9nia sz\u00e1m\u00e1ra, az energiauni\u00f3 \u00fcgye ugyanis egyre fontosabb\u00e1 v\u00e1lik a tag\u00e1llamok sz\u00e1m\u00e1ra.(MTI)<br \/>\n<div class=\"ads-in-post2\"><script async src=\"https:\/\/pagead2.googlesyndication.com\/pagead\/js\/adsbygoogle.js\"><\/script>\r\n<ins class=\"adsbygoogle\"\r\n     style=\"display:block\"\r\n     data-ad-format=\"fluid\"\r\n     data-ad-layout-key=\"-6t+ed+2i-1n-4w\"\r\n     data-ad-client=\"ca-pub-1959107119989764\"\r\n     data-ad-slot=\"4008251320\"><\/ins>\r\n<script>\r\n     (adsbygoogle = window.adsbygoogle || []).push({});\r\n<\/script><\/div>\n","protected":false},"excerpt":{"rendered":"<p>Az El Pa\u00eds szerint Spanyolorsz\u00e1g vesztett kor\u00e1bbi s\u00faly\u00e1b\u00f3l az Eur\u00f3pai Bizotts\u00e1gban. A spanyol baloldali liber\u00e1lis napilap szerint Miguel Arias Canete egykori mez\u0151gazdas\u00e1gi miniszter \u00e9ghajlatv\u00e1ltoz\u00e1ssal \u00e9s energia\u00fcggyel foglalkoz\u00f3 biztoss\u00e1 jel\u00f6l\u00e9se elmarad a spanyolorsz\u00e1gi v\u00e1rakoz\u00e1sokt\u00f3l. A poszt jelent\u0151s\u00e9g\u00e9nek cs\u00f6kken\u00e9sek\u00e9nt \u00e9rt\u00e9kelt\u00e9k Spanyolorsz\u00e1gban azt is, hogy az ir\u00e1ny\u00edt\u00e1s nem k\u00f6zvetlen\u00fcl a biztos\u00e9, hanem a f\u00f6l\u00f6tte \u00e1ll\u00f3 aleln\u00f6k\u00e9. Ugyanakkor a &#8230;<\/p>\n","protected":false},"author":1,"featured_media":0,"comment_status":"open","ping_status":"closed","sticky":false,"template":"","format":"standard","meta":[],"categories":[12],"tags":[],"_links":{"self":[{"href":"https:\/\/gazdasagportal.hu\/index.php\/wp-json\/wp\/v2\/posts\/44125"}],"collection":[{"href":"https:\/\/gazdasagportal.hu\/index.php\/wp-json\/wp\/v2\/posts"}],"about":[{"href":"https:\/\/gazdasagportal.hu\/index.php\/wp-json\/wp\/v2\/types\/post"}],"author":[{"embeddable":true,"href":"https:\/\/gazdasagportal.hu\/index.php\/wp-json\/wp\/v2\/users\/1"}],"replies":[{"embeddable":true,"href":"https:\/\/gazdasagportal.hu\/index.php\/wp-json\/wp\/v2\/comments?post=44125"}],"version-history":[{"count":1,"href":"https:\/\/gazdasagportal.hu\/index.php\/wp-json\/wp\/v2\/posts\/44125\/revisions"}],"predecessor-version":[{"id":44126,"href":"https:\/\/gazdasagportal.hu\/index.php\/wp-json\/wp\/v2\/posts\/44125\/revisions\/44126"}],"wp:attachment":[{"href":"https:\/\/gazdasagportal.hu\/index.php\/wp-json\/wp\/v2\/media?parent=44125"}],"wp:term":[{"taxonomy":"category","embeddable":true,"href":"https:\/\/gazdasagportal.hu\/index.php\/wp-json\/wp\/v2\/categories?post=44125"},{"taxonomy":"post_tag","embeddable":true,"href":"https:\/\/gazdasagportal.hu\/index.php\/wp-json\/wp\/v2\/tags?post=44125"}],"curies":[{"name":"wp","href":"https:\/\/api.w.org\/{rel}","templated":true}]}}