{"id":44122,"date":"2014-09-11T14:45:21","date_gmt":"2014-09-11T12:45:21","guid":{"rendered":"http:\/\/stockportal.hu\/?p=44122"},"modified":"2014-09-11T14:45:21","modified_gmt":"2014-09-11T12:45:21","slug":"a-nemet-lapok-vegyesen-ertekeltek-a-eu-biztosi-feladatkorok-kiosztasat","status":"publish","type":"post","link":"https:\/\/gazdasagportal.hu\/index.php\/a-nemet-lapok-vegyesen-ertekeltek-a-eu-biztosi-feladatkorok-kiosztasat\/","title":{"rendered":"A n\u00e9met lapok vegyesen \u00e9rt\u00e9kelt\u00e9k  a EU-biztosi feladatk\u00f6r\u00f6k kioszt\u00e1s\u00e1t"},"content":{"rendered":"<p><strong>A n\u00e9met lapok vegyesen \u00e9rt\u00e9kelt\u00e9k\u00a0\u00a0a EU-biztosi feladatk\u00f6r\u00f6k kioszt\u00e1s\u00e1t, a komment\u00e1rok a francia\u00a0\u00a0Pierre Moscovici megb\u00edzat\u00e1s\u00e1val \u00e9s a r\u00e9gi-\u00faj n\u00e9met uni\u00f3s biztos, G\u00fcnther Oettinger portf\u00f3li\u00f3j\u00e1val foglalkoztak.<!--more--><\/strong><br \/>\n<div class=\"ads-in-post1\"><div id=\"gazdasagportal.hu_fullbanner_wideboard\"><\/div>\r\n<\/div>\n<p>A konzervat\u00edv Frankfurter Allgemeine Zeitung (FAZ) kiemelte, hogy Juncker k\u00e9nytelen &#8222;hozott anyagb\u00f3l dolgozni&#8221;, hiszen a bizotts\u00e1g tagjait a tag\u00e1llamok deleg\u00e1lj\u00e1k. A feladatokat viszont az eln\u00f6k osztja ki, \u00e9s ez Junckernek az \u00e9vtizedes &#8222;politikai tapaszatalata ellen\u00e9re nem siker\u00fclt igaz\u00e1n j\u00f3l&#8221;.<br \/>\nK\u00fcl\u00f6n\u00f6sen &#8222;kock\u00e1zatos&#8221; d\u00f6nt\u00e9s a FAZ szerint Pierre Moscovicire b\u00edzni a gazdas\u00e1gi \u00e9s p\u00e9nz\u00fcgyi ter\u00fcletet, hiszen a francia politikus haz\u00e1ja p\u00e9nz\u00fcgyminiszterek\u00e9nt nem tudta betartani az \u00e1llamh\u00e1ztart\u00e1si deficitre vonatkoz\u00f3 br\u00fcsszeli szab\u00e1lyokat, ez\u00e9rt k\u00e9ts\u00e9ges, hogy hitelesen tud fell\u00e9pni a szigor\u00fa k\u00f6lts\u00e9gvet\u00e9si politik\u00e1t el\u0151\u00edr\u00f3 stabilit\u00e1si paktum v\u00e9delmez\u0151jek\u00e9nt. F\u00e9l\u0151, hogy a francia biztos a tag\u00e1llami \u00e1llamh\u00e1ztart\u00e1si, k\u00f6lts\u00e9gvet\u00e9si tervek meg\u00edt\u00e9l\u00e9s\u00e9hez rendelkez\u00e9sre \u00e1ll\u00f3 sz\u00e9les bizotts\u00e1gi mozg\u00e1steret a s\u00falyosan elad\u00f3sodott \u00e1llamok, mindenekel\u0151tt haz\u00e1ja jav\u00e1ra haszn\u00e1lja fel.<br \/>\nA frankfurti lap megjegyzi: az adott bizotts\u00e1gi tag haz\u00e1j\u00e1nak \u00e9rintetts\u00e9ge miatt ugyan\u00edgy k\u00e9tes v\u00e1laszt\u00e1snak t\u0171nik \u00e9ppen a test\u00fclet g\u00f6r\u00f6g tagj\u00e1t megb\u00edzni a migr\u00e1ci\u00f3s \u00fcgyek vitel\u00e9vel, s a brit biztos fel\u00fcgyelete al\u00e1 helyezni a p\u00e9nz\u00fcgyi szolg\u00e1ltat\u00e1sok \u00e9s a t\u0151kepiac ter\u00fclet\u00e9t. A cikk szerint a bizotts\u00e1g \u00faj szerkezete is vesz\u00e9lyes, azzal fenyeget, hogy hat\u00e1sk\u00f6ri vit\u00e1k terhelik majd a munk\u00e1j\u00e1t \u00e9s az egys\u00e9g helyett a &#8222;t\u00f6bbsz\u00f3lam\u00fas\u00e1g&#8221; lesz a jellemz\u0151, ami &#8222;komoly gond az EU sz\u00e1m\u00e1ra, amelynek Juncker helyes megl\u00e1t\u00e1sa szerint m\u00e1r csak egyetlen es\u00e9lye van a sikerre&#8221;.<br \/>\nA konzervat\u00edv Die Welt is kifog\u00e1solta, &#8222;rossz v\u00e1laszt\u00e1snak&#8221; nevezte, hogy a francia uni\u00f3s biztosnak jutott a gazdas\u00e1g \u00e9s a p\u00e9nz\u00fcgy. Vajon mit \u00fczen ez a v\u00e1laszt\u00e1s a n\u00e9meteknek, akik &#8222;hittek abban az \u00edg\u00e9retben, hogy az eur\u00f3 annyira stabil, mint a m\u00e1rka&#8221;, \u00e9s Moscovici vajon &#8222;mik\u00e9nt veszi majd r\u00e1 reformokra \u00e9s takar\u00e9koskod\u00e1sra ut\u00f3dj\u00e1t P\u00e1rizsban, amikor \u0151 maga sz\u00e1nd\u00e9kosan megszegte a (k\u00f6lts\u00e9gvet\u00e9si) szab\u00e1lyokat&#8221;. A n\u00e9met korm\u00e1ny kudarcot vallott, hiszen nem siker\u00fclt megakad\u00e1lyoznia Moscovici &#8222;eur\u00f3-biztosi&#8221; kinevez\u00e9s\u00e9t &#8211; v\u00e9li a lap.<br \/>\nA Die Welt azt is b\u00edr\u00e1lta, hogy a digit\u00e1lis gazdas\u00e1g \u00e9s t\u00e1rsadalom portf\u00f3li\u00f3 jutott a n\u00e9met biztosnak, G\u00fcnther Oettingernek, mert az kev\u00e9sb\u00e9 fajs\u00falyos \u00fcgy, mint az energetika, amely a t\u00e1voz\u00f3, Jos\u00e9 Manuel Barrosso vezette bizotts\u00e1gban Oettinger ter\u00fclete volt.<br \/>\nEzzel szemben a FAZ \u00fagy v\u00e9lte, kulcsfontoss\u00e1g\u00fa feladatk\u00f6r ker\u00fclt a n\u00e9met biztoshoz, hiszen &#8222;a k\u00f6vetkez\u0151 \u00e9vtizedekben nem lesz az \u00e9letnek \u00e9s a munk\u00e1nak olyan vet\u00fclete, amelyet nem \u00e9rint a digit\u00e1lis \u00e1talakul\u00e1s&#8221;.<br \/>\nA Handelsblatt \u00fczleti lap szerint viszont Berlin &#8222;hagyta, hogy kisz\u00farj\u00e1k a szem\u00e9t&#8221; egy kev\u00e9ss\u00e9 fontos ter\u00fclettel, aminek az lehet az oka, hogy N\u00e9metorsz\u00e1g a t\u00e1rgyal\u00e1sokon &#8222;visszaesett r\u00e9gi szerep\u00e9be&#8221;, s ism\u00e9t csup\u00e1n az EU &#8222;kiszolg\u00e1l\u00f3ja&#8221;, de az is lehet, hogy Angela Merkel nem tulajdon\u00edtott jelent\u0151s\u00e9get a portf\u00f3li\u00f3k eloszt\u00e1s\u00e1nak, mert azt gondolja, hogy &#8222;\u00fagyis minden rajta \u00e1ll vagy bukik&#8221; az EU-ban.<br \/>\nAz eur\u00f3pai politikai er\u0151viszonyok t\u00fckr\u00e9ben meger\u0151s\u00edtett legitimit\u00e1st kapott a cs\u00fct\u00f6rt\u00f6ki francia napilapok szerint az \u00faj szerkezet\u0171 uni\u00f3s biztosi test\u00fclet. Ugyanakkor ellentmond\u00e1sosnak \u00e9s ironikusban tartj\u00e1k, hogy Moscovici volt francia gazdas\u00e1gi \u00e9s p\u00e9nz\u00fcgyi miniszter feladata lesz betartatnia a francia korm\u00e1nnyal a Br\u00fcsszelnek tett \u00edg\u00e9reteit.<br \/>\nA baloldali Lib\u00e9ration szerint Juncker a &#8222;meger\u0151s\u00edtett legitimit\u00e1ssal&#8221; ellen tud majd \u00e1llni Berlin &#8222;dikt\u00e1tumainak&#8221;. T\u00e9ny viszont, hogy az egyik \u00faj aleln\u00f6k, Valdis Dombrovskis kor\u00e1bbi lett korm\u00e1nyf\u0151 ellen\u0151rz\u00e9se al\u00e1 ker\u00fclt a gazdas\u00e1gi \u00e9s p\u00e9nz\u00fcgyi ter\u00fclet\u00e9rt felel\u0151s Pierre Moscovici.<br \/>\nA balliber\u00e1lis Le Monde szerint az \u00e1talak\u00edt\u00e1ssal az \u00faj eln\u00f6k c\u00e9lja a nagy uni\u00f3s feladatokra koncentr\u00e1l\u00f3 szervezet l\u00e9trehoz\u00e1sa volt, amit j\u00f3l fogadtak Br\u00fcsszelben. Az viszont m\u00e9g nem vil\u00e1gos, hogy az \u00faj aleln\u00f6k\u00f6k saj\u00e1t adminisztr\u00e1ci\u00f3 n\u00e9lk\u00fcl tudj\u00e1k-e majd az akaratukat \u00e9rv\u00e9nyes\u00edteni. A nagy tag\u00e1llamok, Franciaorsz\u00e1g, N\u00e9metorsz\u00e1g \u00e9s Nagy Britannia a Le Monde szerint mindesetre \u00f3vatosak voltak, \u00e9s a klasszikus t\u00e1rc\u00e1kat megtartott\u00e1k maguknak.<br \/>\nA lap szerkeszt\u0151s\u00e9gi \u00edr\u00e1sa szerint Junckernek h\u00e1rom nagy feladata lesz az elk\u00f6vetkez\u0151 \u00f6t \u00e9vben: az eur\u00f3 konszolid\u00e1ci\u00f3ja, s ehhez az eln\u00f6knek k\u00f6zvet\u00edt\u0151 szerepet kell j\u00e1tszania a betegek \u00e9s eg\u00e9szs\u00e9gesek, nevezetesen Franciaorsz\u00e1g \u00e9s N\u00e9metorsz\u00e1g k\u00f6z\u00f6tt. Ezenk\u00edv\u00fcl bent kell tartania Nagy-Britanni\u00e1t az Eur\u00f3pai Uni\u00f3ban, mert a kil\u00e9p\u00e9s a vil\u00e1g szem\u00e9lyben az uni\u00f3s projekt kudarc\u00e1t jelenten\u00e9, valamint l\u00e9tre kell hoznia a k\u00f6z\u00f6s bev\u00e1ndorl\u00e1si politik\u00e1t.<br \/>\nA Le Monde honlapj\u00e1n k\u00fcl\u00f6n \u00edr\u00e1st k\u00f6z\u00f6lt arr\u00f3l, hogy Navracsics Tibor a b\u0151v\u00edt\u00e9si posztot szerette volna megkapni, amelyhez a szomsz\u00e9ds\u00e1gpolitika \u00e9s ezen bel\u00fcl az ukr\u00e1n helyzet is tartozik. Az Orb\u00e1n Viktornak &#8222;az Oroszorsz\u00e1ggal szembeni t\u00f6bb, mint k\u00e9t\u00e9rtelm\u0171 hozz\u00e1\u00e1ll\u00e1sa miatt&#8221; azonban v\u00e9g\u00fcl az oktat\u00e1si \u00e9s kultur\u00e1lis t\u00e1rc\u00e1val kell be\u00e9rnie. A volt Jugoszl\u00e1via szak\u00e9rt\u0151j\u00e9nek sz\u00e1m\u00edt\u00f3 konzervat\u00edv jog\u00e1sz a lap szerint &#8222;a legszalonk\u00e9pesebb szem\u00e9lyis\u00e9g&#8221;, akit egy olyan korm\u00e1ny Br\u00fcsszelbe k\u00fcldhetett, amely &#8222;t\u00f6bb mint n\u00e9gy \u00e9ve a nemzetek Eur\u00f3p\u00e1j\u00e1t t\u0171zte z\u00e1szlaj\u00e1ra \u00e9s nem fukarkodik az Eur\u00f3pai Bizotts\u00e1g kritiz\u00e1l\u00e1s\u00e1val&#8221;. A lap kit\u00e9rt arra, hogy\u00a0\u00a0k\u00f6zigazgat\u00e1si \u00e9s igazs\u00e1g\u00fcgyi miniszterk\u00e9nt Navracsics a korm\u00e1nyf\u0151 t\u00f6bb olyan reformj\u00e1t vitte sz\u00f3 n\u00e9lk\u00fcl v\u00e9gig, amelyek k\u00f6z\u00fcl n\u00e9h\u00e1nyat az eur\u00f3pai int\u00e9zm\u00e9nyek hevesen vitattak. P\u00e9ldak\u00e9nt eml\u00edtette a b\u00edr\u00e1k nyugd\u00edjkorhat\u00e1r\u00e1nak lesz\u00e1ll\u00edt\u00e1s\u00e1t \u00e9s az Alkotm\u00e1nyb\u00edr\u00f3s\u00e1g jogk\u00f6reinek megnyirb\u00e1l\u00e1s\u00e1t. Navracsics ugyanakkor n\u00e9h\u00e1ny ritka alkalommal mert hangot adni ellenv\u00e9lem\u00e9ny\u00e9nek, p\u00e9ld\u00e1ul amikor el\u00edt\u00e9lte egy hozz\u00e1 hasonl\u00f3an Fidesz-tag \u00fajs\u00e1g\u00edr\u00f3nak a rom\u00e1kkal szembeni ny\u00edltan rasszista komment\u00e1rjait &#8211; \u00edrta a Le Monde.(MTI)<br \/>\n<div class=\"ads-in-post2\"><script async src=\"https:\/\/pagead2.googlesyndication.com\/pagead\/js\/adsbygoogle.js\"><\/script>\r\n<ins class=\"adsbygoogle\"\r\n     style=\"display:block\"\r\n     data-ad-format=\"fluid\"\r\n     data-ad-layout-key=\"-6t+ed+2i-1n-4w\"\r\n     data-ad-client=\"ca-pub-1959107119989764\"\r\n     data-ad-slot=\"4008251320\"><\/ins>\r\n<script>\r\n     (adsbygoogle = window.adsbygoogle || []).push({});\r\n<\/script><\/div>\n","protected":false},"excerpt":{"rendered":"<p>A n\u00e9met lapok vegyesen \u00e9rt\u00e9kelt\u00e9k\u00a0\u00a0a EU-biztosi feladatk\u00f6r\u00f6k kioszt\u00e1s\u00e1t, a komment\u00e1rok a francia\u00a0\u00a0Pierre Moscovici megb\u00edzat\u00e1s\u00e1val \u00e9s a r\u00e9gi-\u00faj n\u00e9met uni\u00f3s biztos, G\u00fcnther Oettinger portf\u00f3li\u00f3j\u00e1val foglalkoztak.<\/p>\n","protected":false},"author":1,"featured_media":0,"comment_status":"open","ping_status":"closed","sticky":false,"template":"","format":"standard","meta":[],"categories":[12],"tags":[],"_links":{"self":[{"href":"https:\/\/gazdasagportal.hu\/index.php\/wp-json\/wp\/v2\/posts\/44122"}],"collection":[{"href":"https:\/\/gazdasagportal.hu\/index.php\/wp-json\/wp\/v2\/posts"}],"about":[{"href":"https:\/\/gazdasagportal.hu\/index.php\/wp-json\/wp\/v2\/types\/post"}],"author":[{"embeddable":true,"href":"https:\/\/gazdasagportal.hu\/index.php\/wp-json\/wp\/v2\/users\/1"}],"replies":[{"embeddable":true,"href":"https:\/\/gazdasagportal.hu\/index.php\/wp-json\/wp\/v2\/comments?post=44122"}],"version-history":[{"count":1,"href":"https:\/\/gazdasagportal.hu\/index.php\/wp-json\/wp\/v2\/posts\/44122\/revisions"}],"predecessor-version":[{"id":44123,"href":"https:\/\/gazdasagportal.hu\/index.php\/wp-json\/wp\/v2\/posts\/44122\/revisions\/44123"}],"wp:attachment":[{"href":"https:\/\/gazdasagportal.hu\/index.php\/wp-json\/wp\/v2\/media?parent=44122"}],"wp:term":[{"taxonomy":"category","embeddable":true,"href":"https:\/\/gazdasagportal.hu\/index.php\/wp-json\/wp\/v2\/categories?post=44122"},{"taxonomy":"post_tag","embeddable":true,"href":"https:\/\/gazdasagportal.hu\/index.php\/wp-json\/wp\/v2\/tags?post=44122"}],"curies":[{"name":"wp","href":"https:\/\/api.w.org\/{rel}","templated":true}]}}