{"id":44117,"date":"2014-09-11T14:38:25","date_gmt":"2014-09-11T12:38:25","guid":{"rendered":"http:\/\/stockportal.hu\/?p=44117"},"modified":"2014-09-11T15:00:19","modified_gmt":"2014-09-11T13:00:19","slug":"elkeszult-a-szazezredik-auto-az-audi-uj-gyaraban","status":"publish","type":"post","link":"https:\/\/gazdasagportal.hu\/index.php\/elkeszult-a-szazezredik-auto-az-audi-uj-gyaraban\/","title":{"rendered":"Elk\u00e9sz\u00fclt a sz\u00e1zezredik aut\u00f3 az Audi \u00faj gy\u00e1r\u00e1ban"},"content":{"rendered":"<p><strong>Elk\u00e9sz\u00fclt a sz\u00e1zezredik aut\u00f3 az Audi tavaly elind\u00edtott \u00faj gy\u0151ri j\u00e1rm\u0171gy\u00e1r\u00e1ban, k\u00f6z\u00f6lte az MTI-vel cs\u00fct\u00f6rt\u00f6k\u00f6n az Audi Hungaria Motor Kft.<\/strong><!--more--><br \/>\n<div class=\"ads-in-post1\"><div id=\"gazdasagportal.hu_fullbanner_wideboard\"><\/div>\r\n<\/div>\n<p>    A t\u00e1rsas\u00e1g tavaly j\u00fanius \u00f3ta gy\u00e1rt itt t\u00f6bb t\u00edpust; a sz\u00e1zezredik darab egy Audi S3 Limousine, amely az Egyes\u00fclt \u00c1llamokban tal\u00e1lt gazd\u00e1ra.<br \/>\n    Eml\u00e9keztettek arra: a modellek ir\u00e1nti nagy keresletnek k\u00f6sz\u00f6nhet\u0151en a v\u00e1llalat augusztusban bevezette a harmadik m\u0171szakot a j\u00e1rm\u0171gy\u00e1rt\u00e1sban.<br \/>\n    Ez a darabsz\u00e1m is &#8222;bizony\u00edtja, hogy beruh\u00e1z\u00e1sunk a gy\u0151ri j\u00e1rm\u0171gy\u00e1rt\u00e1sba helyes d\u00f6nt\u00e9s volt&#8221; &#8211; id\u00e9zi a k\u00f6zlem\u00e9ny Thomas Faustmannt, a t\u00e1rsas\u00e1g \u00fcgyvezet\u0151 igazgat\u00f3j\u00e1t, m\u00edg Gerd Walker j\u00e1rm\u0171gy\u00e1rt\u00e1s\u00e9rt felel\u0151s \u00fcgyvezet\u0151 igazgat\u00f3t id\u00e9zve azt emelik ki, hogy az \u00faj gener\u00e1ci\u00f3s TT sorozatgy\u00e1rt\u00e1s\u00e1nak elindul\u00e1sa \u00e9s a harmadik m\u0171szak bevezet\u00e9se \u00f3ta a j\u00e1rm\u0171gy\u00e1r teljes fordulatsz\u00e1mon dolgozik. Ennek k\u00f6sz\u00f6nhet\u0151en az Audi Hungaria \u00e9ves termel\u00e9si kapacit\u00e1sa 160 ezerre emelkedett. A j\u00e1rm\u0171gy\u00e1rt\u00e1sban t\u00f6bb mint 3000 munkat\u00e1rs dolgozik.<br \/>\n    A gy\u0151ri sz\u00e9khely\u0171 Audi Hungaria Motor Kft., az Audi-konszern tagja, az Audi- \u00e9s Volkswagen-konszern k\u00f6zponti motorsz\u00e1ll\u00edt\u00f3ja. Tavaly a v\u00e1llalatn\u00e1l 1 milli\u00f3 925 ezer 636 motor \u00e9s 42 ezer 851 j\u00e1rm\u0171 k\u00e9sz\u00fclt. Az Audi Hungaria \u00e9vek \u00f3ta Magyarorsz\u00e1g egyik legnagyobb \u00e1rbev\u00e9tel\u0171 v\u00e1llalata, \u00e9s az orsz\u00e1g legnagyobb export\u0151reinek egyike.<br \/>\n    A m\u00e1rcius k\u00f6zep\u00e9n nyilv\u00e1noss\u00e1gra hozott adatok szerint az Audi Hungaria Motor Kft. a 2012-es, 5,282 milli\u00e1rd eur\u00f3 ut\u00e1n tavaly hat sz\u00e1zal\u00e9kkal magasabb, 5,588 milli\u00e1rdos \u00e1rbev\u00e9telt produk\u00e1lt. A t\u00e1rsas\u00e1g az el\u0151z\u0151 \u00e9vi 1,038 milli\u00e1rd ut\u00e1n 2013-ban 968 milli\u00f3 eur\u00f3t ford\u00edtott a magyarorsz\u00e1gi gy\u00e1rt\u00f3hely fejleszt\u00e9s\u00e9re. A k\u00e9t \u00e9vtizeddel ezel\u0151tti indul\u00e1s \u00f3ta \u00edgy \u00f6sszesen 6,735 milli\u00e1rd eur\u00f3 beruh\u00e1z\u00e1st hajtottak v\u00e9gre Gy\u0151rben.<br \/>\n    A magyarorsz\u00e1gi le\u00e1nyv\u00e1llalat tavalyi \u00e1rbev\u00e9tel\u00e9nek h\u00e1romnegyed\u00e9t a motorgy\u00e1rt\u00e1s hozta, az id\u00e9n viszont jelent\u0151sen emelkedik a k\u00e9sz j\u00e1rm\u0171vek r\u00e9szesed\u00e9se, miut\u00e1n megh\u00e1romszorozza aut\u00f3gy\u00e1rt\u00e1s\u00e1t a gy\u0151ri gy\u00e1r. A 2013. \u00e9vi 42 ezer 851 ut\u00e1n akkor m\u00e9g azt tervezt\u00e9k: t\u00f6bb mint 10 ezer j\u00e1rm\u0171 k\u00e9sz\u00fcl az \u00fczemben.(MTI)<br \/>\n<div class=\"ads-in-post2\"><script async src=\"https:\/\/pagead2.googlesyndication.com\/pagead\/js\/adsbygoogle.js\"><\/script>\r\n<ins class=\"adsbygoogle\"\r\n     style=\"display:block\"\r\n     data-ad-format=\"fluid\"\r\n     data-ad-layout-key=\"-6t+ed+2i-1n-4w\"\r\n     data-ad-client=\"ca-pub-1959107119989764\"\r\n     data-ad-slot=\"4008251320\"><\/ins>\r\n<script>\r\n     (adsbygoogle = window.adsbygoogle || []).push({});\r\n<\/script><\/div>\n","protected":false},"excerpt":{"rendered":"<p>Elk\u00e9sz\u00fclt a sz\u00e1zezredik aut\u00f3 az Audi tavaly elind\u00edtott \u00faj gy\u0151ri j\u00e1rm\u0171gy\u00e1r\u00e1ban, k\u00f6z\u00f6lte az MTI-vel cs\u00fct\u00f6rt\u00f6k\u00f6n az Audi Hungaria Motor Kft.<\/p>\n","protected":false},"author":1,"featured_media":0,"comment_status":"open","ping_status":"closed","sticky":false,"template":"","format":"standard","meta":[],"categories":[19],"tags":[],"_links":{"self":[{"href":"https:\/\/gazdasagportal.hu\/index.php\/wp-json\/wp\/v2\/posts\/44117"}],"collection":[{"href":"https:\/\/gazdasagportal.hu\/index.php\/wp-json\/wp\/v2\/posts"}],"about":[{"href":"https:\/\/gazdasagportal.hu\/index.php\/wp-json\/wp\/v2\/types\/post"}],"author":[{"embeddable":true,"href":"https:\/\/gazdasagportal.hu\/index.php\/wp-json\/wp\/v2\/users\/1"}],"replies":[{"embeddable":true,"href":"https:\/\/gazdasagportal.hu\/index.php\/wp-json\/wp\/v2\/comments?post=44117"}],"version-history":[{"count":2,"href":"https:\/\/gazdasagportal.hu\/index.php\/wp-json\/wp\/v2\/posts\/44117\/revisions"}],"predecessor-version":[{"id":44124,"href":"https:\/\/gazdasagportal.hu\/index.php\/wp-json\/wp\/v2\/posts\/44117\/revisions\/44124"}],"wp:attachment":[{"href":"https:\/\/gazdasagportal.hu\/index.php\/wp-json\/wp\/v2\/media?parent=44117"}],"wp:term":[{"taxonomy":"category","embeddable":true,"href":"https:\/\/gazdasagportal.hu\/index.php\/wp-json\/wp\/v2\/categories?post=44117"},{"taxonomy":"post_tag","embeddable":true,"href":"https:\/\/gazdasagportal.hu\/index.php\/wp-json\/wp\/v2\/tags?post=44117"}],"curies":[{"name":"wp","href":"https:\/\/api.w.org\/{rel}","templated":true}]}}