{"id":44106,"date":"2014-09-11T13:07:03","date_gmt":"2014-09-11T11:07:03","guid":{"rendered":"http:\/\/stockportal.hu\/?p=44106"},"modified":"2014-09-11T13:07:03","modified_gmt":"2014-09-11T11:07:03","slug":"iszlam-allam-tamogatja-kina-az-obama-tervet","status":"publish","type":"post","link":"https:\/\/gazdasagportal.hu\/index.php\/iszlam-allam-tamogatja-kina-az-obama-tervet\/","title":{"rendered":"Iszl\u00e1m \u00c1llam &#8211; T\u00e1mogatja K\u00edna az Obama-tervet"},"content":{"rendered":"<p><strong>Peking a k\u00ednai diplom\u00e1cia saj\u00e1tos nyelvezet\u00e9t haszn\u00e1lva ugyan, de t\u00e1mogat\u00e1s\u00e1r\u00f3l biztos\u00edtotta Barack Obama amerikai eln\u00f6k frissen bejelentett terv\u00e9t az Iszl\u00e1m \u00c1llam (I\u00c1) elleni hat\u00e1rozott fell\u00e9p\u00e9sre, Sz\u00edria \u00e9s Irak bomb\u00e1z\u00e1sra.<\/strong><!--more--><br \/>\n<div class=\"ads-in-post1\"><div id=\"gazdasagportal.hu_fullbanner_wideboard\"><\/div>\r\n<\/div>\n<p>    A k\u00ednai k\u00fcl\u00fcgyminiszt\u00e9rium sz\u00f3viv\u0151je az Obama bejelent\u00e9s\u00e9vel kapcsolatos k\u00e9rd\u00e9sre v\u00e1laszolva azt hangoztatta, hogy &#8222;a nemzetk\u00f6zi k\u00f6z\u00f6ss\u00e9gnek egy\u00fctt kell dolgoznia a terrorizmus elleni harcban, bele\u00e9rtve egyes orsz\u00e1gok er\u0151fesz\u00edt\u00e9seinek t\u00e1mogat\u00e1s\u00e1t&#8221;.<br \/>\n    Hua Csun-jing \u00fagy fogalmazott, hogy &#8222;a terrorizmus nemzetk\u00f6zi t\u00e1ptalaj\u00e1t m\u00e9g t\u00e1volr\u00f3l sem siker\u00fclt megsz\u00fcntetni&#8221;, s \u00fagy v\u00e9lte, hogy az I\u00c1 fegyveresei Sz\u00edri\u00e1ban \u00e9s Irakban \u00faj vesz\u00e9lyt jelentenek a glob\u00e1lis biztons\u00e1gra. Hozz\u00e1tette, mindez a terrorizmus elleni nemzetk\u00f6zi \u00f6sszefog\u00e1st is \u00faj kih\u00edv\u00e1sok el\u00e9 \u00e1ll\u00edtja. A helyzetet &#8222;\u00f6sszetettnek \u00e9s s\u00falyosnak&#8221; nevezte.<br \/>\n    Hua kijelentette, hogy K\u00edna ellenzi a terrorizmus minden form\u00e1j\u00e1t, mindazon\u00e1ltal megjegyezte, hogy a nemzetk\u00f6zi terrorizmus elleni harc sor\u00e1n &#8222;tiszteletben kell tartani a nemzetk\u00f6zi szab\u00e1lyokat, s vel\u00fck egy\u00fctt az \u00e9rintett orsz\u00e1gok szuverenit\u00e1s\u00e1t, f\u00fcggetlens\u00e9g\u00e9t \u00e9s ter\u00fcleti integrit\u00e1s\u00e1t is&#8221;.<br \/>\n    Megfigyel\u0151k szerint Susan Rice, az amerikai eln\u00f6k nemzetbiztons\u00e1gi f\u0151tan\u00e1csad\u00f3ja, aki a h\u00e9t elej\u00e9n h\u00e1romnapos l\u00e1togat\u00e1son j\u00e1rt a k\u00ednai f\u0151v\u00e1rosban, hogy el\u0151k\u00e9sz\u00edtse Barack Obama novemberi t\u00e1rgyal\u00e1sait, pekingi megbesz\u00e9l\u00e9sein feltehet\u0151en m\u00e1r t\u00e1j\u00e9koztatta k\u00ednai partnereit Obama v\u00e1rhat\u00f3 l\u00e9p\u00e9s\u00e9r\u0151l \u00e9s meggy\u0151zte \u0151ket annak sz\u00fcks\u00e9gess\u00e9g\u00e9r\u0151l.(MTI)<br \/>\n<div class=\"ads-in-post2\"><script async src=\"https:\/\/pagead2.googlesyndication.com\/pagead\/js\/adsbygoogle.js\"><\/script>\r\n<ins class=\"adsbygoogle\"\r\n     style=\"display:block\"\r\n     data-ad-format=\"fluid\"\r\n     data-ad-layout-key=\"-6t+ed+2i-1n-4w\"\r\n     data-ad-client=\"ca-pub-1959107119989764\"\r\n     data-ad-slot=\"4008251320\"><\/ins>\r\n<script>\r\n     (adsbygoogle = window.adsbygoogle || []).push({});\r\n<\/script><\/div>\n","protected":false},"excerpt":{"rendered":"<p>Peking a k\u00ednai diplom\u00e1cia saj\u00e1tos nyelvezet\u00e9t haszn\u00e1lva ugyan, de t\u00e1mogat\u00e1s\u00e1r\u00f3l biztos\u00edtotta Barack Obama amerikai eln\u00f6k frissen bejelentett terv\u00e9t az Iszl\u00e1m \u00c1llam (I\u00c1) elleni hat\u00e1rozott fell\u00e9p\u00e9sre, Sz\u00edria \u00e9s Irak bomb\u00e1z\u00e1sra.<\/p>\n","protected":false},"author":1,"featured_media":0,"comment_status":"open","ping_status":"closed","sticky":false,"template":"","format":"standard","meta":[],"categories":[16],"tags":[],"_links":{"self":[{"href":"https:\/\/gazdasagportal.hu\/index.php\/wp-json\/wp\/v2\/posts\/44106"}],"collection":[{"href":"https:\/\/gazdasagportal.hu\/index.php\/wp-json\/wp\/v2\/posts"}],"about":[{"href":"https:\/\/gazdasagportal.hu\/index.php\/wp-json\/wp\/v2\/types\/post"}],"author":[{"embeddable":true,"href":"https:\/\/gazdasagportal.hu\/index.php\/wp-json\/wp\/v2\/users\/1"}],"replies":[{"embeddable":true,"href":"https:\/\/gazdasagportal.hu\/index.php\/wp-json\/wp\/v2\/comments?post=44106"}],"version-history":[{"count":1,"href":"https:\/\/gazdasagportal.hu\/index.php\/wp-json\/wp\/v2\/posts\/44106\/revisions"}],"predecessor-version":[{"id":44107,"href":"https:\/\/gazdasagportal.hu\/index.php\/wp-json\/wp\/v2\/posts\/44106\/revisions\/44107"}],"wp:attachment":[{"href":"https:\/\/gazdasagportal.hu\/index.php\/wp-json\/wp\/v2\/media?parent=44106"}],"wp:term":[{"taxonomy":"category","embeddable":true,"href":"https:\/\/gazdasagportal.hu\/index.php\/wp-json\/wp\/v2\/categories?post=44106"},{"taxonomy":"post_tag","embeddable":true,"href":"https:\/\/gazdasagportal.hu\/index.php\/wp-json\/wp\/v2\/tags?post=44106"}],"curies":[{"name":"wp","href":"https:\/\/api.w.org\/{rel}","templated":true}]}}