{"id":44101,"date":"2014-09-11T15:08:06","date_gmt":"2014-09-11T13:08:06","guid":{"rendered":"http:\/\/stockportal.hu\/?p=44101"},"modified":"2014-09-11T15:08:06","modified_gmt":"2014-09-11T13:08:06","slug":"megkezdodott-a-gysev-zrt-hegyeshalom-csorna-porpac-vonalanak-villamositasa","status":"publish","type":"post","link":"https:\/\/gazdasagportal.hu\/index.php\/megkezdodott-a-gysev-zrt-hegyeshalom-csorna-porpac-vonalanak-villamositasa\/","title":{"rendered":"Megkezd\u0151d\u00f6tt a GYSEV Zrt. Hegyeshalom-Csorna-Porp\u00e1c vonal\u00e1nak villamos\u00edt\u00e1sa"},"content":{"rendered":"<p><strong>Megkezd\u0151dtek a villamos\u00edt\u00e1s kivitelez\u00e9si munk\u00e1latai a Hegyeshalom-Csorna-Porp\u00e1c vas\u00fatvonalon. A fejleszt\u00e9snek k\u00f6sz\u00f6nhet\u0151en \u00fajabb 87 kilom\u00e9teres szakaszon \u00e9p\u00fcl ki a fels\u0151vezet\u00e9k-h\u00e1l\u00f3zat, emellett a biztos\u00edt\u00f3berendez\u00e9si t\u00e1vvez\u00e9rl\u00e9se is megval\u00f3sul. A Csorna-Porp\u00e1c szakaszon v\u00e1rhat\u00f3an id\u00e9n decemberben, Hegyeshalom \u00e9s Csorna k\u00f6z\u00f6tt pedig 2015 nyar\u00e1n z\u00e1rulhatnak le a munk\u00e1latok.<\/strong><!--more--><br \/>\n<div class=\"ads-in-post1\"><div id=\"gazdasagportal.hu_fullbanner_wideboard\"><\/div>\r\n<\/div>\n<p><b>\u00a0<\/b>A kivitelez\u00e9si szerz\u0151d\u00e9s \u00e1prilisi al\u00e1\u00edr\u00e1sa ut\u00e1n j\u00faniusban megt\u00f6rt\u00e9nt a munkater\u00fclet \u00e1tad\u00e1sa a kivitelez\u00e9st v\u00e9gz\u0151 konzorcium r\u00e9sz\u00e9re, amelynek OVIT Zrt. valamint a Dun\u00e1nt\u00fali Kft. a tagjai. Ezzel elkezd\u0151dtek a fejleszt\u00e9sek, melynek sor\u00e1n 87 km hossz\u00fa szakaszon \u00e9p\u00fcl ki a fels\u0151vezet\u00e9k-h\u00e1l\u00f3zat \u00e9s ezzel egy\u00fctt megval\u00f3sul a biztos\u00edt\u00f3berendez\u00e9si t\u00e1vvez\u00e9rl\u00e9s is. A Csorna-Porp\u00e1c szakaszon foly\u00f3 munk\u00e1latok v\u00e1rhat\u00f3an 2014 december\u00e9ig tartanak. Ez folyamatos \u00e9jszakai munkav\u00e9gz\u00e9st jelent, melynek sor\u00e1n a tervek szerint 2015 febru\u00e1rj\u00e1ban megindulhat a villamos vontat\u00e1s.<\/p>\n<p>A kivitelez\u00e9si munk\u00e1latok sor\u00e1n folyamatosan \u00e9jszakai v\u00e1g\u00e1nyz\u00e1r lesz \u00e9rv\u00e9nyben, ez azonban az Intercity vonatok k\u00f6zleked\u00e9s\u00e9t nem befoly\u00e1solja. Az \u00e9p\u00edt\u00e9si technol\u00f3gia miatt azonban elker\u00fclhetetlen a teljes, vonatkiz\u00e1r\u00e1sos v\u00e1g\u00e1nyz\u00e1r megtart\u00e1sa, ez\u00e9rt szeptember 28-a \u00e9s okt\u00f3ber 18-a k\u00f6z\u00f6tt a Csorna-Porp\u00e1c vonalon sz\u00fcnetel majd a vas\u00fati k\u00f6zleked\u00e9s. A v\u00e1g\u00e1nyz\u00e1r ideje alatt vonatp\u00f3tl\u00f3 aut\u00f3buszok sz\u00e1ll\u00edtj\u00e1k az utasokat az \u00e9rintett szakaszon.<\/p>\n<p>A fejleszt\u00e9si projekt keret\u00e9ben azonban nem csak a fels\u0151vezet\u00e9k-h\u00e1l\u00f3zat \u00e9p\u00fcl ki a Mosonszolnok-Csorna-Porp\u00e1c vonalon. A munk\u00e1latok sor\u00e1n \u00e1t\u00e9p\u00edtik a R\u00e9pcelak 86-os f\u0151\u00fat \u00e9s a vas\u00fatvonal tal\u00e1lkoz\u00e1s\u00e1n\u00e1l tal\u00e1lhat\u00f3 vas\u00fati \u00fat\u00e1tj\u00e1r\u00f3t, valamint fel\u00faj\u00edtj\u00e1k Szil-Sopronn\u00e9meti \u00e1llom\u00e1st. A szakasz \u00f6sszes \u00e1llom\u00e1s\u00e1n, ill. P\u00f3sfa \u00e9s Hans\u00e1gliget meg\u00e1ll\u00f3helyeken 55 cm magas peronok \u00e9p\u00fclnek, az utaz\u00f3k\u00f6z\u00f6ns\u00e9g k\u00e9nyelm\u00e9t emellett korszer\u0171 peronvil\u00e1g\u00edt\u00e1s \u00e9s utasv\u00e1r\u00f3k is szolg\u00e1lj\u00e1k majd.<\/p><div id=\"gazda-3384217818\" class=\"gazda-tartalomban gazda-entity-placement\"><script async src=\"https:\/\/pagead2.googlesyndication.com\/pagead\/js\/adsbygoogle.js\"><\/script>\r\n<ins class=\"adsbygoogle\"\r\n     style=\"display:block\"\r\n     data-ad-format=\"fluid\"\r\n     data-ad-layout-key=\"-6t+ed+2i-1n-4w\"\r\n     data-ad-client=\"ca-pub-1959107119989764\"\r\n     data-ad-slot=\"4008251320\"><\/ins>\r\n<script>\r\n     (adsbygoogle = window.adsbygoogle || []).push({});\r\n<\/script><\/div>\n<p>A teljes vonalon a munk\u00e1latok v\u00e1rhat\u00f3an 2015. j\u00falius 31-\u00e9n fejez\u0151dnek be. Ez id\u0151 alatt a vonalon t\u00f6bb mint 1600 fels\u0151vezet\u00e9k tart\u00f3 oszlopot \u00e9p\u00edtenek, \u00faj peronvil\u00e1g\u00edt\u00e1st l\u00e9tes\u00edtenek, 57 kit\u00e9r\u0151re v\u00e1lt\u00f3f\u0171t\u00e9st, valamint 123 km hosszon optikai k\u00e1belt szerelnek, emellett 3000 db vasbeton aljat \u00fajra cser\u00e9lnek a szakemberek.<\/p>\n<p>A beruh\u00e1z\u00e1s az Eur\u00f3pai Uni\u00f3 t\u00e1mogat\u00e1s\u00e1val, a Koh\u00e9zi\u00f3s Alap t\u00e1rsfinansz\u00edroz\u00e1s\u00e1ban val\u00f3sul meg, melynek \u00f6sszege mintegy 11,4 milli\u00e1rd forint. A projektr\u0151l b\u0151vebb inform\u00e1ci\u00f3t a <strong><a href=\"http:\/\/www.hegyeshalom-porpac.hu\/\" target=\"_blank\" rel=\"noopener\">http:\/\/www.hegyeshalom-porpac.hu<\/a><\/strong> oldalon olvashatnak.<\/p>\n","protected":false},"excerpt":{"rendered":"<p>Megkezd\u0151dtek a villamos\u00edt\u00e1s kivitelez\u00e9si munk\u00e1latai a Hegyeshalom-Csorna-Porp\u00e1c vas\u00fatvonalon. A fejleszt\u00e9snek k\u00f6sz\u00f6nhet\u0151en \u00fajabb 87 kilom\u00e9teres szakaszon \u00e9p\u00fcl ki a fels\u0151vezet\u00e9k-h\u00e1l\u00f3zat, emellett a biztos\u00edt\u00f3berendez\u00e9si t\u00e1vvez\u00e9rl\u00e9se is megval\u00f3sul. A Csorna-Porp\u00e1c szakaszon v\u00e1rhat\u00f3an id\u00e9n decemberben, Hegyeshalom \u00e9s Csorna k\u00f6z\u00f6tt pedig 2015 nyar\u00e1n z\u00e1rulhatnak le a munk\u00e1latok.<\/p>\n","protected":false},"author":1,"featured_media":0,"comment_status":"open","ping_status":"closed","sticky":false,"template":"","format":"standard","meta":[],"categories":[19],"tags":[],"_links":{"self":[{"href":"https:\/\/gazdasagportal.hu\/index.php\/wp-json\/wp\/v2\/posts\/44101"}],"collection":[{"href":"https:\/\/gazdasagportal.hu\/index.php\/wp-json\/wp\/v2\/posts"}],"about":[{"href":"https:\/\/gazdasagportal.hu\/index.php\/wp-json\/wp\/v2\/types\/post"}],"author":[{"embeddable":true,"href":"https:\/\/gazdasagportal.hu\/index.php\/wp-json\/wp\/v2\/users\/1"}],"replies":[{"embeddable":true,"href":"https:\/\/gazdasagportal.hu\/index.php\/wp-json\/wp\/v2\/comments?post=44101"}],"version-history":[{"count":1,"href":"https:\/\/gazdasagportal.hu\/index.php\/wp-json\/wp\/v2\/posts\/44101\/revisions"}],"predecessor-version":[{"id":44127,"href":"https:\/\/gazdasagportal.hu\/index.php\/wp-json\/wp\/v2\/posts\/44101\/revisions\/44127"}],"wp:attachment":[{"href":"https:\/\/gazdasagportal.hu\/index.php\/wp-json\/wp\/v2\/media?parent=44101"}],"wp:term":[{"taxonomy":"category","embeddable":true,"href":"https:\/\/gazdasagportal.hu\/index.php\/wp-json\/wp\/v2\/categories?post=44101"},{"taxonomy":"post_tag","embeddable":true,"href":"https:\/\/gazdasagportal.hu\/index.php\/wp-json\/wp\/v2\/tags?post=44101"}],"curies":[{"name":"wp","href":"https:\/\/api.w.org\/{rel}","templated":true}]}}