{"id":44097,"date":"2014-09-11T11:38:41","date_gmt":"2014-09-11T09:38:41","guid":{"rendered":"http:\/\/stockportal.hu\/?p=44097"},"modified":"2014-09-11T11:29:19","modified_gmt":"2014-09-11T09:29:19","slug":"ukran-valsag-kijev-szerint-az-orosz-csapatok-provokaciora-keszulnek-donyeckben","status":"publish","type":"post","link":"https:\/\/gazdasagportal.hu\/index.php\/ukran-valsag-kijev-szerint-az-orosz-csapatok-provokaciora-keszulnek-donyeckben\/","title":{"rendered":"Ukr\u00e1n v\u00e1ls\u00e1g &#8211; Kijev szerint az orosz csapatok provok\u00e1ci\u00f3ra k\u00e9sz\u00fclnek Donyeckben"},"content":{"rendered":"<p><strong>Az orosz csapatok provok\u00e1ci\u00f3ra k\u00e9sz\u00fclnek a kelet-ukrajnai Donyeckben abb\u00f3l a c\u00e9lb\u00f3l, hogy meghi\u00fas\u00edts\u00e1k a t\u0171zsz\u00fcnetet &#8211; \u00edrta cs\u00fct\u00f6rt\u00f6k\u00f6n Facebook-oldal\u00e1n Dmitro Timcsuk, a kelet-ukrajnai harci fejlem\u00e9nyeket nyomon k\u00f6vet\u0151 szak\u00e9rt\u0151, az Inform\u00e1ci\u00f3s Ellen\u00e1ll\u00e1s nev\u0171 szervezet koordin\u00e1tora.<\/strong><!--more--><br \/>\n<div class=\"ads-in-post1\"><div id=\"gazdasagportal.hu_fullbanner_wideboard\"><\/div>\r\n<\/div>\n<p>    A szak\u00e9rt\u0151 szavai szerint olyan inform\u00e1ci\u00f3k jutottak szervezete birtok\u00e1ba, amelyek szerint az orosz csapatok Grad rak\u00e9ta-sorozatvet\u0151kkel k\u00e9sz\u00fclnek a v\u00e1rost l\u0151ni, hogy azut\u00e1n az ukr\u00e1n fegyveres er\u0151ket v\u00e1dolj\u00e1k meg a t\u00e1mad\u00e1s v\u00e9grehajt\u00e1s\u00e1val \u00e9s a t\u0171zsz\u00fcnet megs\u00e9rt\u00e9s\u00e9vel.<br \/>\n    A t\u0171zsz\u00fcnet m\u00falt p\u00e9ntek \u00f3ta tart, az\u00f3ta, hogy Minszkben Kijev \u00e9s a kelet-ukrajnai szeparatist\u00e1k &#8211; Moszkva \u00e9s az EBESZ k\u00e9pvisel\u0151inek jelenl\u00e9t\u00e9ben &#8211; meg\u00e1llapodtak a fegyvernyugv\u00e1sr\u00f3l.<br \/>\n    Andrij Liszenko, az ukr\u00e1n Nemzetv\u00e9delmi \u00e9s Biztons\u00e1gi Tan\u00e1cs (RNBO) sz\u00f3viv\u0151je el\u0151z\u0151 nap azt mondta, hogy a felek egyel\u0151re alapvet\u0151en betartj\u00e1k a t\u0171zsz\u00fcnetet.<br \/>\n    Petro Porosenko ukr\u00e1n \u00e9s Vlagyimir Putyin orosz eln\u00f6k is nagyj\u00e1b\u00f3l el\u00e9gedett a t\u0171zsz\u00fcnet betart\u00e1s\u00e1val, legal\u00e1bbis szerdai telefonbesz\u00e9lget\u00e9s\u00fckkor moszkvai forr\u00e1sok szerint ezt mondt\u00e1k.<br \/>\n    Timcsuk ugyanakkor azt \u00edrta, hogy a szakad\u00e1rok \u00e9s az orosz katon\u00e1k a t\u0171zsz\u00fcnetet megs\u00e9rtve t\u00e1mad\u00e1sokat hajtanak v\u00e9gre a Kijev \u00e1ltal terrorellenesnek nevezett korm\u00e1nyer\u0151k ellen. Jelent\u00e9se szerint m\u00falt \u00e9jjel h\u00e1romszor l\u0151tt\u00e9k aknavet\u0151kkel az ukr\u00e1n csapatoknak a donyecki rep\u00fcl\u0151t\u00e9r ter\u00fclet\u00e9n l\u00e9v\u0151 \u00e1ll\u00e1sait. Ezen k\u00edv\u00fcl a terrorellenes \u00f6vezet t\u00f6bb telep\u00fcl\u00e9s\u00e9r\u0151l jeleztek ukr\u00e1n \u00e1ll\u00e1sok elleni t\u00fcz\u00e9rs\u00e9gi t\u00e1mad\u00e1sokat.<br \/>\n    A donyecki v\u00e1rosvezet\u00e9s hivatalos honlapj\u00e1n k\u00f6zz\u00e9tett besz\u00e1mol\u00f3j\u00e1ban al\u00e1t\u00e1masztotta Timcsuk \u00e9rtes\u00fcl\u00e9seit. Azt \u00edrta, hogy az \u00e9jszaka fesz\u00fclten telt a megyek\u00f6zpontban. Helyi id\u0151 szerint \u00e9jjel k\u00e9t \u00f3ra \u00f3ta reggelig t\u00fcz\u00e9rs\u00e9gi l\u00f6v\u00e9sek robajai hallatszottak a v\u00e1rosban.<br \/>\n    A szak\u00e9rt\u0151 ism\u00e9telten lesz\u00f6gezte, hogy az ukr\u00e1n katon\u00e1k csak akkor l\u0151nek, ha t\u00e1mad\u00e1s \u00e9ri \u0151ket.<br \/>\n    Timcsuk szerint a szakad\u00e1rok \u00e9s az orosz csapatok er\u0151\u00e1tcsoportos\u00edt\u00e1sokat hajtanak v\u00e9gre Donyeck megye t\u00f6bb k\u00f6rzet\u00e9ben. Meger\u0151s\u00edtette Porosenko eln\u00f6k el\u0151z\u0151 bejelent\u00e9s\u00e9t, miszerint az orosz hadsereg egys\u00e9gei megkezdt\u00e9k a kivonul\u00e1st Ukrajna ter\u00fclet\u00e9r\u0151l. A szak\u00e9rt\u0151 \u00e9rtes\u00fcl\u00e9sei alapj\u00e1n viszont hivat\u00e1sos kik\u00e9pz\u0151tiszteket hagynak h\u00e1tra a szakad\u00e1r fegyveresek harci felk\u00e9sz\u00fclts\u00e9g\u00e9nek jav\u00edt\u00e1s\u00e1ra.<br \/>\n    K\u00f6zben egy helysz\u00ednen dolgoz\u00f3 \u00fajs\u00e1g\u00edr\u00f3 a TSZN ukr\u00e1n telev\u00edzi\u00f3 szerint arr\u00f3l sz\u00e1molt be, hogy a Donyeckt\u0151l \u00e9szakkeletre fekv\u0151 Debalceve telep\u00fcl\u00e9sn\u00e9l az ukr\u00e1n hadsereg n\u00e9h\u00e1ny egys\u00e9g\u00e9t beker\u00edtett\u00e9k, \u00e9s orosz zsoldosok folyamatosan t\u0171z alatt tartj\u00e1k \u0151ket. A telep\u00fcl\u00e9st kor\u00e1bban m\u00e1r a terrorellenes er\u0151k visszafoglalt\u00e1k a szeparatist\u00e1kt\u00f3l. Az \u00fajs\u00e1g\u00edr\u00f3 figyelmeztetett, hogy a helyzet k\u00eds\u00e9rtetiesen hasonl\u00edt a Donyeck melletti Ilovajszkn\u00e1l t\u00f6rt\u00e9ntekre. Ott az ukr\u00e1n f\u0151\u00fcgy\u00e9sz\u00e9g adatai alapj\u00e1n legal\u00e1bb k\u00e9tsz\u00e1z katona \u00e9s \u00f6nk\u00e9ntes vesztette \u00e9let\u00e9t, ez volt az eddigi legs\u00falyosabb harct\u00e9ri kudarca a terrorellenes er\u0151knek Kelet-Ukrajn\u00e1ban. K\u00e9t napja viszont az RNBO sz\u00f3viv\u0151je m\u00e9g c\u00e1folta, hogy ukr\u00e1n katon\u00e1k ker\u00fcltek volna kelepc\u00e9be Debalcev\u00e9n\u00e9l.(MTI)<\/p>\n","protected":false},"excerpt":{"rendered":"<p>Az orosz csapatok provok\u00e1ci\u00f3ra k\u00e9sz\u00fclnek a kelet-ukrajnai Donyeckben abb\u00f3l a c\u00e9lb\u00f3l, hogy meghi\u00fas\u00edts\u00e1k a t\u0171zsz\u00fcnetet &#8211; \u00edrta cs\u00fct\u00f6rt\u00f6k\u00f6n Facebook-oldal\u00e1n Dmitro Timcsuk, a kelet-ukrajnai harci fejlem\u00e9nyeket nyomon k\u00f6vet\u0151 szak\u00e9rt\u0151, az Inform\u00e1ci\u00f3s Ellen\u00e1ll\u00e1s nev\u0171 szervezet koordin\u00e1tora.<\/p>\n","protected":false},"author":1,"featured_media":0,"comment_status":"open","ping_status":"closed","sticky":false,"template":"","format":"standard","meta":[],"categories":[139],"tags":[],"_links":{"self":[{"href":"https:\/\/gazdasagportal.hu\/index.php\/wp-json\/wp\/v2\/posts\/44097"}],"collection":[{"href":"https:\/\/gazdasagportal.hu\/index.php\/wp-json\/wp\/v2\/posts"}],"about":[{"href":"https:\/\/gazdasagportal.hu\/index.php\/wp-json\/wp\/v2\/types\/post"}],"author":[{"embeddable":true,"href":"https:\/\/gazdasagportal.hu\/index.php\/wp-json\/wp\/v2\/users\/1"}],"replies":[{"embeddable":true,"href":"https:\/\/gazdasagportal.hu\/index.php\/wp-json\/wp\/v2\/comments?post=44097"}],"version-history":[{"count":1,"href":"https:\/\/gazdasagportal.hu\/index.php\/wp-json\/wp\/v2\/posts\/44097\/revisions"}],"predecessor-version":[{"id":44098,"href":"https:\/\/gazdasagportal.hu\/index.php\/wp-json\/wp\/v2\/posts\/44097\/revisions\/44098"}],"wp:attachment":[{"href":"https:\/\/gazdasagportal.hu\/index.php\/wp-json\/wp\/v2\/media?parent=44097"}],"wp:term":[{"taxonomy":"category","embeddable":true,"href":"https:\/\/gazdasagportal.hu\/index.php\/wp-json\/wp\/v2\/categories?post=44097"},{"taxonomy":"post_tag","embeddable":true,"href":"https:\/\/gazdasagportal.hu\/index.php\/wp-json\/wp\/v2\/tags?post=44097"}],"curies":[{"name":"wp","href":"https:\/\/api.w.org\/{rel}","templated":true}]}}