{"id":44091,"date":"2014-09-11T10:44:19","date_gmt":"2014-09-11T08:44:19","guid":{"rendered":"http:\/\/stockportal.hu\/?p=44091"},"modified":"2014-09-11T10:44:19","modified_gmt":"2014-09-11T08:44:19","slug":"norveg-alapok-a-dk-az-europai-bizottsaghoz-fordul","status":"publish","type":"post","link":"https:\/\/gazdasagportal.hu\/index.php\/norveg-alapok-a-dk-az-europai-bizottsaghoz-fordul\/","title":{"rendered":"Norv\u00e9g alapok &#8211; A DK az Eur\u00f3pai Bizotts\u00e1ghoz fordul"},"content":{"rendered":"<p><strong>A Demokratikus Koal\u00edci\u00f3 (DK) az Eur\u00f3pai Bizotts\u00e1ghoz fordul az \u00d6kot\u00e1rs Alap\u00edtv\u00e1ny elleni hat\u00f3s\u00e1gi akci\u00f3 miatt.<\/strong><!--more--><br \/>\n<div class=\"ads-in-post1\"><div id=\"gazdasagportal.hu_fullbanner_wideboard\"><\/div>\r\n<\/div>\n<p>    Az ellenz\u00e9ki p\u00e1rt cs\u00fct\u00f6rt\u00f6k\u00f6n azt k\u00f6z\u00f6lte az MTI-vel, hogy \u00e1ll\u00e1spontjuk szerint a Norv\u00e9g Civil Alapot kezel\u0151 civil szervezetek vizsg\u00e1lat\u00e1nak, vezet\u0151ik &#8222;alaptalan feljelent\u00e9s\u00e9nek&#8221; a magyar emberek jogai\u00e9rt fell\u00e9p\u0151 \u00e9s a korm\u00e1nyzati korrupci\u00f3 ellen k\u00fczd\u0151 f\u00fcggetlen szervezetek elhallgattat\u00e1sa a c\u00e9lja.<br \/>\n    A DK eur\u00f3pai parlamenti k\u00e9pvisel\u0151i &#8211; Niederm\u00fcller P\u00e9ter \u00e9s Moln\u00e1r Csaba &#8211; \u00edr\u00e1sbeli k\u00e9rd\u00e9sben fordulnak az Eur\u00f3pai Bizotts\u00e1ghoz, s arra v\u00e1rnak v\u00e1laszt, hogy &#8222;a civil szervezetek vegz\u00e1l\u00e1sa nem s\u00e9rti-e a Norv\u00e9gia \u00e9s az EU k\u00f6z\u00f6tti meg\u00e1llapod\u00e1st, illetve nem megy-e szembe az Eur\u00f3pa Tan\u00e1cs Magyarorsz\u00e1g \u00e1ltal is elfogadott egyezm\u00e9nyeivel&#8221;.(MTI)<br \/>\n<div class=\"ads-in-post2\"><script async src=\"https:\/\/pagead2.googlesyndication.com\/pagead\/js\/adsbygoogle.js\"><\/script>\r\n<ins class=\"adsbygoogle\"\r\n     style=\"display:block\"\r\n     data-ad-format=\"fluid\"\r\n     data-ad-layout-key=\"-6t+ed+2i-1n-4w\"\r\n     data-ad-client=\"ca-pub-1959107119989764\"\r\n     data-ad-slot=\"4008251320\"><\/ins>\r\n<script>\r\n     (adsbygoogle = window.adsbygoogle || []).push({});\r\n<\/script><\/div>\n","protected":false},"excerpt":{"rendered":"<p>A Demokratikus Koal\u00edci\u00f3 (DK) az Eur\u00f3pai Bizotts\u00e1ghoz fordul az \u00d6kot\u00e1rs Alap\u00edtv\u00e1ny elleni hat\u00f3s\u00e1gi akci\u00f3 miatt.<\/p>\n","protected":false},"author":1,"featured_media":0,"comment_status":"open","ping_status":"closed","sticky":false,"template":"","format":"standard","meta":[],"categories":[18],"tags":[],"_links":{"self":[{"href":"https:\/\/gazdasagportal.hu\/index.php\/wp-json\/wp\/v2\/posts\/44091"}],"collection":[{"href":"https:\/\/gazdasagportal.hu\/index.php\/wp-json\/wp\/v2\/posts"}],"about":[{"href":"https:\/\/gazdasagportal.hu\/index.php\/wp-json\/wp\/v2\/types\/post"}],"author":[{"embeddable":true,"href":"https:\/\/gazdasagportal.hu\/index.php\/wp-json\/wp\/v2\/users\/1"}],"replies":[{"embeddable":true,"href":"https:\/\/gazdasagportal.hu\/index.php\/wp-json\/wp\/v2\/comments?post=44091"}],"version-history":[{"count":1,"href":"https:\/\/gazdasagportal.hu\/index.php\/wp-json\/wp\/v2\/posts\/44091\/revisions"}],"predecessor-version":[{"id":44092,"href":"https:\/\/gazdasagportal.hu\/index.php\/wp-json\/wp\/v2\/posts\/44091\/revisions\/44092"}],"wp:attachment":[{"href":"https:\/\/gazdasagportal.hu\/index.php\/wp-json\/wp\/v2\/media?parent=44091"}],"wp:term":[{"taxonomy":"category","embeddable":true,"href":"https:\/\/gazdasagportal.hu\/index.php\/wp-json\/wp\/v2\/categories?post=44091"},{"taxonomy":"post_tag","embeddable":true,"href":"https:\/\/gazdasagportal.hu\/index.php\/wp-json\/wp\/v2\/tags?post=44091"}],"curies":[{"name":"wp","href":"https:\/\/api.w.org\/{rel}","templated":true}]}}