{"id":44087,"date":"2014-09-11T10:00:42","date_gmt":"2014-09-11T08:00:42","guid":{"rendered":"http:\/\/stockportal.hu\/?p=44087"},"modified":"2014-09-11T13:49:43","modified_gmt":"2014-09-11T11:49:43","slug":"kiujul-a-valsag-rendkivuli-hadgyakorlat-kezdeset-rendelte-el-putyin-a-kelet-oroszorszagi-katonai-korzetben","status":"publish","type":"post","link":"https:\/\/gazdasagportal.hu\/index.php\/kiujul-a-valsag-rendkivuli-hadgyakorlat-kezdeset-rendelte-el-putyin-a-kelet-oroszorszagi-katonai-korzetben\/","title":{"rendered":"Ki\u00fajul a v\u00e1ls\u00e1g? Rendk\u00edv\u00fcli hadgyakorlat kezd\u00e9s\u00e9t rendelte el Putyin a kelet-oroszorsz\u00e1gi katonai k\u00f6rzetben"},"content":{"rendered":"<p><strong>Rendk\u00edv\u00fcli hadgyakorlat kezd\u0151d\u00f6tt Oroszorsz\u00e1g Bajk\u00e1lon t\u00fali ter\u00fclet\u00e9t \u00e9s t\u00e1vol-keleti r\u00e9gi\u00f3j\u00e1t fel\u00f6lel\u0151 Keleti Katonai K\u00f6rzetben &#8211; jelentette be Szergej Sojgu orosz v\u00e9delmi miniszter cs\u00fct\u00f6rt\u00f6k\u00f6n.<!--more--><\/strong><br \/>\n<div class=\"ads-in-post1\"><div id=\"gazdasagportal.hu_fullbanner_wideboard\"><\/div>\r\n<\/div>\n<p>A harck\u00e9sz\u00fclts\u00e9g v\u00e1ratlan ellen\u0151rz\u00e9s\u00e9t Vlagyimir Putyin \u00e1llamf\u0151 rendelte el.<br \/>\nA v\u00e9delmi t\u00e1rca vezet\u0151je egy\u00fattal k\u00f6z\u00f6lte, az eln\u00f6k arra is utas\u00edtotta a miniszt\u00e9riumot, hogy ellen\u0151rizze a k\u00e9t nagy orosz sz\u00f6vets\u00e9gi k\u00f6rzetben a v\u00e9grehajt\u00f3 hatalom felk\u00e9sz\u00fclts\u00e9g\u00e9t egy esetleges hadi\u00e1llapotra.(MTI)<br \/>\n<div class=\"ads-in-post2\"><script async src=\"https:\/\/pagead2.googlesyndication.com\/pagead\/js\/adsbygoogle.js\"><\/script>\r\n<ins class=\"adsbygoogle\"\r\n     style=\"display:block\"\r\n     data-ad-format=\"fluid\"\r\n     data-ad-layout-key=\"-6t+ed+2i-1n-4w\"\r\n     data-ad-client=\"ca-pub-1959107119989764\"\r\n     data-ad-slot=\"4008251320\"><\/ins>\r\n<script>\r\n     (adsbygoogle = window.adsbygoogle || []).push({});\r\n<\/script><\/div>\n","protected":false},"excerpt":{"rendered":"<p>Rendk\u00edv\u00fcli hadgyakorlat kezd\u0151d\u00f6tt Oroszorsz\u00e1g Bajk\u00e1lon t\u00fali ter\u00fclet\u00e9t \u00e9s t\u00e1vol-keleti r\u00e9gi\u00f3j\u00e1t fel\u00f6lel\u0151 Keleti Katonai K\u00f6rzetben &#8211; jelentette be Szergej Sojgu orosz v\u00e9delmi miniszter cs\u00fct\u00f6rt\u00f6k\u00f6n.<\/p>\n","protected":false},"author":1,"featured_media":40588,"comment_status":"open","ping_status":"closed","sticky":false,"template":"","format":"standard","meta":[],"categories":[146,139],"tags":[],"_links":{"self":[{"href":"https:\/\/gazdasagportal.hu\/index.php\/wp-json\/wp\/v2\/posts\/44087"}],"collection":[{"href":"https:\/\/gazdasagportal.hu\/index.php\/wp-json\/wp\/v2\/posts"}],"about":[{"href":"https:\/\/gazdasagportal.hu\/index.php\/wp-json\/wp\/v2\/types\/post"}],"author":[{"embeddable":true,"href":"https:\/\/gazdasagportal.hu\/index.php\/wp-json\/wp\/v2\/users\/1"}],"replies":[{"embeddable":true,"href":"https:\/\/gazdasagportal.hu\/index.php\/wp-json\/wp\/v2\/comments?post=44087"}],"version-history":[{"count":1,"href":"https:\/\/gazdasagportal.hu\/index.php\/wp-json\/wp\/v2\/posts\/44087\/revisions"}],"predecessor-version":[{"id":44088,"href":"https:\/\/gazdasagportal.hu\/index.php\/wp-json\/wp\/v2\/posts\/44087\/revisions\/44088"}],"wp:featuredmedia":[{"embeddable":true,"href":"https:\/\/gazdasagportal.hu\/index.php\/wp-json\/wp\/v2\/media\/40588"}],"wp:attachment":[{"href":"https:\/\/gazdasagportal.hu\/index.php\/wp-json\/wp\/v2\/media?parent=44087"}],"wp:term":[{"taxonomy":"category","embeddable":true,"href":"https:\/\/gazdasagportal.hu\/index.php\/wp-json\/wp\/v2\/categories?post=44087"},{"taxonomy":"post_tag","embeddable":true,"href":"https:\/\/gazdasagportal.hu\/index.php\/wp-json\/wp\/v2\/tags?post=44087"}],"curies":[{"name":"wp","href":"https:\/\/api.w.org\/{rel}","templated":true}]}}