{"id":44071,"date":"2014-09-11T07:09:11","date_gmt":"2014-09-11T05:09:11","guid":{"rendered":"http:\/\/stockportal.hu\/?p=44071"},"modified":"2014-09-11T07:09:11","modified_gmt":"2014-09-11T05:09:11","slug":"brusszeli-szovivo-franciaorszag-nem-tartja-be-az-unios-koltsegvetesi-ajanlasokat","status":"publish","type":"post","link":"https:\/\/gazdasagportal.hu\/index.php\/brusszeli-szovivo-franciaorszag-nem-tartja-be-az-unios-koltsegvetesi-ajanlasokat\/","title":{"rendered":"Br\u00fcsszeli sz\u00f3viv\u0151: Franciaorsz\u00e1g nem tartja be az uni\u00f3s k\u00f6lts\u00e9gvet\u00e9si aj\u00e1nl\u00e1sokat"},"content":{"rendered":"<p><strong>Nyilv\u00e1nval\u00f3, hogy a k\u00f6lts\u00e9gvet\u00e9si hi\u00e1nyra vonatkoz\u00f3 szerdai francia bejelent\u00e9sek nincsenek \u00f6sszhangban a p\u00e9nz\u00fcgyminiszterek tan\u00e1csa \u00e1ltal elfogadott aj\u00e1nl\u00e1sokkal &#8211; k\u00f6z\u00f6lte Simon O&#8217;Connor, Jyrki Katainen gazdas\u00e1gi \u00e9s monet\u00e1ris \u00fcgyek\u00e9rt felel\u0151s uni\u00f3s biztos sz\u00f3viv\u0151je.<\/strong><!--more--><br \/>\n<div class=\"ads-in-post1\"><div id=\"gazdasagportal.hu_fullbanner_wideboard\"><\/div>\r\n<\/div>\n<p>    Michel Sapin francia p\u00e9nz\u00fcgyminiszter kor\u00e1bban bejelentette: P\u00e1rizs 2015 helyett csak 2017-re szor\u00edtja az uni\u00f3s k\u00fcsz\u00f6b\u00e9rt\u00e9kk\u00e9nt meg\u00e1llap\u00edtott 3 sz\u00e1zal\u00e9k al\u00e1 a k\u00f6lts\u00e9gvet\u00e9s hi\u00e1ny\u00e1t. A p\u00e9nz\u00fcgyminiszter az eur\u00f3z\u00f3na &#8222;kiv\u00e9teles gazdas\u00e1gi helyzet\u00e9vel&#8221;, a lass\u00fa n\u00f6veked\u00e9ssel \u00e9s az alacsony infl\u00e1ci\u00f3val indokolta a d\u00f6nt\u00e9st. P\u00e1rizs id\u00e9n \u00e9s j\u00f6v\u0151re is a tavalyin\u00e1l magasabb hi\u00e1nnyal sz\u00e1mol.<br \/>\n    Sapin \u00edg\u00e9retet tett, hogy a korm\u00e1ny nem fogja emelni az ad\u00f3kat, viszont j\u00f6v\u0151re 21 milli\u00e1rd eur\u00f3s megtakar\u00edt\u00e1st tervez az \u00e1llami kiad\u00e1sokban.<br \/>\n    Simon O&#8217;Connor \u00fcdv\u00f6z\u00f6lte, hogy Franciaorsz\u00e1g elk\u00f6telezett, hogy a terveknek megfelel\u0151en v\u00e9grehajtsa a meg\u00edg\u00e9rt struktur\u00e1lis reformokat.<br \/>\n    &#8222;A mer\u00e9sz reformok elfogad\u00e1sa \u00e9s gyors v\u00e9grehajt\u00e1sa, ami szil\u00e1rd alapot teremt a fenntarthat\u00f3 fejl\u0151d\u00e9s \u00e9s munkahelyteremt\u00e9s sz\u00e1m\u00e1ra, nem csak Franciaorsz\u00e1g, hanem az eg\u00e9sz eur\u00f3\u00f6vezet sz\u00e1m\u00e1ra kulcsfontoss\u00e1g\u00fa&#8221; &#8211; hangs\u00falyozta O&#8217;Connor.<br \/>\n    A sz\u00f3viv\u0151 arra is kit\u00e9rt, hogy az uni\u00f3s szab\u00e1lyok lehet\u0151v\u00e9 teszik, hogy egy orsz\u00e1g halad\u00e9kot kapjon a k\u00f6lts\u00e9gvet\u00e9si hi\u00e1nyc\u00e9l teljes\u00edt\u00e9s\u00e9re, ha ezt az aj\u00e1nl\u00e1sok elfogad\u00e1sa \u00f3ta bek\u00f6vetkezett gazdas\u00e1gi esem\u00e9nyek indokolj\u00e1k, \u00e9s az orsz\u00e1g am\u00fagy hat\u00e9kony l\u00e9p\u00e9seket tett a hi\u00e1ny lefarag\u00e1s\u00e1ra. Ezt az \u0151sz folyam\u00e1n \u00e9rt\u00e9keli majd a br\u00fcsszeli test\u00fclet.<br \/>\n    Franciaorsz\u00e1gnak, ahogy az eur\u00f3\u00f6vezet t\u00f6bbi tagj\u00e1nak is, okt\u00f3ber 15-ig kell eljuttatnia Br\u00fcsszelbe a j\u00f6v\u0151 \u00e9vre vonatkoz\u00f3 k\u00f6lts\u00e9gvet\u00e9si terveit. A bizotts\u00e1g pedig november k\u00f6zep\u00e9n teszi majd k\u00f6zz\u00e9 v\u00e9lem\u00e9ny\u00e9t arr\u00f3l, hogy a tagorsz\u00e1gok tervezett k\u00f6lts\u00e9gvet\u00e9seikkel tiszteletben tartj\u00e1k-e majd az uni\u00f3s el\u0151\u00edr\u00e1sokat.(MTI)<\/p>\n","protected":false},"excerpt":{"rendered":"<p>Nyilv\u00e1nval\u00f3, hogy a k\u00f6lts\u00e9gvet\u00e9si hi\u00e1nyra vonatkoz\u00f3 szerdai francia bejelent\u00e9sek nincsenek \u00f6sszhangban a p\u00e9nz\u00fcgyminiszterek tan\u00e1csa \u00e1ltal elfogadott aj\u00e1nl\u00e1sokkal &#8211; k\u00f6z\u00f6lte Simon O&#8217;Connor, Jyrki Katainen gazdas\u00e1gi \u00e9s monet\u00e1ris \u00fcgyek\u00e9rt felel\u0151s uni\u00f3s biztos sz\u00f3viv\u0151je.<\/p>\n","protected":false},"author":1,"featured_media":0,"comment_status":"open","ping_status":"closed","sticky":false,"template":"","format":"standard","meta":[],"categories":[12],"tags":[],"_links":{"self":[{"href":"https:\/\/gazdasagportal.hu\/index.php\/wp-json\/wp\/v2\/posts\/44071"}],"collection":[{"href":"https:\/\/gazdasagportal.hu\/index.php\/wp-json\/wp\/v2\/posts"}],"about":[{"href":"https:\/\/gazdasagportal.hu\/index.php\/wp-json\/wp\/v2\/types\/post"}],"author":[{"embeddable":true,"href":"https:\/\/gazdasagportal.hu\/index.php\/wp-json\/wp\/v2\/users\/1"}],"replies":[{"embeddable":true,"href":"https:\/\/gazdasagportal.hu\/index.php\/wp-json\/wp\/v2\/comments?post=44071"}],"version-history":[{"count":1,"href":"https:\/\/gazdasagportal.hu\/index.php\/wp-json\/wp\/v2\/posts\/44071\/revisions"}],"predecessor-version":[{"id":44072,"href":"https:\/\/gazdasagportal.hu\/index.php\/wp-json\/wp\/v2\/posts\/44071\/revisions\/44072"}],"wp:attachment":[{"href":"https:\/\/gazdasagportal.hu\/index.php\/wp-json\/wp\/v2\/media?parent=44071"}],"wp:term":[{"taxonomy":"category","embeddable":true,"href":"https:\/\/gazdasagportal.hu\/index.php\/wp-json\/wp\/v2\/categories?post=44071"},{"taxonomy":"post_tag","embeddable":true,"href":"https:\/\/gazdasagportal.hu\/index.php\/wp-json\/wp\/v2\/tags?post=44071"}],"curies":[{"name":"wp","href":"https:\/\/api.w.org\/{rel}","templated":true}]}}