{"id":44068,"date":"2014-09-11T06:07:37","date_gmt":"2014-09-11T04:07:37","guid":{"rendered":"http:\/\/stockportal.hu\/?p=44068"},"modified":"2014-09-11T06:07:37","modified_gmt":"2014-09-11T04:07:37","slug":"iszlam-allam-obama-amerika-egy-koalicio-elere-all-celja-a-terrorszervezet-megsemmisitese","status":"publish","type":"post","link":"https:\/\/gazdasagportal.hu\/index.php\/iszlam-allam-obama-amerika-egy-koalicio-elere-all-celja-a-terrorszervezet-megsemmisitese\/","title":{"rendered":"Iszl\u00e1m \u00c1llam &#8211; Obama: Amerika egy koal\u00edci\u00f3 \u00e9l\u00e9re \u00e1ll, c\u00e9lja a terrorszervezet megsemmis\u00edt\u00e9se"},"content":{"rendered":"<p><strong>Az Egyes\u00fclt \u00c1llamok egy nemzetk\u00f6zi koal\u00edci\u00f3 \u00e9l\u00e9re \u00e1ll, amelynek c\u00e9lja az Iszl\u00e1m \u00c1llam (I\u00c1) nev\u0171 terrorszervezet meggyeng\u00edt\u00e9se \u00e9s felsz\u00e1mol\u00e1sa &#8211; jelentette ki helyi id\u0151 szerint szerda esti telev\u00edzi\u00f3s besz\u00e9d\u00e9ben Barack Obama amerikai eln\u00f6k.<\/strong><!--more--><br \/>\n<div class=\"ads-in-post1\"><div id=\"gazdasagportal.hu_fullbanner_wideboard\"><\/div>\r\n<\/div>\n<p>    &#8222;Ma este, amikor m\u00e1r fel\u00e1llt egy \u00faj iraki korm\u00e1ny, \u00e9s miut\u00e1n konzult\u00e1ci\u00f3kat folytattam k\u00fclf\u00f6ld\u00f6n \u00e9s idehaza a sz\u00f6vets\u00e9geseinkkel, kijelenthetem, hogy Amerika egy sz\u00e9les koal\u00edci\u00f3 \u00e9l\u00e9re \u00e1ll ennek a terrorista fenyeget\u00e9snek a visszaszor\u00edt\u00e1sa \u00e9rdek\u00e9ben&#8221; &#8211; mondta.<br \/>\n    &#8222;C\u00e9lunk vil\u00e1gos: egy \u00e1tfog\u00f3 \u00e9s kitart\u00f3 terrorelh\u00e1r\u00edt\u00e1si strat\u00e9gi\u00e1val meg fogjuk gyeng\u00edteni \u00e9s v\u00e9geredm\u00e9nyben meg fogjuk semmis\u00edteni az ILI\u00c1-t (Iraki \u00e9s Levantei Iszl\u00e1m \u00c1llamot)&#8221; &#8211; tette hozz\u00e1.<br \/>\n    Az eln\u00f6k besz\u00e9de sor\u00e1n mindv\u00e9gig az I\u00c1 kor\u00e1bban bevett elnevez\u00e9s\u00e9t haszn\u00e1lta.(MTI)<br \/>\n<div class=\"ads-in-post2\"><script async src=\"https:\/\/pagead2.googlesyndication.com\/pagead\/js\/adsbygoogle.js\"><\/script>\r\n<ins class=\"adsbygoogle\"\r\n     style=\"display:block\"\r\n     data-ad-format=\"fluid\"\r\n     data-ad-layout-key=\"-6t+ed+2i-1n-4w\"\r\n     data-ad-client=\"ca-pub-1959107119989764\"\r\n     data-ad-slot=\"4008251320\"><\/ins>\r\n<script>\r\n     (adsbygoogle = window.adsbygoogle || []).push({});\r\n<\/script><\/div>\n","protected":false},"excerpt":{"rendered":"<p>Az Egyes\u00fclt \u00c1llamok egy nemzetk\u00f6zi koal\u00edci\u00f3 \u00e9l\u00e9re \u00e1ll, amelynek c\u00e9lja az Iszl\u00e1m \u00c1llam (I\u00c1) nev\u0171 terrorszervezet meggyeng\u00edt\u00e9se \u00e9s felsz\u00e1mol\u00e1sa &#8211; jelentette ki helyi id\u0151 szerint szerda esti telev\u00edzi\u00f3s besz\u00e9d\u00e9ben Barack Obama amerikai eln\u00f6k.<\/p>\n","protected":false},"author":1,"featured_media":0,"comment_status":"open","ping_status":"closed","sticky":false,"template":"","format":"standard","meta":[],"categories":[16],"tags":[],"_links":{"self":[{"href":"https:\/\/gazdasagportal.hu\/index.php\/wp-json\/wp\/v2\/posts\/44068"}],"collection":[{"href":"https:\/\/gazdasagportal.hu\/index.php\/wp-json\/wp\/v2\/posts"}],"about":[{"href":"https:\/\/gazdasagportal.hu\/index.php\/wp-json\/wp\/v2\/types\/post"}],"author":[{"embeddable":true,"href":"https:\/\/gazdasagportal.hu\/index.php\/wp-json\/wp\/v2\/users\/1"}],"replies":[{"embeddable":true,"href":"https:\/\/gazdasagportal.hu\/index.php\/wp-json\/wp\/v2\/comments?post=44068"}],"version-history":[{"count":1,"href":"https:\/\/gazdasagportal.hu\/index.php\/wp-json\/wp\/v2\/posts\/44068\/revisions"}],"predecessor-version":[{"id":44069,"href":"https:\/\/gazdasagportal.hu\/index.php\/wp-json\/wp\/v2\/posts\/44068\/revisions\/44069"}],"wp:attachment":[{"href":"https:\/\/gazdasagportal.hu\/index.php\/wp-json\/wp\/v2\/media?parent=44068"}],"wp:term":[{"taxonomy":"category","embeddable":true,"href":"https:\/\/gazdasagportal.hu\/index.php\/wp-json\/wp\/v2\/categories?post=44068"},{"taxonomy":"post_tag","embeddable":true,"href":"https:\/\/gazdasagportal.hu\/index.php\/wp-json\/wp\/v2\/tags?post=44068"}],"curies":[{"name":"wp","href":"https:\/\/api.w.org\/{rel}","templated":true}]}}