{"id":44064,"date":"2014-09-11T05:05:25","date_gmt":"2014-09-11T03:05:25","guid":{"rendered":"http:\/\/stockportal.hu\/?p=44064"},"modified":"2014-09-11T06:01:31","modified_gmt":"2014-09-11T04:01:31","slug":"ma-is-lesz-terrortamadas-amerika-fokozott-keszultsegben","status":"publish","type":"post","link":"https:\/\/gazdasagportal.hu\/index.php\/ma-is-lesz-terrortamadas-amerika-fokozott-keszultsegben\/","title":{"rendered":"Terrort\u00e1mad\u00e1s lehet\u0151s\u00e9ge miatt Amerika fokozott k\u00e9sz\u00fclts\u00e9gben"},"content":{"rendered":"<p><strong>Noha az amerikai belbiztons\u00e1gi miniszt\u00e9riumnak nincs tudom\u00e1sa konkr\u00e9t terrorfenyeget\u00e9sr\u0151l, az Egyes\u00fclt \u00c1llamok biztons\u00e1gi szolg\u00e1latai a kor\u00e1bbi \u00e9vekhez hasonl\u00f3an most is fokozott k\u00e9sz\u00fclts\u00e9gben v\u00e1rj\u00e1k a 2001. szeptember 11-i terrort\u00e1mad\u00e1sok \u00e9vfordul\u00f3j\u00e1t &#8211; der\u00fclt ki szerd\u00e1n megjelent amerikai sajt\u00f3jelent\u00e9sekb\u0151l.<\/strong><!--more--><br \/>\n<div class=\"ads-in-post1\"><div id=\"gazdasagportal.hu_fullbanner_wideboard\"><\/div>\r\n<\/div>\n<p>    A 13. \u00e9vfordul\u00f3val kapcsolatban foganatos\u00edtott biztons\u00e1gi int\u00e9zked\u00e9sek r\u00e9szleteit nem hozt\u00e1k nyilv\u00e1noss\u00e1gra. Ugyanakkor az amerikai hat\u00f3s\u00e1gok tudat\u00e1ban vannak annak, hogy az iszlamista terrorszervezetek &#8211; amint azt a beng\u00e1zi amerikai k\u00e9pviselet ellen k\u00e9t \u00e9ve elk\u00f6vetett t\u00e1mad\u00e1s is bizony\u00edtotta &#8211; szimbolikus \u00e9s propagandisztikus jelent\u0151s\u00e9get tulajdon\u00edtanak szeptember 11-nek.<br \/>\n    Amerikai biztons\u00e1gi szak\u00e9rt\u0151k szerint a dzsihadista terrorcsoportok k\u00f6z\u00fcl az Egyes\u00fclt \u00c1llamok ter\u00fclet\u00e9re n\u00e9zve az Arab-f\u00e9lszigeten m\u0171k\u00f6d\u0151 al-Kaida-szervezet jelenti a legnagyobb potenci\u00e1lis vesz\u00e9lyt. A t\u00f6bbi szervezet els\u0151sorban k\u00fclf\u00f6ld\u00f6n tal\u00e1lhat\u00f3 amerikai c\u00e9lpontok megt\u00e1mad\u00e1s\u00e1ra tehet k\u00eds\u00e9rletet.<br \/>\n    Id\u00e9n a Sz\u00edri\u00e1ban \u00e9s az Irakban jelent\u0151s ter\u00fcleteket uralma al\u00e1 hajt\u00f3, mag\u00e1t Iszl\u00e1m \u00c1llamk\u00e9nt (I\u00c1) titul\u00e1l\u00f3 sz\u00e9ls\u0151s\u00e9ges csoport el\u0151ret\u00f6r\u00e9se \u00e1ll az aggodalmak k\u00f6z\u00e9ppontj\u00e1ban, k\u00fcl\u00f6n\u00f6sen azut\u00e1n, hogy annak tagjai nemr\u00e9g fejeztek le k\u00e9t amerikai \u00fajs\u00e1g\u00edr\u00f3t. Az Egyes\u00fclt \u00c1llamok \u00e9s m\u00e1s nyugati orsz\u00e1gokat k\u00fcl\u00f6n\u00f6sen az nyugtalan\u00edtja, hogy az I\u00c1 soraiban sz\u00e1mos \u00e1llampolg\u00e1ruk harcol.<br \/>\n    Jeh Johnson, a 13 \u00e9vvel ezel\u0151tt v\u00e9grehajtott terrort\u00e1mad\u00e1sok nyom\u00e1n l\u00e9trehozott belbiztons\u00e1gi miniszt\u00e9rium vezet\u0151je egy szerdai washingtoni el\u0151ad\u00e1s\u00e1ban kijelentette, hogy a sz\u00edriai polg\u00e1rh\u00e1bor\u00faban az elm\u00falt h\u00e1rom \u00e9vben mintegy 12 ezer k\u00fclf\u00f6ldi vett r\u00e9szt valamilyen form\u00e1ban, k\u00f6zt\u00fck t\u00f6bb mint ezer eur\u00f3pai \u00e9s t\u00f6bb mint sz\u00e1z amerikai.<br \/>\n    Az I\u00c1 mellett amerikai c\u00e9lpontok elleni t\u00e1mad\u00e1sokkal fenyeget\u0151z\u00f6tt az as-Shabab szom\u00e1liai dzsihadista szervezet is, amelynek vez\u00e9r\u00e9vel nemr\u00e9g amerikai dr\u00f3ncsap\u00e1s v\u00e9gzett. A nyugati \u00e9s arab titkosszolg\u00e1latokn\u00e1l nyugtalans\u00e1got keltett az is, hogy a tripoli rep\u00fcl\u0151t\u00e9r elfoglal\u00e1sa nyom\u00e1n utassz\u00e1ll\u00edt\u00f3 rep\u00fcl\u0151g\u00e9pek ker\u00fcltek l\u00edbiai iszlamista mil\u00edci\u00e1k kez\u00e9re.<br \/>\n    Jeh Johnson elmondta, hogy a belbiztons\u00e1gi miniszt\u00e9rium, amelynek f\u0151 feladata a terrorelh\u00e1r\u00edt\u00e1s, ma 22 szolg\u00e1latot egyes\u00edtve 60 milli\u00e1rd doll\u00e1ros k\u00f6lts\u00e9gvet\u00e9ssel \u00e9s 240 ezer alkalmazottal m\u0171k\u00f6dik. A t\u00e1rcavezet\u0151 elmondta, hogy mik\u00f6zben a Pentagon forgat\u00f3k\u00f6nyveket k\u00e9sz\u00edtett el\u0151 Barack Obama eln\u00f6knek a I\u00c1 elleni katonai fell\u00e9p\u00e9shez, a miniszt\u00e9rium \u00fajabb biztons\u00e1gi \u00f3vint\u00e9zked\u00e9seket l\u00e9ptetet \u00e9letbe.<br \/>\n    Egyebek k\u00f6z\u00f6tt j\u00faliusban megszigor\u00edtotta a k\u00e9sz\u00fclts\u00e9get 25 k\u00fclf\u00f6ldi rep\u00fcl\u0151t\u00e9ren, t\u00f6bbnyire olyanokon, ahonnan k\u00f6zvetlen j\u00e1ratokat ind\u00edtanak az Egyes\u00fclt \u00c1llamokba. A belbiztons\u00e1gi miniszt\u00e9rium emellett egy\u00fcttm\u0171k\u00f6dik a Sz\u00f6vets\u00e9gi Nyomoz\u00f3 Irod\u00e1val (FBI) \u00e9s a h\u00edrszerz\u0151 szolg\u00e1latokkal a Sz\u00edri\u00e1ba utazott radik\u00e1lisok azonos\u00edt\u00e1s\u00e1ban \u00e9s nyomon k\u00f6vet\u00e9s\u00e9ben.<br \/>\n    Vel\u00fck kapcsolatban adatmegoszt\u00e1st folytat eur\u00f3pai \u00e9s m\u00e1s korm\u00e1nyokkal, k\u00fcl\u00f6n\u00f6sen azzal 38 orsz\u00e1ggal, amelyeknek polg\u00e1rai v\u00edzummentess\u00e9get \u00e9lveznek az Egyes\u00fclt \u00c1llamokban. Az esetleges &#8222;mag\u00e1nyos farkas&#8221; t\u00edpus\u00fa, belf\u00f6ldi mer\u00e9nyl\u0151k kisz\u0171r\u00e9se \u00e9rdek\u00e9ben a t\u00e1rca egy\u00fcttm\u0171k\u00f6dik az amerikai tag\u00e1llamok \u00e9s telep\u00fcl\u00e9sek rend\u0151rs\u00e9geivel.<br \/>\n    &#8222;A j\u00f3 h\u00edr orsz\u00e1gunk sz\u00e1m\u00e1ra szerintem az, hogy 13 \u00e9v ut\u00e1n jelent\u0151sen jav\u00edtottunk a nemzet azon k\u00e9pess\u00e9g\u00e9n, hogy felfedezze \u00e9s meghi\u00fas\u00edtsa a k\u00fclf\u00f6ldi terrorista \u00f6sszeesk\u00fcv\u00e9seket, miel\u0151tt azok el\u00e9rhetn\u00e9k haz\u00e1nkat. Itthon a sz\u00f6vets\u00e9gi b\u0171n\u00fcld\u00f6z\u0151 szervek \u00fajb\u00f3l \u00e9s \u00fajb\u00f3l kiv\u00e1l\u00f3 munk\u00e1t v\u00e9geznek azzal, hogy sz\u00e1mos szem\u00e9lyt m\u00e1r azel\u0151tt azonos\u00edtnak, lenyomoznak, letart\u00f3ztatnak \u00e9s b\u00edr\u00f3s\u00e1g el\u00e9 \u00e1ll\u00edtnak, miel\u0151tt m\u00e9g terrorcselekm\u00e9nyt k\u00f6vetn\u00e9nek el&#8221;- mondta Jeh Johnson.<br \/>\n    &#8222;A rossz h\u00edr az, hogy tov\u00e1bbra is val\u00f3di terrorista ellens\u00e9gekkel \u00e9s re\u00e1lis terrorfenyeget\u00e9ssel kell szemben\u00e9zn\u00fcnk&#8221; &#8211; mondta.<br \/>\n    Denverben egy\u00e9bk\u00e9nt szerd\u00e1n v\u00e1dalku keret\u00e9ben b\u0171n\u00f6snek vallotta mag\u00e1t a terrorizmus t\u00e1mogat\u00e1s\u00e1ban egy 19 \u00e9ves \u00e1pol\u00f3n\u0151, aki \u00e1prilisban megpr\u00f3b\u00e1lt Sz\u00edri\u00e1ba jutni, hogy ott az I\u00c1 harcosait seg\u00edtse, de a colorad\u00f3i f\u0151v\u00e1ros nemzetk\u00f6zi repter\u00e9n elfogt\u00e1k. Az muszlim hitre t\u00e9rt Shannon Conley-t, aki beleegyezett, hogy seg\u00edtse a hat\u00f3s\u00e1gok nyomoz\u00e1s\u00e1t, ak\u00e1r \u00f6t\u00e9vi szabads\u00e1gveszt\u00e9sre \u00e9s 250 ezer doll\u00e1r p\u00e9nzb\u00fcntet\u00e9sre \u00edt\u00e9lhetik.(MTI)<\/p>\n","protected":false},"excerpt":{"rendered":"<p>Noha az amerikai belbiztons\u00e1gi miniszt\u00e9riumnak nincs tudom\u00e1sa konkr\u00e9t terrorfenyeget\u00e9sr\u0151l, az Egyes\u00fclt \u00c1llamok biztons\u00e1gi szolg\u00e1latai a kor\u00e1bbi \u00e9vekhez hasonl\u00f3an most is fokozott k\u00e9sz\u00fclts\u00e9gben v\u00e1rj\u00e1k a 2001. szeptember 11-i terrort\u00e1mad\u00e1sok \u00e9vfordul\u00f3j\u00e1t &#8211; der\u00fclt ki szerd\u00e1n megjelent amerikai sajt\u00f3jelent\u00e9sekb\u0151l.<\/p>\n","protected":false},"author":1,"featured_media":0,"comment_status":"open","ping_status":"closed","sticky":false,"template":"","format":"standard","meta":[],"categories":[13],"tags":[],"_links":{"self":[{"href":"https:\/\/gazdasagportal.hu\/index.php\/wp-json\/wp\/v2\/posts\/44064"}],"collection":[{"href":"https:\/\/gazdasagportal.hu\/index.php\/wp-json\/wp\/v2\/posts"}],"about":[{"href":"https:\/\/gazdasagportal.hu\/index.php\/wp-json\/wp\/v2\/types\/post"}],"author":[{"embeddable":true,"href":"https:\/\/gazdasagportal.hu\/index.php\/wp-json\/wp\/v2\/users\/1"}],"replies":[{"embeddable":true,"href":"https:\/\/gazdasagportal.hu\/index.php\/wp-json\/wp\/v2\/comments?post=44064"}],"version-history":[{"count":2,"href":"https:\/\/gazdasagportal.hu\/index.php\/wp-json\/wp\/v2\/posts\/44064\/revisions"}],"predecessor-version":[{"id":44066,"href":"https:\/\/gazdasagportal.hu\/index.php\/wp-json\/wp\/v2\/posts\/44064\/revisions\/44066"}],"wp:attachment":[{"href":"https:\/\/gazdasagportal.hu\/index.php\/wp-json\/wp\/v2\/media?parent=44064"}],"wp:term":[{"taxonomy":"category","embeddable":true,"href":"https:\/\/gazdasagportal.hu\/index.php\/wp-json\/wp\/v2\/categories?post=44064"},{"taxonomy":"post_tag","embeddable":true,"href":"https:\/\/gazdasagportal.hu\/index.php\/wp-json\/wp\/v2\/tags?post=44064"}],"curies":[{"name":"wp","href":"https:\/\/api.w.org\/{rel}","templated":true}]}}