{"id":44058,"date":"2014-09-11T06:25:40","date_gmt":"2014-09-11T04:25:40","guid":{"rendered":"http:\/\/stockportal.hu\/?p=44058"},"modified":"2014-09-11T06:01:39","modified_gmt":"2014-09-11T04:01:39","slug":"norveg-alapok-fidesz-kdnp-schulz-a-befolyasolas-latszatat-is-kerulje-el","status":"publish","type":"post","link":"https:\/\/gazdasagportal.hu\/index.php\/norveg-alapok-fidesz-kdnp-schulz-a-befolyasolas-latszatat-is-kerulje-el\/","title":{"rendered":"Norv\u00e9g alapok &#8211; Fidesz-KDNP: Schulz a befoly\u00e1sol\u00e1s l\u00e1tszat\u00e1t is ker\u00fclje el!"},"content":{"rendered":"<p><strong>A Fidesz-KDNP eur\u00f3pai parlamenti (EP) k\u00e9pvisel\u0151csoportja felk\u00e9rte Martin Schulzot, az EP eln\u00f6k\u00e9t, hogy tartsa tiszteletben a magyar hat\u00f3s\u00e1gok f\u00fcggetlens\u00e9g\u00e9t, \u00e9s ker\u00fclje el annak l\u00e1tszat\u00e1t is, hogy befoly\u00e1solni k\u00edv\u00e1nja a norv\u00e9g alapokkal kapcsolatos nyomoz\u00e1st.<\/strong><!--more--><br \/>\n<div class=\"ads-in-post1\"><div id=\"gazdasagportal.hu_fullbanner_wideboard\"><\/div>\r\n<\/div>\n<p>    A frakci\u00f3 szerd\u00e1n az MTI-hez eljuttatott k\u00f6zlem\u00e9nyben arra reag\u00e1lt, hogy Martin Schulz Twitter-csatorn\u00e1j\u00e1n szerd\u00e1n m\u00e9lys\u00e9ges aggodalm\u00e1nak adott hangot a norv\u00e9g p\u00e9nzeket kezel\u0151 magyar civil szervezetekn\u00e9l tartott rend\u0151ri akci\u00f3 miatt. Az EP n\u00e9met, szoci\u00e1ldemokrata eln\u00f6ke abb\u00e9li meggy\u0151z\u0151d\u00e9s\u00e9nek adott hangot, hogy a m\u00e1sk\u00e9nt v\u00e9leked\u0151 hangok tesznek egy t\u00e1rsadalmat vibr\u00e1l\u00f3v\u00e1. &#8222;Ez a fell\u00e9p\u00e9s az ellenkez\u0151 ir\u00e1nyba mutat&#8221; &#8211; v\u00e9lekedett Schulz.<br \/>\n    A Fidesz-KDNP EP-k\u00fcld\u00f6tts\u00e9ge a k\u00f6zlem\u00e9nyben azt \u00edrta, fontos, hogy a civil szervezetek &#8222;a korm\u00e1nyt\u00f3l f\u00fcggetlen szervezetek minden belf\u00f6ldi \u00e9s k\u00fclf\u00f6ldi befoly\u00e1st\u00f3l f\u00fcggetlen\u00fcl v\u00e9gezhess\u00e9k munk\u00e1jukat&#8221;.<br \/>\n    Szerint\u00fck a forr\u00e1sok eloszt\u00e1s\u00e1ban felmer\u00fclt esetleges vissza\u00e9l\u00e9sek kivizsg\u00e1l\u00e1sa, \u00e9s \u00edgy a norv\u00e9g alap forr\u00e1saihoz val\u00f3 egyenl\u0151 hozz\u00e1f\u00e9r\u00e9s minden magyarorsz\u00e1gi civil szervezet \u00e9rdeke.<br \/>\n    A K\u00e9szenl\u00e9ti Rend\u0151rs\u00e9g Nemzeti Nyomoz\u00f3 Iroda (NNI) h\u0171tlen kezel\u00e9s, valamint jogosulatlan p\u00e9nz\u00fcgyi tev\u00e9kenys\u00e9g elk\u00f6vet\u00e9s\u00e9nek gyan\u00faja miatt ind\u00edtott elj\u00e1r\u00e1s keret\u00e9ben h\u00e9tf\u0151 reggel h\u00e1zkutat\u00e1st tartott a Norv\u00e9g Civil T\u00e1mogat\u00e1si Alap forr\u00e1sait koordin\u00e1l\u00f3 \u00d6kot\u00e1rs Alap\u00edtv\u00e1ny budapesti irod\u00e1j\u00e1ban, \u00e9s munkat\u00e1rsai iratokat, sz\u00e1m\u00edt\u00e1stechnikai adatokat foglaltak le. Aznap d\u00e9lben nyomoz\u00f3k jelentek meg a p\u00e1ly\u00e1zati programot lebonyol\u00edt\u00f3 konzorcium egy m\u00e1sik tagj\u00e1nak, a Demokratikus Jogok Fejleszt\u00e9s\u00e9\u00e9rt Alap\u00edtv\u00e1nynak (DemNet) az irod\u00e1j\u00e1n\u00e1l is.     Norv\u00e9gia szerint a fell\u00e9p\u00e9s teljesen elfogadhatatlan. Az NNI viszont k\u00f6z\u00f6lte: a m\u0171velet sem t\u00falz\u00f3, sem demonstrat\u00edv, sem megf\u00e9leml\u00edt\u0151 jelleg\u0171 nem volt.(MTI)<\/p>\n","protected":false},"excerpt":{"rendered":"<p>A Fidesz-KDNP eur\u00f3pai parlamenti (EP) k\u00e9pvisel\u0151csoportja felk\u00e9rte Martin Schulzot, az EP eln\u00f6k\u00e9t, hogy tartsa tiszteletben a magyar hat\u00f3s\u00e1gok f\u00fcggetlens\u00e9g\u00e9t, \u00e9s ker\u00fclje el annak l\u00e1tszat\u00e1t is, hogy befoly\u00e1solni k\u00edv\u00e1nja a norv\u00e9g alapokkal kapcsolatos nyomoz\u00e1st.<\/p>\n","protected":false},"author":1,"featured_media":0,"comment_status":"open","ping_status":"closed","sticky":false,"template":"","format":"standard","meta":[],"categories":[18],"tags":[],"_links":{"self":[{"href":"https:\/\/gazdasagportal.hu\/index.php\/wp-json\/wp\/v2\/posts\/44058"}],"collection":[{"href":"https:\/\/gazdasagportal.hu\/index.php\/wp-json\/wp\/v2\/posts"}],"about":[{"href":"https:\/\/gazdasagportal.hu\/index.php\/wp-json\/wp\/v2\/types\/post"}],"author":[{"embeddable":true,"href":"https:\/\/gazdasagportal.hu\/index.php\/wp-json\/wp\/v2\/users\/1"}],"replies":[{"embeddable":true,"href":"https:\/\/gazdasagportal.hu\/index.php\/wp-json\/wp\/v2\/comments?post=44058"}],"version-history":[{"count":1,"href":"https:\/\/gazdasagportal.hu\/index.php\/wp-json\/wp\/v2\/posts\/44058\/revisions"}],"predecessor-version":[{"id":44059,"href":"https:\/\/gazdasagportal.hu\/index.php\/wp-json\/wp\/v2\/posts\/44058\/revisions\/44059"}],"wp:attachment":[{"href":"https:\/\/gazdasagportal.hu\/index.php\/wp-json\/wp\/v2\/media?parent=44058"}],"wp:term":[{"taxonomy":"category","embeddable":true,"href":"https:\/\/gazdasagportal.hu\/index.php\/wp-json\/wp\/v2\/categories?post=44058"},{"taxonomy":"post_tag","embeddable":true,"href":"https:\/\/gazdasagportal.hu\/index.php\/wp-json\/wp\/v2\/tags?post=44058"}],"curies":[{"name":"wp","href":"https:\/\/api.w.org\/{rel}","templated":true}]}}