{"id":44056,"date":"2014-09-11T04:59:21","date_gmt":"2014-09-11T02:59:21","guid":{"rendered":"http:\/\/stockportal.hu\/?p=44056"},"modified":"2014-09-11T04:48:18","modified_gmt":"2014-09-11T02:48:18","slug":"ukran-valsag-putyin-oroszorszag-nem-megy-bele-ujabb-fegyverkezesi-hajszaba","status":"publish","type":"post","link":"https:\/\/gazdasagportal.hu\/index.php\/ukran-valsag-putyin-oroszorszag-nem-megy-bele-ujabb-fegyverkezesi-hajszaba\/","title":{"rendered":"Ukr\u00e1n v\u00e1ls\u00e1g &#8211; Putyin: Oroszorsz\u00e1g nem megy bele \u00fajabb fegyverkez\u00e9si hajsz\u00e1ba"},"content":{"rendered":"<p><strong>Oroszorsz\u00e1g nem megy bele \u00fajabb fegyverkez\u00e9si hajsz\u00e1ba &#8211; k\u00f6z\u00f6lte Vlagyimir Putyin, a 2016 \u00e9s 2025 k\u00f6z\u00f6tti id\u0151szakra sz\u00f3l\u00f3 orosz \u00e1llami fegyverkez\u00e9si programr\u00f3l sz\u00f3l\u00f3 moszkvai tan\u00e1cskoz\u00e1son szerd\u00e1n.<\/strong><!--more--><br \/>\n<div class=\"ads-in-post1\"><div id=\"gazdasagportal.hu_fullbanner_wideboard\"><\/div>\r\n<\/div>\n<p>    Az orosz eln\u00f6k azt mondta, &#8222;valakinek az a sz\u00e1nd\u00e9ka, hogy \u00fajabb fegyverkez\u00e9si hajsz\u00e1t ind\u00edtson el, de mi ebbe a hajsz\u00e1ba term\u00e9szetesen nem fogunk belekeveredni&#8221;.<br \/>\n    Putyin vezet\u0151 orosz hadiipari tisztvisel\u0151k el\u0151tt azzal v\u00e1dolt &#8222;egyes nyugati \u00e1llamokat&#8221;, hogy \u0151k provok\u00e1lt\u00e1k ki \u00e9s &#8222;kre\u00e1lt\u00e1k&#8221; az ukr\u00e1n v\u00e1ls\u00e1got azzal a c\u00e9llal, hogy \u00fajj\u00e1\u00e9lessz\u00e9k a NATO &#8222;katonai blokkj\u00e1t&#8221;.<br \/>\n    A politikus hozz\u00e1tette, hogy az orosz vezet\u00e9st aggasztja &#8222;az \u0171r katonai megh\u00f3d\u00edt\u00e1s\u00e1nak&#8221; folytat\u00e1sa \u00e9s az is, hogy &#8222;nagyon sok \u00faj vesz\u00e9ly jelenik meg&#8221; a vil\u00e1gban. Ugyanakkor hangs\u00falyozta, hogy minden orosz l\u00e9p\u00e9s \u00f6nv\u00e9delmi jelleg\u0171: &#8222;Sokszor elmondtuk, \u00e9s nagyon szeretn\u00e9nk, ha nem t\u00f6rne ki felesleges hiszt\u00e9ria k\u00e9s\u0151bb, amikor ezeket a d\u00f6nt\u00e9seket v\u00e9gleg meghozzuk \u00e9s elkezd\u0151dik megval\u00f3s\u00edt\u00e1suk&#8221;.<br \/>\n    Putyin azt is kijelentette, hogy Oroszorsz\u00e1g nem t\u00falozza el katonai kiad\u00e1sait. Az orosz \u00e1llamf\u0151 utas\u00edt\u00e1st adott a korm\u00e1nynak, hogy okt\u00f3ber v\u00e9g\u00e9ig a hossz\u00fa t\u00e1v\u00fa program &#8222;lehet\u0151 legkiegyens\u00falyozottabb \u00e9s re\u00e1lis&#8221; v\u00e1ltozat\u00e1t k\u00e9sz\u00edts\u00e9k el, amely figyelembe veszi az orosz hadiipar feladatait, de az orsz\u00e1g p\u00e9nz\u00fcgyi-gazdas\u00e1gi lehet\u0151s\u00e9geib\u0151l indul ki.<br \/>\n    Az eln\u00f6k elmondta, hogy 2001 \u00e9s 2010 k\u00f6z\u00f6tt Oroszorsz\u00e1g 2,5 ezer milli\u00e1rd rubelt (jelenlegi \u00e1rfolyam 1 rubel 6,5 forint) k\u00f6lt\u00f6tt fegyverkez\u00e9sre. A 2010 \u00e9s 2020 k\u00f6z\u00f6tti id\u0151szakra t\u00f6bb mint 20 ezer milli\u00e1rd rubelt terveztek be a k\u00f6lts\u00e9gvet\u00e9sb\u0151l.<br \/>\n    A politikus bejelentette, hogy al\u00e1\u00edrta a rendeletet az Oroszorsz\u00e1gi F\u00f6der\u00e1ci\u00f3 Hadiipari Bizotts\u00e1g\u00e1nak l\u00e9trehozatal\u00e1r\u00f3l. A test\u00fclet Putyin k\u00f6zvetlen ir\u00e1ny\u00edt\u00e1sa alatt fog m\u0171k\u00f6dni, az orosz eln\u00f6k helyettes\u00e9nek Mihail Rogozin minisztereln\u00f6k-helyettest nevezte ki.<br \/>\n    Vlagyimir Putyin k\u00f6z\u00f6lte, hogy az orosz hadiiparnak k\u00e9szen kell \u00e1llnia a &#8222;kritikusan fontos&#8221; berendez\u00e9sek, alkatr\u00e9szek, anyagok \u00f6n\u00e1ll\u00f3 el\u0151\u00e1ll\u00edt\u00e1s\u00e1ra. Megjegyezte, hogy Moszkv\u00e1nak nem \u00e1ll sz\u00e1nd\u00e9k\u00e1ban &#8222;mesters\u00e9gesen fejleszteni az egy\u00fcttm\u0171k\u00f6d\u00e9st k\u00fclf\u00f6ldi partnerekkel&#8221;.<br \/>\n    Moszkva sz\u00e1m\u00e1ra komoly neh\u00e9zs\u00e9geket okozott, hogy Kijev m\u00e1rciusban le\u00e1ll\u00edtotta a hadiipari egy\u00fcttm\u0171k\u00f6d\u00e9st Oroszorsz\u00e1ggal, de a nyugati, \u00edgy az eur\u00f3pai uni\u00f3s tag\u00e1llamok is olyan szankci\u00f3kat l\u00e9ptettek \u00e9letbe \u00e1prilist\u00f3l Oroszorsz\u00e1ggal szemben, amelyek \u00e9rintik az orosz hadiipart.<br \/>\n    A 2016-t\u00f3l 2025-ig sz\u00f3l\u00f3 fegyverkez\u00e9si programr\u00f3l sz\u00f3l\u00f3 tan\u00e1cskoz\u00e1son Vlagyimir Putyin kijelentette, hogy id\u00e9n decemberre el kell k\u00e9sz\u00edteni az \u00faj orosz katonai doktr\u00edn\u00e1t.<br \/>\n    Egy hete az orosz nemzetbiztons\u00e1gi tan\u00e1cs egyik vezet\u0151je nyilatkozott arr\u00f3l, hogy Oroszorsz\u00e1g m\u00f3dos\u00edtja katonai doktr\u00edn\u00e1j\u00e1t, \u00e9s ebben a NATO b\u0151v\u00edt\u00e9se \u00e9s az ukr\u00e1n v\u00e1ls\u00e1g is k\u00f6zrej\u00e1tszik.<br \/>\n    Az \u00e9szak-atlanti sz\u00f6vets\u00e9g m\u00falt p\u00e9nteki walesi cs\u00facstal\u00e1lkoz\u00f3j\u00e1n az \u00e1llam- \u00e9s korm\u00e1nyf\u0151k egyebek k\u00f6z\u00f6tt a NATO eur\u00f3pai katonai jelenl\u00e9t\u00e9nek baltikumi \u00e9s lengyelorsz\u00e1gi b\u0151v\u00edt\u00e9s\u00e9r\u0151l, valamint arr\u00f3l is d\u00f6nt\u00f6ttek, hogy az egyes tag\u00e1llamok saj\u00e1t hat\u00e1sk\u00f6rben fegyvereket sz\u00e1ll\u00edtva seg\u00edts\u00e9get ny\u00fajthatnak Ukrajn\u00e1nak.(MTI)<br \/>\n<div class=\"ads-in-post2\"><script async src=\"https:\/\/pagead2.googlesyndication.com\/pagead\/js\/adsbygoogle.js\"><\/script>\r\n<ins class=\"adsbygoogle\"\r\n     style=\"display:block\"\r\n     data-ad-format=\"fluid\"\r\n     data-ad-layout-key=\"-6t+ed+2i-1n-4w\"\r\n     data-ad-client=\"ca-pub-1959107119989764\"\r\n     data-ad-slot=\"4008251320\"><\/ins>\r\n<script>\r\n     (adsbygoogle = window.adsbygoogle || []).push({});\r\n<\/script><\/div>\n","protected":false},"excerpt":{"rendered":"<p>Oroszorsz\u00e1g nem megy bele \u00fajabb fegyverkez\u00e9si hajsz\u00e1ba &#8211; k\u00f6z\u00f6lte Vlagyimir Putyin, a 2016 \u00e9s 2025 k\u00f6z\u00f6tti id\u0151szakra sz\u00f3l\u00f3 orosz \u00e1llami fegyverkez\u00e9si programr\u00f3l sz\u00f3l\u00f3 moszkvai tan\u00e1cskoz\u00e1son szerd\u00e1n.<\/p>\n","protected":false},"author":1,"featured_media":0,"comment_status":"open","ping_status":"closed","sticky":false,"template":"","format":"standard","meta":[],"categories":[139],"tags":[],"_links":{"self":[{"href":"https:\/\/gazdasagportal.hu\/index.php\/wp-json\/wp\/v2\/posts\/44056"}],"collection":[{"href":"https:\/\/gazdasagportal.hu\/index.php\/wp-json\/wp\/v2\/posts"}],"about":[{"href":"https:\/\/gazdasagportal.hu\/index.php\/wp-json\/wp\/v2\/types\/post"}],"author":[{"embeddable":true,"href":"https:\/\/gazdasagportal.hu\/index.php\/wp-json\/wp\/v2\/users\/1"}],"replies":[{"embeddable":true,"href":"https:\/\/gazdasagportal.hu\/index.php\/wp-json\/wp\/v2\/comments?post=44056"}],"version-history":[{"count":1,"href":"https:\/\/gazdasagportal.hu\/index.php\/wp-json\/wp\/v2\/posts\/44056\/revisions"}],"predecessor-version":[{"id":44057,"href":"https:\/\/gazdasagportal.hu\/index.php\/wp-json\/wp\/v2\/posts\/44056\/revisions\/44057"}],"wp:attachment":[{"href":"https:\/\/gazdasagportal.hu\/index.php\/wp-json\/wp\/v2\/media?parent=44056"}],"wp:term":[{"taxonomy":"category","embeddable":true,"href":"https:\/\/gazdasagportal.hu\/index.php\/wp-json\/wp\/v2\/categories?post=44056"},{"taxonomy":"post_tag","embeddable":true,"href":"https:\/\/gazdasagportal.hu\/index.php\/wp-json\/wp\/v2\/tags?post=44056"}],"curies":[{"name":"wp","href":"https:\/\/api.w.org\/{rel}","templated":true}]}}