{"id":44054,"date":"2014-09-11T04:37:47","date_gmt":"2014-09-11T02:37:47","guid":{"rendered":"http:\/\/stockportal.hu\/?p=44054"},"modified":"2014-09-10T22:48:59","modified_gmt":"2014-09-10T20:48:59","slug":"allashirdetesben-keresnek-labdarugokat-salgotarjanban","status":"publish","type":"post","link":"https:\/\/gazdasagportal.hu\/index.php\/allashirdetesben-keresnek-labdarugokat-salgotarjanban\/","title":{"rendered":"\u00c1ll\u00e1shirdet\u00e9sben keresnek labdar\u00fag\u00f3kat Salg\u00f3tarj\u00e1nban"},"content":{"rendered":"<p><strong>\u00c1ll\u00e1shirdet\u00e9sben keres labdar\u00fag\u00f3kat a Salg\u00f3tarj\u00e1ni Bar\u00e1tok Torna Club (SBTC); az MTI szerd\u00e1n \u00fagy \u00e9rtes\u00fclt, hogy erre k\u00fclf\u00f6ldi \u00e1llampolg\u00e1rok munkav\u00e1llal\u00e1si enged\u00e9lye miatt van sz\u00fcks\u00e9g.<\/strong><!--more--><br \/>\n<div class=\"ads-in-post1\"><div id=\"gazdasagportal.hu_fullbanner_wideboard\"><\/div>\r\n<\/div>\n<p>    A Nemzeti Foglalkoztat\u00e1si Szolg\u00e1lat (NFSZ) honlapj\u00e1n k\u00f6zz\u00e9tett hirdet\u00e9s szerint az SBTC szeptember 15-t\u0151l napi nyolc \u00f3r\u00e1ban hat\u00e1rozatlan id\u0151re alkalmazn\u00e1 a labdar\u00fag\u00f3kat. Elv\u00e1rt gyakorlati id\u0151 nem sz\u00fcks\u00e9ges \u00e9s elv\u00e1rt szakk\u00e9pzetts\u00e9g sincs. Szerepel m\u00e9g az inform\u00e1ci\u00f3k k\u00f6z\u00f6tt, hogy &#8222;a munkaer\u0151ig\u00e9ny bejelent\u00e9s\u00e9hez v\u00e1rhat\u00f3an harmadik orsz\u00e1gbeli \u00e1llampolg\u00e1r foglalkoztat\u00e1s\u00e1ra ir\u00e1nyul\u00f3 k\u00e9relem kapcsol\u00f3dik&#8221;, illetve, hogy &#8222;az \u00e1ll\u00e1sbejelent\u00e9shez v\u00e1rhat\u00f3an k\u00fclf\u00f6ldi \u00e1llampolg\u00e1r foglalkoztat\u00e1s\u00e1ra ir\u00e1nyul\u00f3 k\u00e9relem kapcsol\u00f3dik&#8221;.<br \/>\n    A szokatlan hirdet\u00e9sr\u0151l az MTI megk\u00e9rdezte a N\u00f3gr\u00e1d Megyei Korm\u00e1nyhivatal Munka\u00fcgyi K\u00f6zpontj\u00e1nak igazgat\u00f3j\u00e1t.<br \/>\n    Tam\u00e1si Ildik\u00f3 elmondta: a k\u00fclf\u00f6ldi munkav\u00e1llal\u00e1st szab\u00e1lyoz\u00f3 korm\u00e1nyrendelet \u00e9rtelm\u00e9ben a harmadik orsz\u00e1gbeli \u00e1llampolg\u00e1rok foglalkoztat\u00e1s\u00e1hoz a Bev\u00e1ndorl\u00e1si \u00e9s \u00c1llampolg\u00e1rs\u00e1gi Hivatalhoz kell beny\u00fajtani az \u00f6sszevont tart\u00f3zkod\u00e1si enged\u00e9ly ir\u00e1nti k\u00e9relmet. A munka\u00fcgyi k\u00f6zpont ezut\u00e1n nyilatkozik arr\u00f3l, hogy t\u00e1mogatja-e a harmadik orsz\u00e1gbeli \u00e1llampolg\u00e1r adott munkak\u00f6rben t\u00f6rt\u00e9n\u0151 magyarorsz\u00e1gi munkav\u00e1llal\u00e1s\u00e1t.<br \/>\n    Az \u00e9rintett munkaer\u0151ig\u00e9nynek teh\u00e1t meg kell jelennie az NFSZ \u00e1ll\u00e1shirdet\u00e9sei k\u00f6z\u00f6tt, de t\u00e1mogat\u00f3 szakhat\u00f3s\u00e1gi enged\u00e9lyt csak abban az esetben adhat ki a munka\u00fcgyi k\u00f6zpont, ha nincs megfelel\u0151 magyar munkaer\u0151 &#8211; mondta Tam\u00e1si Ildik\u00f3.<br \/>\n    Hozz\u00e1tette: hivat\u00e1sos sportol\u00f3k eset\u00e9ben nincs sz\u00fcks\u00e9g a munkaer\u0151-piaci helyzet vizsg\u00e1lat\u00e1ra, \u00e9s nem is kell beadni munkaer\u0151ig\u00e9nyt.<br \/>\n    Mint mondta, jelen esetben m\u00e9g nem d\u00f6nthet\u0151 el, hogy az SBTC-n\u00e9l hivat\u00e1sos vagy amat\u0151r sportol\u00f3kat akarnak-e foglalkoztatni.<br \/>\n    Kit\u00e9rt arra is, hogy uni\u00f3s tag\u00e1llam \u00e1llampolg\u00e1rai szabadon v\u00e1llalhatnak munk\u00e1t Magyarorsz\u00e1gon, a munkav\u00e1llal\u00e1s\u00e1hoz nem kell enged\u00e9ly, \u00e9s munkaer\u0151ig\u00e9nyt sem kell beny\u00fajtania, a foglalkoztat\u00f3nak csup\u00e1n bejelent\u00e9si k\u00f6telezetts\u00e9ge van a munka\u00fcgyi k\u00f6zpont fel\u00e9 a munkaviszony l\u00e9tes\u00edt\u00e9skor, illet\u0151leg megsz\u0171n\u00e9sekor.<br \/>\n    Az MTI \u00fagy tudja, hogy a salg\u00f3tarj\u00e1ni klub brazil j\u00e1t\u00e9kosokat foglalkoztatna.(MTI)<\/p>\n","protected":false},"excerpt":{"rendered":"<p>\u00c1ll\u00e1shirdet\u00e9sben keres labdar\u00fag\u00f3kat a Salg\u00f3tarj\u00e1ni Bar\u00e1tok Torna Club (SBTC); az MTI szerd\u00e1n \u00fagy \u00e9rtes\u00fclt, hogy erre k\u00fclf\u00f6ldi \u00e1llampolg\u00e1rok munkav\u00e1llal\u00e1si enged\u00e9lye miatt van sz\u00fcks\u00e9g.<\/p>\n","protected":false},"author":1,"featured_media":0,"comment_status":"open","ping_status":"closed","sticky":false,"template":"","format":"standard","meta":[],"categories":[4],"tags":[],"_links":{"self":[{"href":"https:\/\/gazdasagportal.hu\/index.php\/wp-json\/wp\/v2\/posts\/44054"}],"collection":[{"href":"https:\/\/gazdasagportal.hu\/index.php\/wp-json\/wp\/v2\/posts"}],"about":[{"href":"https:\/\/gazdasagportal.hu\/index.php\/wp-json\/wp\/v2\/types\/post"}],"author":[{"embeddable":true,"href":"https:\/\/gazdasagportal.hu\/index.php\/wp-json\/wp\/v2\/users\/1"}],"replies":[{"embeddable":true,"href":"https:\/\/gazdasagportal.hu\/index.php\/wp-json\/wp\/v2\/comments?post=44054"}],"version-history":[{"count":1,"href":"https:\/\/gazdasagportal.hu\/index.php\/wp-json\/wp\/v2\/posts\/44054\/revisions"}],"predecessor-version":[{"id":44055,"href":"https:\/\/gazdasagportal.hu\/index.php\/wp-json\/wp\/v2\/posts\/44054\/revisions\/44055"}],"wp:attachment":[{"href":"https:\/\/gazdasagportal.hu\/index.php\/wp-json\/wp\/v2\/media?parent=44054"}],"wp:term":[{"taxonomy":"category","embeddable":true,"href":"https:\/\/gazdasagportal.hu\/index.php\/wp-json\/wp\/v2\/categories?post=44054"},{"taxonomy":"post_tag","embeddable":true,"href":"https:\/\/gazdasagportal.hu\/index.php\/wp-json\/wp\/v2\/tags?post=44054"}],"curies":[{"name":"wp","href":"https:\/\/api.w.org\/{rel}","templated":true}]}}