{"id":43971,"date":"2014-09-10T11:38:42","date_gmt":"2014-09-10T09:38:42","guid":{"rendered":"http:\/\/stockportal.hu\/?p=43971"},"modified":"2014-09-10T11:29:26","modified_gmt":"2014-09-10T09:29:26","slug":"ukran-valsag-porosenko-kulonleges-statust-kaphat-donyeck-es-luhanszk-megye","status":"publish","type":"post","link":"https:\/\/gazdasagportal.hu\/index.php\/ukran-valsag-porosenko-kulonleges-statust-kaphat-donyeck-es-luhanszk-megye\/","title":{"rendered":"Ukr\u00e1n v\u00e1ls\u00e1g &#8211; Porosenko: k\u00fcl\u00f6nleges st\u00e1tust kaphat Donyeck \u00e9s Luhanszk megye"},"content":{"rendered":"<p><strong>A j\u00f6v\u0151 h\u00e9ten a parlament el\u00e9 ker\u00fcl az a t\u00f6rv\u00e9nyjavaslat, amely k\u00fcl\u00f6nleges st\u00e1tust biztos\u00edt a kelet-ukrajnai Donyeck \u00e9s Luhanszk megy\u00e9k egyes ter\u00fcleteinek &#8211; jelentette be Petro Porosenko ukr\u00e1n eln\u00f6k a korm\u00e1ny szerdai kijevi ny\u00edlt \u00fcl\u00e9s\u00e9n.<\/strong><!--more--><br \/>\n<div class=\"ads-in-post1\"><div id=\"gazdasagportal.hu_fullbanner_wideboard\"><\/div>\r\n<\/div>\n<p>    Elmondta,  hogy a harcok s\u00fajtotta k\u00e9t megye egyes r\u00e9gi\u00f3i \u00e1tmenetileg \u00f6nigazgat\u00e1si jogokat kapn\u00e1nak az ukr\u00e1n \u00e1llam r\u00e9szek\u00e9nt.<br \/>\n    Az \u00e1llamf\u0151 felsz\u00f3lal\u00e1s\u00e1ban hangs\u00falyozta, hogy a minszki meg\u00e1llapod\u00e1sokban nincs sz\u00f3 Ukrajna f\u00f6deraliz\u00e1ci\u00f3j\u00e1r\u00f3l, sem ukr\u00e1n ter\u00fcletek elidegen\u00edt\u00e9s\u00e9r\u0151l.<br \/>\n        Porosenko az ukr\u00e1n katonai h\u00edrszerz\u00e9sre hivatkozva k\u00f6z\u00f6lte, hogy az orosz csapatok java r\u00e9sz\u00e9t, mintegy 70 sz\u00e1zal\u00e9k\u00e1t kivont\u00e1k Ukrajna ter\u00fclet\u00e9r\u0151l. &#8222;Ez \u00fajabb okot ad a rem\u00e9nyre, hogy van perspekt\u00edv\u00e1ja a b\u00e9kekezdem\u00e9nyez\u00e9seknek&#8221; &#8211; jegyezte meg.<br \/>\n    Az \u00e1llamf\u0151 bejelentette tov\u00e1bb\u00e1 azt, hogy er\u0151\u00e1tcsoportos\u00edt\u00e1sokat hajtanak v\u00e9gre a terrorellenes m\u0171veletben r\u00e9szt vev\u0151 egys\u00e9gekn\u00e9l az orsz\u00e1g keleti r\u00e9sz\u00e9ben. Hangs\u00falyozta ugyanakkor, hogy ezt nem t\u00e1mad\u00e1si sz\u00e1nd\u00e9kkal, hanem v\u00e9delmi okokb\u00f3l teszik.<br \/>\n    K\u00f6z\u00f6lte, hogy a t\u0171zsz\u00fcnet m\u00falt p\u00e9nteki \u00e9letbe l\u00e9p\u00e9se \u00f3ta csaknem 700, a szeparatist\u00e1k \u00e1ltal fogs\u00e1gba ejtett ukr\u00e1n \u00e1llampolg\u00e1r nyerte vissza szabads\u00e1g\u00e1t. Hozz\u00e1tette, hogy a h\u00e9t v\u00e9g\u00e9ig m\u00e9g tov\u00e1bbi \u00f6tsz\u00e1z t\u00e9rhet vissza otthon\u00e1ba. A m\u00falt h\u00e9ten t\u00e1rgyal\u00f3asztalhoz \u00fcltek a feh\u00e9rorosz f\u0151v\u00e1rosban Kijev, Moszkva, az oroszbar\u00e1t kelet-ukrajnai szakad\u00e1rok, valamint az EBESZ k\u00e9pvisel\u0151i. A tal\u00e1lkoz\u00f3n meg\u00e1llapod\u00e1s sz\u00fcletett a fegyvernyugv\u00e1sr\u00f3l, valamint a kelet-ukrajnai konfliktusban szemben \u00e1ll\u00f3 felek k\u00f6z\u00f6tti fogolycser\u00e9r\u0151l.<br \/>\n    Porosenko &#8211; utalva a legut\u00f3bbi NATO-cs\u00facs eredm\u00e9nyeire &#8211; kijelentette, hogy Ukrajna \u00e9s a NATO egy\u00fcttm\u0171k\u00f6d\u00e9se magasabb szintre ker\u00fclt. Hozz\u00e1tette, hogy t\u00f6bb NATO-orsz\u00e1ggal siker\u00fclt Kijevnek k\u00e9toldal\u00fa alapon meg\u00e1llapodnia a haditechnikai egy\u00fcttm\u0171k\u00f6d\u00e9s jelent\u0151s kisz\u00e9les\u00edt\u00e9s\u00e9r\u0151l.<br \/>\n    A m\u00falt heti walesi NATO-cs\u00facson az a d\u00f6nt\u00e9s sz\u00fcletett, hogy a sz\u00f6vets\u00e9g nem k\u00fcld fegyvereket, de tag\u00e1llamai k\u00e9toldal\u00fa alapon sz\u00e1ll\u00edthatnak haditechnikai eszk\u00f6z\u00f6ket Ukrajn\u00e1nak.<br \/>\n    Arszenyij Jacenyuk minisztereln\u00f6k az \u00fcl\u00e9sen s\u00fcrgette a v\u00e9delmi miniszt\u00e9rium moderniz\u00e1l\u00e1s\u00e1t annak \u00e9rdek\u00e9ben, hogy a katonai c\u00e9lokra elk\u00fcl\u00f6n\u00edtett \u00e1llami forr\u00e1sokat hat\u00e9konyabban haszn\u00e1lj\u00e1k fel.<br \/>\n    Az \u00fcl\u00e9sen r\u00e9szt vev\u0151 Olekszandr Turcsinov parlamenti eln\u00f6k arr\u00f3l besz\u00e9lt, hogy az \u00e1llam egys\u00e9g\u00e9t vesz\u00e9lyeztet\u0151 &#8222;diverz\u00e1nsok \u00e9s provok\u00e1torok&#8221; m\u00e1r nemcsak Keleten, de az orsz\u00e1g minden r\u00e9gi\u00f3j\u00e1ban jelen vannak. Figyelmeztetett arra, hogy az orsz\u00e1g b\u00e1rmely ter\u00fclet\u00e9n t\u00f6rt\u00e9nhetnek terrorcselekm\u00e9nyek, amire fel kell k\u00e9sz\u00fclnie az \u00e1llamvezet\u00e9snek.<br \/>\n    K\u00f6zben a parlament honlapj\u00e1n megjelent k\u00f6zlem\u00e9ny szerint Porosenko eln\u00f6k al\u00e1\u00edrta az Oroszorsz\u00e1ggal szembeni ukr\u00e1n szankci\u00f3kr\u00f3l augusztus 14-\u00e9n elfogadott t\u00f6rv\u00e9nyt.(MTI)<\/p>\n","protected":false},"excerpt":{"rendered":"<p>A j\u00f6v\u0151 h\u00e9ten a parlament el\u00e9 ker\u00fcl az a t\u00f6rv\u00e9nyjavaslat, amely k\u00fcl\u00f6nleges st\u00e1tust biztos\u00edt a kelet-ukrajnai Donyeck \u00e9s Luhanszk megy\u00e9k egyes ter\u00fcleteinek &#8211; jelentette be Petro Porosenko ukr\u00e1n eln\u00f6k a korm\u00e1ny szerdai kijevi ny\u00edlt \u00fcl\u00e9s\u00e9n.<\/p>\n","protected":false},"author":1,"featured_media":0,"comment_status":"open","ping_status":"closed","sticky":false,"template":"","format":"standard","meta":[],"categories":[139],"tags":[],"_links":{"self":[{"href":"https:\/\/gazdasagportal.hu\/index.php\/wp-json\/wp\/v2\/posts\/43971"}],"collection":[{"href":"https:\/\/gazdasagportal.hu\/index.php\/wp-json\/wp\/v2\/posts"}],"about":[{"href":"https:\/\/gazdasagportal.hu\/index.php\/wp-json\/wp\/v2\/types\/post"}],"author":[{"embeddable":true,"href":"https:\/\/gazdasagportal.hu\/index.php\/wp-json\/wp\/v2\/users\/1"}],"replies":[{"embeddable":true,"href":"https:\/\/gazdasagportal.hu\/index.php\/wp-json\/wp\/v2\/comments?post=43971"}],"version-history":[{"count":1,"href":"https:\/\/gazdasagportal.hu\/index.php\/wp-json\/wp\/v2\/posts\/43971\/revisions"}],"predecessor-version":[{"id":43972,"href":"https:\/\/gazdasagportal.hu\/index.php\/wp-json\/wp\/v2\/posts\/43971\/revisions\/43972"}],"wp:attachment":[{"href":"https:\/\/gazdasagportal.hu\/index.php\/wp-json\/wp\/v2\/media?parent=43971"}],"wp:term":[{"taxonomy":"category","embeddable":true,"href":"https:\/\/gazdasagportal.hu\/index.php\/wp-json\/wp\/v2\/categories?post=43971"},{"taxonomy":"post_tag","embeddable":true,"href":"https:\/\/gazdasagportal.hu\/index.php\/wp-json\/wp\/v2\/tags?post=43971"}],"curies":[{"name":"wp","href":"https:\/\/api.w.org\/{rel}","templated":true}]}}