{"id":43966,"date":"2014-09-10T11:10:47","date_gmt":"2014-09-10T09:10:47","guid":{"rendered":"http:\/\/stockportal.hu\/?p=43966"},"modified":"2014-09-10T11:10:47","modified_gmt":"2014-09-10T09:10:47","slug":"kinai-sajto-a-skot-fuggetlenseg-jelentos-hatalomvesztest-jelent-anglia-szamara-es-masodosztalyuva-tenne-londont","status":"publish","type":"post","link":"https:\/\/gazdasagportal.hu\/index.php\/kinai-sajto-a-skot-fuggetlenseg-jelentos-hatalomvesztest-jelent-anglia-szamara-es-masodosztalyuva-tenne-londont\/","title":{"rendered":"K\u00ednai sajt\u00f3: a sk\u00f3t f\u00fcggetlens\u00e9g jelent\u0151s hatalomveszt\u00e9st jelent Anglia sz\u00e1m\u00e1ra \u00e9s m\u00e1sodoszt\u00e1ly\u00fav\u00e1 tenn\u00e9 Londont"},"content":{"rendered":"<p><strong>Jelent\u0151s hatalomveszt\u00e9st szenvedhet el, \u00e9s els\u0151 oszt\u00e1ly\u00fa orsz\u00e1g szerep\u00e9b\u0151l m\u00e1sodoszt\u00e1ly\u00fav\u00e1 \u00e9rt\u00e9kel\u0151dhet le Nagy-Britannia, amennyiben a sk\u00f3tok a j\u00f6v\u0151 h\u00e9ten a f\u00fcggetlens\u00e9g mellett szavaznak &#8211; \u00e1ll\u00edtj\u00e1k a k\u00ednai sajt\u00f3ban szerd\u00e1n megjelent cikkek.<!--more--><\/strong><br \/>\n<div class=\"ads-in-post1\"><div id=\"gazdasagportal.hu_fullbanner_wideboard\"><\/div>\r\n<\/div>\n<p>Angol nyelv\u0171 kiad\u00e1s\u00e1nak szerkeszt\u0151s\u00e9gi cikk\u00e9ben a Global Times c\u00edm\u0171 napilap azt \u00edrta, hogy Nagy-Britannia egy &#8222;szakad\u00e9k sz\u00e9l\u00e9n \u00e1ll&#8221;. Amennyiben a f\u00fcggetlens\u00e9gp\u00e1rtiak nyerik a n\u00e9pszavaz\u00e1st, David Cameron brit minisztereln\u00f6k val\u00f3sz\u00edn\u0171leg az orsz\u00e1g &#8222;t\u00f6rt\u00e9nelm\u00e9nek b\u0171n\u00f6s\u00e9v\u00e9&#8221; v\u00e1lik.<br \/>\nAbban az esetben is komoly neh\u00e9zs\u00e9gekkel kell szemben\u00e9znie ugyanakkor, ha az egys\u00e9g mellettiek t\u00e1bora bizonyul er\u0151sebbnek, hiszen a brit korm\u00e1nynak kezelnie kell a f\u00fcggetlens\u00e9gp\u00e1rti t\u00e1bor meger\u0151s\u00f6d\u00e9s\u00e9nek k\u00f6vetkezm\u00e9nyeit. Ez p\u00e9ld\u00e1ul nagyobb auton\u00f3mi\u00e1t jelenthet Sk\u00f3ci\u00e1nak az ad\u00f3bev\u00e9telek \u00e9s k\u00f6zj\u00f3l\u00e9t ter\u00e9n, \u00e9s a korm\u00e1nyzatnak t\u00f6rekednie kell majd az \u00e9szak-\u00edrorsz\u00e1gi \u00e9s walesi s\u00e9relmek enyh\u00edt\u00e9s\u00e9re is &#8211; \u00edrta a lap.<br \/>\nA Global Times szerint a f\u00fcggetlens\u00e9ggel j\u00e1r\u00f3 brit hatalomveszt\u00e9s az eur\u00f3pai egyens\u00falyt is megt\u00f6rheti, \u00e9s ak\u00e1r a nemzetk\u00f6zi geopolitik\u00e1ban is \u00e9rezhet\u0151ek lehetnek k\u00f6vetkezm\u00e9nyei.<br \/>\nA Beijing News szint\u00e9n Nagy-Britannia hatalm\u00e1nak zsugorod\u00e1s\u00e1t j\u00f3solja egy esetleges sk\u00f3t elszakad\u00e1s eset\u00e9re.<br \/>\nAz orsz\u00e1g vil\u00e1gpolitikai, vil\u00e1ggazdas\u00e1gi \u00e9s kultur\u00e1lis k\u00f6zpont st\u00e1tus\u00e1t vesz\u00edten\u00e9 el\u00a0\u00a0&#8211; v\u00e9lte a pekingi lap.<br \/>\nA Hszinhua \u00e1llami h\u00edr\u00fcgyn\u00f6ks\u00e9g szint\u00e9n hosszas cikkben foglalkozott a k\u00e9rd\u00e9ssel, \u00e9s \u00fagy fogalmazott, hogy a sk\u00f3t f\u00fcggetlens\u00e9g jelent\u0151s ter\u00fcletveszt\u00e9st is okozna az Egyes\u00fclt Kir\u00e1lys\u00e1gban.<br \/>\nEzzel annak vil\u00e1gpolitikai poz\u00edci\u00f3ja gyeng\u00fclhet tov\u00e1bb &#8211; v\u00e9lte a h\u00edr\u00fcgyn\u00f6ks\u00e9g.<br \/>\nK\u00ednai nyelv\u0171 kiad\u00e1s\u00e1ban a Global Times p\u00e1rhuzamot vont az Egyes\u00fclt Kir\u00e1lys\u00e1g \u00e9s az 56 nemzetis\u00e9get t\u00f6m\u00f6r\u00edt\u0151 K\u00edna k\u00f6z\u00f6tt. A lap szerint sz\u00e1mos orsz\u00e1g szembes\u00fcl az etnikai csoportok elszakad\u00e1si t\u00f6rekv\u00e9seivel. K\u00edna eset\u00e9n a sk\u00f3tokhoz hasonl\u00f3 szitu\u00e1ci\u00f3 ugyanakkor nem val\u00f3s.<br \/>\nEgy \u00f6sszetett, hossz\u00fa t\u00f6rt\u00e9nelemmel \u00e9s sz\u00e1mos etnikai kisebbs\u00e9ggel rendelkez\u0151 orsz\u00e1gk\u00e9nt nem engedheti meg mag\u00e1nak, hogy &#8222;a brit j\u00e1t\u00e9kot j\u00e1tssza&#8221; &#8211; \u00edrta a Global Times.(MTI)<br \/>\n<div class=\"ads-in-post2\"><script async src=\"https:\/\/pagead2.googlesyndication.com\/pagead\/js\/adsbygoogle.js\"><\/script>\r\n<ins class=\"adsbygoogle\"\r\n     style=\"display:block\"\r\n     data-ad-format=\"fluid\"\r\n     data-ad-layout-key=\"-6t+ed+2i-1n-4w\"\r\n     data-ad-client=\"ca-pub-1959107119989764\"\r\n     data-ad-slot=\"4008251320\"><\/ins>\r\n<script>\r\n     (adsbygoogle = window.adsbygoogle || []).push({});\r\n<\/script><\/div>\n","protected":false},"excerpt":{"rendered":"<p>Jelent\u0151s hatalomveszt\u00e9st szenvedhet el, \u00e9s els\u0151 oszt\u00e1ly\u00fa orsz\u00e1g szerep\u00e9b\u0151l m\u00e1sodoszt\u00e1ly\u00fav\u00e1 \u00e9rt\u00e9kel\u0151dhet le Nagy-Britannia, amennyiben a sk\u00f3tok a j\u00f6v\u0151 h\u00e9ten a f\u00fcggetlens\u00e9g mellett szavaznak &#8211; \u00e1ll\u00edtj\u00e1k a k\u00ednai sajt\u00f3ban szerd\u00e1n megjelent cikkek.<\/p>\n","protected":false},"author":1,"featured_media":0,"comment_status":"open","ping_status":"closed","sticky":false,"template":"","format":"standard","meta":[],"categories":[8],"tags":[],"_links":{"self":[{"href":"https:\/\/gazdasagportal.hu\/index.php\/wp-json\/wp\/v2\/posts\/43966"}],"collection":[{"href":"https:\/\/gazdasagportal.hu\/index.php\/wp-json\/wp\/v2\/posts"}],"about":[{"href":"https:\/\/gazdasagportal.hu\/index.php\/wp-json\/wp\/v2\/types\/post"}],"author":[{"embeddable":true,"href":"https:\/\/gazdasagportal.hu\/index.php\/wp-json\/wp\/v2\/users\/1"}],"replies":[{"embeddable":true,"href":"https:\/\/gazdasagportal.hu\/index.php\/wp-json\/wp\/v2\/comments?post=43966"}],"version-history":[{"count":1,"href":"https:\/\/gazdasagportal.hu\/index.php\/wp-json\/wp\/v2\/posts\/43966\/revisions"}],"predecessor-version":[{"id":43967,"href":"https:\/\/gazdasagportal.hu\/index.php\/wp-json\/wp\/v2\/posts\/43966\/revisions\/43967"}],"wp:attachment":[{"href":"https:\/\/gazdasagportal.hu\/index.php\/wp-json\/wp\/v2\/media?parent=43966"}],"wp:term":[{"taxonomy":"category","embeddable":true,"href":"https:\/\/gazdasagportal.hu\/index.php\/wp-json\/wp\/v2\/categories?post=43966"},{"taxonomy":"post_tag","embeddable":true,"href":"https:\/\/gazdasagportal.hu\/index.php\/wp-json\/wp\/v2\/tags?post=43966"}],"curies":[{"name":"wp","href":"https:\/\/api.w.org\/{rel}","templated":true}]}}