{"id":43855,"date":"2014-09-09T14:43:05","date_gmt":"2014-09-09T12:43:05","guid":{"rendered":"http:\/\/stockportal.hu\/?p=43855"},"modified":"2014-09-09T14:43:05","modified_gmt":"2014-09-09T12:43:05","slug":"ukran-valsag-lengyelorszag-kesz-fegyvert-szallitani-ukrajnanak","status":"publish","type":"post","link":"https:\/\/gazdasagportal.hu\/index.php\/ukran-valsag-lengyelorszag-kesz-fegyvert-szallitani-ukrajnanak\/","title":{"rendered":"Ukr\u00e1n v\u00e1ls\u00e1g &#8211; Lengyelorsz\u00e1g k\u00e9sz fegyvert sz\u00e1ll\u00edtani Ukrajn\u00e1nak"},"content":{"rendered":"<p><strong>Lengyelorsz\u00e1g k\u00e9sz fegyvert sz\u00e1ll\u00edtani, amennyiben ezt k\u00edv\u00e1nja az ukr\u00e1n f\u00e9l &#8211; jelentette ki kedden Tomasz Siemoniak lengyel nemzetv\u00e9delmi miniszter, ugyanakkor tagadta, hogy a NATO-cs\u00facstal\u00e1lkoz\u00f3n meg\u00e1llapod\u00e1s sz\u00fcletett volna ilyen fajta sz\u00e1ll\u00edt\u00e1sr\u00f3l.<\/strong><!--more--><br \/>\n<div class=\"ads-in-post1\"><div id=\"gazdasagportal.hu_fullbanner_wideboard\"><\/div>\r\n<\/div>\n<p>    A lengyel miniszter az RMF FM r\u00e1di\u00f3nak kedden adott interj\u00faban azt mondta, Lengyelorsz\u00e1g h\u00e1rom h\u00e9ttel ezel\u0151tt m\u00e1r a 320 tonn\u00e1nyi humanit\u00e1rius seg\u00e9ly keret\u00e9ben tart\u00f3s \u00e9lelmiszert, illetve ember\u00e9let kiolt\u00e1s\u00e1ra nem alkalmas hadfelszerel\u00e9st sz\u00e1ll\u00edtott Ukrajn\u00e1nak. &#8222;K\u00e9sz vagyunk fegyverek elad\u00e1s\u00e1ra is, amennyiben Ukrajna \u00edgy akarja. A legk\u00f6zelebbi hetekben t\u00e1rgyalunk err\u0151l&#8221; &#8211; mondta Siemoniak.     Utalt Petro Porosenko ukr\u00e1n \u00e1llamf\u0151 vas\u00e1rnapi kijelent\u00e9s\u00e9re, miszerint az ukr\u00e1n vezet\u00e9snek siker\u00fclt t\u00f6bb NATO-tag\u00e1llammal meg\u00e1llapodnia arr\u00f3l, hogy fegyvereket sz\u00e1ll\u00edtanak Ukrajn\u00e1nak. Siemoniak lesz\u00f6gezte: a NATO-cs\u00facstal\u00e1lkoz\u00f3n semmif\u00e9le konkr\u00e9t d\u00f6nt\u00e9s nem sz\u00fcletett ebben a t\u00e9m\u00e1ban. &#8222;Semmif\u00e9le titkos paktumot nem k\u00f6t\u00f6tt\u00fcnk, nem tudom, honnan ered e tekintetben Ukrajna \u00e9s Lengyelorsz\u00e1g \u00e1ll\u00e1spontja k\u00f6z\u00f6tti elt\u00e9r\u00e9s&#8221;. A miniszter hozz\u00e1tette: &#8222;a NATO megmondta, arra hajlik, hogy az \u00e1llamok k\u00e9toldal\u00fa keretek k\u00f6z\u00f6tt besz\u00e9lj\u00e9k meg mindezt&#8221; a fegyversz\u00e1ll\u00edt\u00e1st.     A Rzeczpospolita keddi kiad\u00e1sa szerint a lengyel c\u00e9gek \u00f3vatosan kezelik az Ukrajn\u00e1ba ir\u00e1nyul\u00f3 fegyversz\u00e1ll\u00edt\u00e1s k\u00e9rd\u00e9s\u00e9t. A c\u00e9gek k\u00e9pvisel\u0151i \u00fagy nyilatkoztak a napilapnak: rendszeresen felkeresik \u0151ket az ukr\u00e1n szervekre hivatkoz\u00f3 k\u00f6zvet\u00edt\u0151k, akik f\u0151leg a nem hal\u00e1lt okoz\u00f3 hadi felszerel\u00e9s (t\u00e1vk\u00f6zl\u0151 technika, felder\u00edt\u0151 \u00e9s megfigyel\u0151 elektronika, \u00e9jjell\u00e1t\u00f3 k\u00e9sz\u00fcl\u00e9kek, korszer\u0171 \u00e9letv\u00e9d\u0151 felszerel\u00e9s) ir\u00e1nt \u00e9rdekl\u0151dnek. A lengyel c\u00e9gek azonban v\u00e1rnak addig, am\u00edg hivatalosan is megkeresik \u0151ket, s am\u00edg a p\u00e9nz\u00fcgyi garanci\u00e1k be nem futnak.      A Rzeczpospolita meg\u00e1llap\u00edtja: a Skarzysko-Kamienna-beli Mesko c\u00e9g p\u00e1nc\u00e9lt\u00f6r\u0151 eszk\u00f6z\u00f6ket, hordozhat\u00f3 l\u00e9gv\u00e9delmi rendszereket is el\u0151\u00e1ll\u00edt, de n\u00e1luk hivatalosan m\u00e9g nem \u00e9rdekl\u0151dtek az ukr\u00e1nok.      Az eml\u00edtett lap Czeslaw Mroczek lengyel nemzetv\u00e9delmi miniszterhelyettest id\u00e9zi, aki szerint \u2013 nyilv\u00e1nval\u00f3an az Ukrajn\u00e1ra vonatkoz\u00f3 uni\u00f3s fegyverkereskedelmi embarg\u00f3 j\u00falius 16-i megsz\u00fcntet\u00e9s\u00e9re utalva &#8211; semmi akad\u00e1lya, hogy a bejegyzett lengyel fegyvergy\u00e1rt\u00f3k t\u00e1rgyaljanak Kijevvel.<br \/>\n    Jurij Lucenko, az ukr\u00e1n \u00e1llamf\u0151 p\u00e1rtj\u00e1nak eln\u00f6ke vas\u00e1rnap \u00fagy nyilatkozott: a newporti NATO-cs\u00facstal\u00e1lkoz\u00f3 d\u00f6nt\u00e9se alapj\u00e1n a sz\u00f6vets\u00e9g \u00f6t tag\u00e1llama fegyvereket \u00e9s katonai tan\u00e1csad\u00f3kat k\u00fcld az oroszbar\u00e1t szeparatist\u00e1kkal k\u00fczd\u0151 Ukrajn\u00e1nak. Ezt azonban &#8211; orosz forr\u00e1sok szerint &#8211; mind az \u00f6t \u00e9rintett NATO-tag hivatalos k\u00e9pvisel\u0151i, k\u00f6zt\u00fck a lengyelek is, tagadt\u00e1k. A lengyel nemzetv\u00e9delmi  miniszt\u00e9rium sz\u00f3viv\u0151je vas\u00e1rnap is, h\u00e9tf\u0151n is c\u00e1folta az ukr\u00e1n \u00e1ll\u00edt\u00e1st. &#8222;A NATO-cs\u00facstal\u00e1lkoz\u00f3n semmif\u00e9le meg\u00e1llapod\u00e1s nem sz\u00fcletett arr\u00f3l, hogy Lengyelorsz\u00e1g korszer\u0171 fegyvert sz\u00e1ll\u00edtana Ukrajn\u00e1nak&#8221; &#8211; jelentette ki. Bronislaw Komorowski lengyel eln\u00f6k maga is \u00fagy nyilatkozott a TVN24 h\u00edrtelev\u00edzi\u00f3nak: Newportban egy\u00e1ltal\u00e1n nem esett sz\u00f3 az Ukrajn\u00e1nak val\u00f3 fegyversz\u00e1ll\u00edt\u00e1sr\u00f3l. &#8222;Ukrajna politikai t\u00e1mogat\u00e1sra sz\u00e1m\u00edthat, de ez nem vonatkozhat \u00e9letet kiolt\u00f3 hadfelszerel\u00e9sre&#8221; &#8211; jelentette ki a lengyel eln\u00f6k.(MTI)<br \/>\n<div class=\"ads-in-post2\"><script async src=\"https:\/\/pagead2.googlesyndication.com\/pagead\/js\/adsbygoogle.js\"><\/script>\r\n<ins class=\"adsbygoogle\"\r\n     style=\"display:block\"\r\n     data-ad-format=\"fluid\"\r\n     data-ad-layout-key=\"-6t+ed+2i-1n-4w\"\r\n     data-ad-client=\"ca-pub-1959107119989764\"\r\n     data-ad-slot=\"4008251320\"><\/ins>\r\n<script>\r\n     (adsbygoogle = window.adsbygoogle || []).push({});\r\n<\/script><\/div>\n","protected":false},"excerpt":{"rendered":"<p>Lengyelorsz\u00e1g k\u00e9sz fegyvert sz\u00e1ll\u00edtani, amennyiben ezt k\u00edv\u00e1nja az ukr\u00e1n f\u00e9l &#8211; jelentette ki kedden Tomasz Siemoniak lengyel nemzetv\u00e9delmi miniszter, ugyanakkor tagadta, hogy a NATO-cs\u00facstal\u00e1lkoz\u00f3n meg\u00e1llapod\u00e1s sz\u00fcletett volna ilyen fajta sz\u00e1ll\u00edt\u00e1sr\u00f3l.<\/p>\n","protected":false},"author":1,"featured_media":0,"comment_status":"open","ping_status":"closed","sticky":false,"template":"","format":"standard","meta":[],"categories":[139],"tags":[],"_links":{"self":[{"href":"https:\/\/gazdasagportal.hu\/index.php\/wp-json\/wp\/v2\/posts\/43855"}],"collection":[{"href":"https:\/\/gazdasagportal.hu\/index.php\/wp-json\/wp\/v2\/posts"}],"about":[{"href":"https:\/\/gazdasagportal.hu\/index.php\/wp-json\/wp\/v2\/types\/post"}],"author":[{"embeddable":true,"href":"https:\/\/gazdasagportal.hu\/index.php\/wp-json\/wp\/v2\/users\/1"}],"replies":[{"embeddable":true,"href":"https:\/\/gazdasagportal.hu\/index.php\/wp-json\/wp\/v2\/comments?post=43855"}],"version-history":[{"count":1,"href":"https:\/\/gazdasagportal.hu\/index.php\/wp-json\/wp\/v2\/posts\/43855\/revisions"}],"predecessor-version":[{"id":43856,"href":"https:\/\/gazdasagportal.hu\/index.php\/wp-json\/wp\/v2\/posts\/43855\/revisions\/43856"}],"wp:attachment":[{"href":"https:\/\/gazdasagportal.hu\/index.php\/wp-json\/wp\/v2\/media?parent=43855"}],"wp:term":[{"taxonomy":"category","embeddable":true,"href":"https:\/\/gazdasagportal.hu\/index.php\/wp-json\/wp\/v2\/categories?post=43855"},{"taxonomy":"post_tag","embeddable":true,"href":"https:\/\/gazdasagportal.hu\/index.php\/wp-json\/wp\/v2\/tags?post=43855"}],"curies":[{"name":"wp","href":"https:\/\/api.w.org\/{rel}","templated":true}]}}