{"id":43853,"date":"2014-09-09T14:17:20","date_gmt":"2014-09-09T12:17:20","guid":{"rendered":"http:\/\/stockportal.hu\/?p=43853"},"modified":"2014-09-09T14:17:20","modified_gmt":"2014-09-09T12:17:20","slug":"norveg-alapok-egyutt-pm-meg-kell-szervezni-a-jogvedelem-kis-koreit","status":"publish","type":"post","link":"https:\/\/gazdasagportal.hu\/index.php\/norveg-alapok-egyutt-pm-meg-kell-szervezni-a-jogvedelem-kis-koreit\/","title":{"rendered":"Norv\u00e9g alapok \u2013 Egy\u00fctt-PM: meg kell szervezni a jogv\u00e9delem kis k\u00f6reit"},"content":{"rendered":"<p><strong>Az Egy\u00fctt-PM szerint h\u00e9tf\u0151n a rend\u0151rs\u00e9g \u201er\u00e9m\u00e1lomba ill\u0151 t\u00e1mad\u00e1st\u201d hajtott v\u00e9gre az \u00d6kot\u00e1rs Alap\u00edtv\u00e1ny \u00e9s a Demokratikus Jogok Fejleszt\u00e9s\u00e9\u00e9rt Alap\u00edtv\u00e1ny (Demnet) irod\u00e1in\u00e1l. Szab\u00f3 T\u00edmea t\u00e1rseln\u00f6k keddi, budapesti sajt\u00f3t\u00e1j\u00e9koztat\u00f3j\u00e1n azt mondta, elj\u00f6tt az \u00e9bers\u00e9g ideje, meg kell szervezni a jogv\u00e9delem kis k\u00f6reit<\/strong><!--more--><br \/>\n<div class=\"ads-in-post1\"><div id=\"gazdasagportal.hu_fullbanner_wideboard\"><\/div>\r\n<\/div>\n<p>    A f\u00fcggetlen k\u00e9pvisel\u0151, aki kijelentette, hogy \u201eOrb\u00e1n \u00e1llama b\u00fcntet\u0151\u00e1llam\u201d, \u00fagy fogalmazott: olyan civilek ellen indult t\u00e1mad\u00e1s, akik \u00e9vtizedek \u00f3ta csendben, a korm\u00e1nyt\u00f3l f\u00fcggetlen\u00fcl, de ha kellett, akkor a korm\u00e1nyt kritiz\u00e1lva v\u00e9gezt\u00e9k a munk\u00e1jukat. Az \u00d6kot\u00e1rs \u00e9s Demnet elleni t\u00e1mad\u00e1s a magyar demokr\u00e1cia \u00e9s a jog\u00e1llam elleni t\u00e1mad\u00e1s &#8211; folytatta. Hangs\u00falyozta, hogy az \u00d6kort\u00e1rssal szemben kor\u00e1bban megfogalmazott h\u0171tlen kezel\u00e9sr\u0151l sz\u00f3l\u00f3 gyan\u00fat sem egy k\u00f6nyvvizsg\u00e1l\u00f3 c\u00e9g, sem pedig a PSZ\u00c1F nem l\u00e1tta bizony\u00edtottnak. \u201eOrb\u00e1nnak \u00e9s ver\u0151leg\u00e9ny\u00e9nek, L\u00e1z\u00e1r J\u00e1nosnak k\u00e9tf\u00e9le magyar \u00e1llampolg\u00e1r l\u00e9tezik. Az akit m\u00e1r megf\u00e9leml\u00edtettek, akik m\u00e1r beh\u00f3doltak\u201d \u00e9s azok \u201eakiket majd most kell megf\u00e9leml\u00edteni, most kell megt\u00f6rni\u201d \u2013 jelentette ki.<br \/>\n    Az Egy\u00fctt-PM meggy\u0151z\u0151d\u00e9se, hogy elj\u00f6tt az \u00e9bers\u00e9g ideje, mert a jogainkat most m\u00e1r nem ut\u00f3lag kell megv\u00e9deni, hanem arra kell felk\u00e9sz\u00fclni, hogy mi lesz a kabinet k\u00f6vetkez\u0151 l\u00e9p\u00e9se &#8211; fogalmazott. A b\u00fcntet\u0151 \u00e1llam ellen meg kell szervezni a jogv\u00e9delem kis k\u00f6reit, riad\u00f3l\u00e1ncot kell kialak\u00edtani \u2013 mondta. Hozz\u00e1tette: a jogrendszer megsz\u0171nni l\u00e1tszik Magyarorsz\u00e1gon, \u201eez\u00e9rt nek\u00fcnk kell kez\u00fcnkbe venn\u00fcnk a fellebbez\u00e9s int\u00e9zm\u00e9nyeit\u201d.<br \/>\n    Egy\u00fattal felsz\u00f3l\u00edtotta Polt P\u00e9ter legf\u0151bb \u00fcgy\u00e9szt, hogy az \u201eOrb\u00e1nnal val\u00f3 szotyiz\u00e1s helyett\u201d val\u00f3ban f\u00fcggetlenk\u00e9nt v\u00e9gezze a munk\u00e1j\u00e1t \u00e9s v\u00e9dje meg a demokr\u00e1ci\u00e1\u00e9rt dolgoz\u00f3 civileket.<br \/>\n    Arra a k\u00e9rd\u00e9sre, hogy hogyan k\u00e9pzeli el a \u201ejogv\u00e9delem kis k\u00f6reinek\u201d megszervez\u00e9s\u00e9t, annyit felelt: k\u00e9pvisel\u0151t\u00e1rsaival m\u00e1r megmutatt\u00e1k, hogy k\u00e9pesek a Parlament k\u00f6r\u00e9 \u00e9l\u0151l\u00e1ncot h\u00fazni, ez\u00e9rt olyan b\u00e9k\u00e9s eszk\u00f6z\u00f6ket is k\u00e9pesek lesznek alkalmazni, amelyekkel r\u00e1k\u00e9nyszer\u00edtik a korm\u00e1nyt a jog\u00e1llamis\u00e1g betart\u00e1s\u00e1ra.<br \/>\n    A magyar K\u00e9szenl\u00e9ti Rend\u0151rs\u00e9g Nemzeti Nyomoz\u00f3 Iroda (NNI) h\u0171tlen kezel\u00e9s, valamint jogosulatlan p\u00e9nz\u00fcgyi tev\u00e9kenys\u00e9g elk\u00f6vet\u00e9s\u00e9nek gyan\u00faja miatt ind\u00edtott elj\u00e1r\u00e1s keret\u00e9ben h\u00e9tf\u0151 reggel h\u00e1zkutat\u00e1st tartott a Norv\u00e9g Civil T\u00e1mogat\u00e1si Alap forr\u00e1sait koordin\u00e1l\u00f3 \u00d6kot\u00e1rs Alap\u00edtv\u00e1ny budapesti irod\u00e1j\u00e1ban, \u00e9s munkat\u00e1rsai iratokat, sz\u00e1m\u00edt\u00e1stechnikai adatokat foglaltak le. Aznap d\u00e9lben nyomoz\u00f3k jelentek meg a p\u00e1ly\u00e1zati programot lebonyol\u00edt\u00f3 konzorcium egy m\u00e1sik tagj\u00e1nak, a Demokratikus Jogok Fejleszt\u00e9s\u00e9\u00e9rt Alap\u00edtv\u00e1ny (DemNet)  irod\u00e1j\u00e1n\u00e1l is.<br \/>\n    D\u00e9lut\u00e1n az \u00d6kot\u00e1rs Alap\u00edtv\u00e1ny belv\u00e1rosi irod\u00e1ja el\u0151tt a rend\u0151ri fell\u00e9p\u00e9s miatt demonstr\u00e1ci\u00f3 kezd\u0151d\u00f6tt.<br \/>\n    Norv\u00e9gia kedden \u201eteljesen elfogadhatatlannak&#8221; nevezte a h\u00e1zkutat\u00e1sokat \u00e9s azzal v\u00e1dolta a budapesti vezet\u00e9st, hogy el akarja hallgattatni a b\u00edr\u00e1latokat. Vidar Helgesen eur\u00f3pai uni\u00f3s \u00fcgyekkel foglalkoz\u00f3 norv\u00e9g miniszter keddi k\u00f6zlem\u00e9nyben azt \u00edrta: \u201ea magyar hat\u00f3s\u00e1gok a szeptember 8-i rend\u0151ri razzi\u00e1val megmutatt\u00e1k, hogy folytat\u00f3dik a civil t\u00e1rsadalom zaklat\u00e1sa, \u00e9s nem sz\u00e1nd\u00e9koznak tiszteletben tartani az orsz\u00e1g \u00e1ltal al\u00e1\u00edrt egyezm\u00e9nyeket&#8221;.(MTI)<\/p>\n","protected":false},"excerpt":{"rendered":"<p>Az Egy\u00fctt-PM szerint h\u00e9tf\u0151n a rend\u0151rs\u00e9g \u201er\u00e9m\u00e1lomba ill\u0151 t\u00e1mad\u00e1st\u201d hajtott v\u00e9gre az \u00d6kot\u00e1rs Alap\u00edtv\u00e1ny \u00e9s a Demokratikus Jogok Fejleszt\u00e9s\u00e9\u00e9rt Alap\u00edtv\u00e1ny (Demnet) irod\u00e1in\u00e1l. Szab\u00f3 T\u00edmea t\u00e1rseln\u00f6k keddi, budapesti sajt\u00f3t\u00e1j\u00e9koztat\u00f3j\u00e1n azt mondta, elj\u00f6tt az \u00e9bers\u00e9g ideje, meg kell szervezni a jogv\u00e9delem kis k\u00f6reit<\/p>\n","protected":false},"author":1,"featured_media":0,"comment_status":"open","ping_status":"closed","sticky":false,"template":"","format":"standard","meta":[],"categories":[18],"tags":[],"_links":{"self":[{"href":"https:\/\/gazdasagportal.hu\/index.php\/wp-json\/wp\/v2\/posts\/43853"}],"collection":[{"href":"https:\/\/gazdasagportal.hu\/index.php\/wp-json\/wp\/v2\/posts"}],"about":[{"href":"https:\/\/gazdasagportal.hu\/index.php\/wp-json\/wp\/v2\/types\/post"}],"author":[{"embeddable":true,"href":"https:\/\/gazdasagportal.hu\/index.php\/wp-json\/wp\/v2\/users\/1"}],"replies":[{"embeddable":true,"href":"https:\/\/gazdasagportal.hu\/index.php\/wp-json\/wp\/v2\/comments?post=43853"}],"version-history":[{"count":1,"href":"https:\/\/gazdasagportal.hu\/index.php\/wp-json\/wp\/v2\/posts\/43853\/revisions"}],"predecessor-version":[{"id":43854,"href":"https:\/\/gazdasagportal.hu\/index.php\/wp-json\/wp\/v2\/posts\/43853\/revisions\/43854"}],"wp:attachment":[{"href":"https:\/\/gazdasagportal.hu\/index.php\/wp-json\/wp\/v2\/media?parent=43853"}],"wp:term":[{"taxonomy":"category","embeddable":true,"href":"https:\/\/gazdasagportal.hu\/index.php\/wp-json\/wp\/v2\/categories?post=43853"},{"taxonomy":"post_tag","embeddable":true,"href":"https:\/\/gazdasagportal.hu\/index.php\/wp-json\/wp\/v2\/tags?post=43853"}],"curies":[{"name":"wp","href":"https:\/\/api.w.org\/{rel}","templated":true}]}}