{"id":43848,"date":"2014-09-09T14:03:25","date_gmt":"2014-09-09T12:03:25","guid":{"rendered":"http:\/\/stockportal.hu\/?p=43848"},"modified":"2014-09-09T14:03:25","modified_gmt":"2014-09-09T12:03:25","slug":"merkel-lehet-szo-a-szankciok-feloldasarol-ha-betartjak-a-tuzszuneti-megallapodast","status":"publish","type":"post","link":"https:\/\/gazdasagportal.hu\/index.php\/merkel-lehet-szo-a-szankciok-feloldasarol-ha-betartjak-a-tuzszuneti-megallapodast\/","title":{"rendered":"Merkel: lehet sz\u00f3 a szankci\u00f3k felold\u00e1s\u00e1r\u00f3l, ha betartj\u00e1k a t\u0171zsz\u00fcneti meg\u00e1llapod\u00e1st"},"content":{"rendered":"<p><strong>Az Oroszorsz\u00e1g elleni uni\u00f3s szankci\u00f3k felold\u00e1s\u00e1r\u00f3l is lehet t\u00e1rgyalni, ha betartj\u00e1k a kelet-ukrajnai t\u0171zsz\u00fcneti meg\u00e1llapod\u00e1st &#8211; mondta a n\u00e9met kancell\u00e1r egy keddi interj\u00faban.<\/strong><!--more--><br \/>\n<div class=\"ads-in-post1\"><div id=\"gazdasagportal.hu_fullbanner_wideboard\"><\/div>\r\n<\/div>\n<p>    Angela Merkel a berlin-brandenburgi Inforadi\u00f3nak (RBB Inforadio) adott interj\u00faban kiemelte, hogy lehet sz\u00f3 a szankci\u00f3k felold\u00e1s\u00e1r\u00f3l, de el\u0151bb v\u00e9gre kell hajtani a kelet-ukrajnai szakad\u00e1rok, Oroszorsz\u00e1g \u00e9s az Eur\u00f3pai Biztons\u00e1gi \u00e9s Egy\u00fcttm\u0171k\u00f6d\u00e9si Szervezet (EBESZ)  k\u00e9pvisel\u0151i \u00e1ltal m\u00falt p\u00e9nteken al\u00e1\u00edrt t\u0171zsz\u00fcneti meg\u00e1llapod\u00e1sban szerepl\u0151 12 pontos tervet.<br \/>\n    &#8222;Most tetteket akarunk l\u00e1tni, ami azt jelenti, hogy a terv \u00f6nmag\u00e1ban nem el\u00e9g&#8221; &#8211; sz\u00f6gezte le a n\u00e9met kancell\u00e1r.<br \/>\n    Hozz\u00e1tette: az EU vil\u00e1goss\u00e1 tette, hogy mindaz, ami Kelet-Ukrajn\u00e1ban t\u00f6rt\u00e9nik &#8222;\u00e9s rem\u00e9lhet\u0151leg hamarosan v\u00e9get \u00e9r, Ukrajna ter\u00fcleti egys\u00e9g\u00e9nek megs\u00e9rt\u00e9s\u00e9t jelenti, \u00e9s olyan m\u00e9rt\u00e9k\u0171 egy\u00fcttm\u0171k\u00f6d\u00e9s az \u00fagynevezett szakad\u00e1rok \u00e9s Oroszorsz\u00e1g k\u00f6z\u00f6tt, amit nem tartunk helyesnek.&#8221;<br \/>\n    A t\u00e1rgyal\u00e1s lehet\u0151s\u00e9ge ugyanakkor tov\u00e1bbra is nyitva \u00e1ll, \u00e9s jelenleg is zajlanak t\u00e1rgyal\u00e1sok azzal a c\u00e9llal, hogy Oroszorsz\u00e1g sz\u00e1m\u00e1ra elfogadhat\u00f3 legyen az EU \u00e9s Ukrajna szabadkereskedelmi meg\u00e1llapod\u00e1sa. &#8222;Tov\u00e1bbi t\u00e1rgyal\u00e1sokat is folytatunk majd, de el\u0151sz\u00f6r v\u00e9gre kell hajtani a 12 pontos tervet&#8221; &#8211; mondta Angela Merkel.<br \/>\n    Arra a felvet\u00e9sre, hogy a szankci\u00f3k a n\u00e9met gazdas\u00e1gnak is \u00e1rtanak, azt mondta, hogy a konfliktusnak nincs katonai megold\u00e1sa, de valahogy m\u00e9gis reag\u00e1lni kell a Moszkv\u00e1val kialakult &#8222;s\u00falyos n\u00e9zetelt\u00e9r\u00e9sre&#8221;, \u00e9s arra, hogy a szakad\u00e1rok &#8222;teljesen nyilv\u00e1nval\u00f3an&#8221; orosz t\u00e1mogat\u00e1st kapnak. A reag\u00e1l\u00e1s eszk\u00f6ze pedig az Oroszorsz\u00e1got s\u00fajt\u00f3 szankci\u00f3k sora, amelyek ugyan a n\u00e9met gazdas\u00e1got is \u00e9rintik, de a reakci\u00f3 elmarad\u00e1sa m\u00e9g s\u00falyosabb k\u00f6vetkezm\u00e9nyekkel j\u00e1rna. Ez\u00e9rt &#8222;cseleksz\u00fcnk, de azt is vil\u00e1goss\u00e1 tessz\u00fck, hogy term\u00e9szetesen feloldjuk a szankci\u00f3kat, ha helyre\u00e1ll a rend&#8221; &#8211; mondta a n\u00e9met kancell\u00e1r az RBB Inforadi\u00f3nak.<br \/>\n    A t\u0171zsz\u00fcneti meg\u00e1llapod\u00e1s egyebek k\u00f6z\u00f6tt azt tartalmazza, hogy ki kell vonni Ukrajna ter\u00fclet\u00e9r\u0151l a &#8222;t\u00f6rv\u00e9nytelen fegyveres csoportokat, a hadieszk\u00f6z\u00f6ket, a fegyvereseket \u00e9s a zsoldosokat&#8221;, \u00e9s a Donyeck \u00e9s Luhanszk megye &#8222;k\u00fcl\u00f6nleges jog\u00e1ll\u00e1s\u00e1r\u00f3l sz\u00f3l\u00f3 ideiglenes t\u00f6rv\u00e9nnyel \u00f6sszhangban meg kell rendezni ezeken a ter\u00fcleteken az el\u0151re hozott helyhat\u00f3s\u00e1gi v\u00e1laszt\u00e1sokat&#8221;.(MTI)<br \/>\n<div class=\"ads-in-post2\"><script async src=\"https:\/\/pagead2.googlesyndication.com\/pagead\/js\/adsbygoogle.js\"><\/script>\r\n<ins class=\"adsbygoogle\"\r\n     style=\"display:block\"\r\n     data-ad-format=\"fluid\"\r\n     data-ad-layout-key=\"-6t+ed+2i-1n-4w\"\r\n     data-ad-client=\"ca-pub-1959107119989764\"\r\n     data-ad-slot=\"4008251320\"><\/ins>\r\n<script>\r\n     (adsbygoogle = window.adsbygoogle || []).push({});\r\n<\/script><\/div>\n","protected":false},"excerpt":{"rendered":"<p>Az Oroszorsz\u00e1g elleni uni\u00f3s szankci\u00f3k felold\u00e1s\u00e1r\u00f3l is lehet t\u00e1rgyalni, ha betartj\u00e1k a kelet-ukrajnai t\u0171zsz\u00fcneti meg\u00e1llapod\u00e1st &#8211; mondta a n\u00e9met kancell\u00e1r egy keddi interj\u00faban.<\/p>\n","protected":false},"author":1,"featured_media":0,"comment_status":"open","ping_status":"closed","sticky":false,"template":"","format":"standard","meta":[],"categories":[139],"tags":[],"_links":{"self":[{"href":"https:\/\/gazdasagportal.hu\/index.php\/wp-json\/wp\/v2\/posts\/43848"}],"collection":[{"href":"https:\/\/gazdasagportal.hu\/index.php\/wp-json\/wp\/v2\/posts"}],"about":[{"href":"https:\/\/gazdasagportal.hu\/index.php\/wp-json\/wp\/v2\/types\/post"}],"author":[{"embeddable":true,"href":"https:\/\/gazdasagportal.hu\/index.php\/wp-json\/wp\/v2\/users\/1"}],"replies":[{"embeddable":true,"href":"https:\/\/gazdasagportal.hu\/index.php\/wp-json\/wp\/v2\/comments?post=43848"}],"version-history":[{"count":1,"href":"https:\/\/gazdasagportal.hu\/index.php\/wp-json\/wp\/v2\/posts\/43848\/revisions"}],"predecessor-version":[{"id":43849,"href":"https:\/\/gazdasagportal.hu\/index.php\/wp-json\/wp\/v2\/posts\/43848\/revisions\/43849"}],"wp:attachment":[{"href":"https:\/\/gazdasagportal.hu\/index.php\/wp-json\/wp\/v2\/media?parent=43848"}],"wp:term":[{"taxonomy":"category","embeddable":true,"href":"https:\/\/gazdasagportal.hu\/index.php\/wp-json\/wp\/v2\/categories?post=43848"},{"taxonomy":"post_tag","embeddable":true,"href":"https:\/\/gazdasagportal.hu\/index.php\/wp-json\/wp\/v2\/tags?post=43848"}],"curies":[{"name":"wp","href":"https:\/\/api.w.org\/{rel}","templated":true}]}}