{"id":43797,"date":"2014-09-09T07:35:20","date_gmt":"2014-09-09T05:35:20","guid":{"rendered":"http:\/\/stockportal.hu\/?p=43797"},"modified":"2014-09-09T06:36:00","modified_gmt":"2014-09-09T04:36:00","slug":"ukran-valsag-elfogadtak-az-ujabb-unios-szankciokat","status":"publish","type":"post","link":"https:\/\/gazdasagportal.hu\/index.php\/ukran-valsag-elfogadtak-az-ujabb-unios-szankciokat\/","title":{"rendered":"Ukr\u00e1n v\u00e1ls\u00e1g &#8211; Elfogadt\u00e1k az \u00fajabb uni\u00f3s szankci\u00f3kat"},"content":{"rendered":"<p><strong>Az Eur\u00f3pai Uni\u00f3 tag\u00e1llamai hivatalosan &#8211; a kor\u00e1bbi terveknek megfelel\u0151en h\u00e9tf\u0151n este \u00fagynevezett \u00edr\u00e1sos elj\u00e1r\u00e1ssal &#8211; elfogadt\u00e1k az Oroszorsz\u00e1ggal szembeni \u00fajabb b\u00fcntet\u0151int\u00e9zked\u00e9seket, \u00e9s hat\u00e1lybal\u00e9p\u00e9s\u00fck a k\u00f6vetkez\u0151 napokban v\u00e1rhat\u00f3 &#8211; k\u00f6z\u00f6lte Herman Van Rompuy, az Eur\u00f3pai Tan\u00e1cs eln\u00f6ke.<\/strong><!--more--><br \/>\n<div class=\"ads-in-post1\"><div id=\"gazdasagportal.hu_fullbanner_wideboard\"><\/div>\r\n<\/div>\n<p>    A belga politikus \u00e1ltal jegyzett komm\u00fcnik\u00e9 szerint \u00edgy lesz id\u0151 \u00e9rt\u00e9kelni a kelet-ukrajnai t\u0171zsz\u00fcnet \u00e9s b\u00e9keterv megval\u00f3s\u00edt\u00e1s\u00e1t. Van Rompuy azt is vil\u00e1goss\u00e1 teszi, hogy az EU k\u00e9szen \u00e1ll a szankci\u00f3k r\u00e9szleges vagy teljes fel\u00fclvizsg\u00e1lat\u00e1ra, ha azt a helysz\u00ednen zajl\u00f3 fejlem\u00e9nyek indokolj\u00e1k.<br \/>\n    Az int\u00e9zked\u00e9sekr\u0151l p\u00e9nteken, az \u00e1llam- illetve korm\u00e1nyf\u0151kt\u0151l kapott vil\u00e1gos mand\u00e1tum birtok\u00e1ban \u00e1llapodtak meg a tag\u00e1llamok uni\u00f3s nagyk\u00f6vetei, \u00fagynevezett \u00e1lland\u00f3 k\u00e9pvisel\u0151i, azzal a megk\u00f6t\u00e9ssel, hogy hivatalosan h\u00e9tf\u0151n fogadj\u00e1k majd el \u0151ket, \u00e9s kedden k\u00f6zz\u00e9 is teszik a szankci\u00f3kat az EU hivatalos k\u00f6zl\u00f6ny\u00e9ben, egy\u00fattal hat\u00e1lyba is l\u00e9ptetve azokat. Az elj\u00e1r\u00e1s, amelyben minden tag\u00e1llamnak kiv\u00e9tel n\u00e9lk\u00fcl \u00edr\u00e1sban kellett volna jeleznie, hogy egyet\u00e9rt, hivatalosan d\u00e9lut\u00e1n h\u00e1rom \u00f3rakor z\u00e1rult volna, \u00e1m ezt hatig meghosszabb\u00edtott\u00e1k, majd a nagyk\u00f6vetek \u00fajra \u00f6ssze\u00fcltek, \u00e9s estig vit\u00e1ztak a nyitott k\u00e9rd\u00e9sekr\u0151l.<br \/>\n    K\u00f6zben Alexander Stubb finn minisztereln\u00f6k Helsinkiben bejelentette: a szankci\u00f3k l\u00e9nyeg\u00e9vel egyet\u00e9rt, de az id\u0151z\u00edt\u00e9ssel Finnorsz\u00e1gnak probl\u00e9m\u00e1ja van. El\u0151z\u0151leg Dmitrij Medvegyev orosz korm\u00e1nyf\u0151 k\u00f6z\u00f6lte: Oroszorsz\u00e1g az \u00fajabb nyugati szankci\u00f3kra v\u00e1laszul kitilthatja l\u00e9gter\u00e9b\u0151l az amerikai \u00e9s eur\u00f3pai rep\u00fcl\u0151g\u00e9peket. Ennek egyik legf\u0151bb k\u00e1rvallottja a n\u00e9met Lufthansa, a francia Air France \u00e9s a holland KLM mellett a finn Finnair lehet, amely rengeteg j\u00e1ratot \u00fczemeltet \u00c1zsia \u00e9s Eur\u00f3pa k\u00f6z\u00f6tt az orosz l\u00e9gt\u00e9ren kereszt\u00fcl.<br \/>\n    Az, hogy pontosan milyen b\u00fcntet\u0151int\u00e9zked\u00e9sekkel s\u00fajtja az Eur\u00f3pai Uni\u00f3 Oroszorsz\u00e1got, majd csak akkor v\u00e1lik ismertt\u00e9, mikor az err\u0151l sz\u00f3l\u00f3 jogszab\u00e1lyokat kihirdetik az EU hivatalos lapj\u00e1ban. Egy, a neve elhallgat\u00e1s\u00e1t k\u00e9r\u0151 diplomata ugyanakkor el\u00e1rulta, hogy a b\u00fcntet\u0151int\u00e9zked\u00e9sek k\u00e9t csomagb\u00f3l \u00e1llnak: egyr\u00e9szt ism\u00e9t tov\u00e1bbi neveket adnak azok list\u00e1j\u00e1hoz, akiket beutaz\u00e1si tilalommal \u00e9s az uni\u00f3ban tal\u00e1lhat\u00f3 vagyonuk befagyaszt\u00e1s\u00e1val s\u00fajtanak, \u00e9s egy\u00fattal b\u0151v\u00edtik azok k\u00f6r\u00e9t, akiket ilyen int\u00e9zked\u00e9sekkel lehet s\u00fajtani. Az \u00e1llam-, illetve korm\u00e1nyf\u0151kt\u0151l kapott felhatalmaz\u00e1s \u00e9rtelm\u00e9ben szankci\u00f3val s\u00fajthat\u00f3 a j\u00f6v\u0151ben minden term\u00e9szetes \u00e9s jogi szem\u00e9ly, akinek k\u00f6ze van a donbaszi szeparatist\u00e1khoz.<br \/>\n    Emellett az Eur\u00f3pai Bizotts\u00e1g h\u00e9tf\u0151n ismertette a tag\u00e1llamokkal azokat az elk\u00e9pzel\u00e9seit, hogy milyen tov\u00e1bbi gazdas\u00e1gi szankci\u00f3kat lehetne alkalmazni Oroszorsz\u00e1ggal szemben. Itt az egyeztet\u00e9seket ismer\u0151k szerint az volt a k\u00e9rd\u00e9s, hogy b\u0151v\u00edts\u00e9k-e a jelenlegi, n\u00e9gy pill\u00e9rre t\u00e1maszkod\u00f3 szankci\u00f3s rendszert, \u00e1m v\u00e9g\u00fcl az az \u00e1ll\u00e1spont kerekedett fel\u00fcl, hogy a megl\u00e9v\u0151 szankci\u00f3kat m\u00f3dos\u00edts\u00e1k, m\u00e9ly\u00edts\u00e9k. Ennek megfelel\u0151en az \u00fajabb rendelkez\u00e9sek is orosz v\u00e1llalatok t\u0151kepiaci hozz\u00e1f\u00e9r\u00e9s\u00e9t, a hadiipart, az \u00fagynevezett kett\u0151s felhaszn\u00e1l\u00e1s\u00fa, polg\u00e1ri \u00e9s katonai-rend\u00e9szeti c\u00e9lra is alkalmazhat\u00f3 eszk\u00f6z\u00f6ket \u00e9s az olajipar \u00fagynevezett \u00e9rz\u00e9keny technol\u00f3gi\u00e1it \u00e9rintik.<br \/>\n    Az uni\u00f3s t\u0151kepiachoz val\u00f3 hozz\u00e1f\u00e9r\u00e9st eddig \u00f6t, t\u00f6bbs\u00e9gi orosz \u00e1llami tulajdonban l\u00e9v\u0151 bank sz\u00e1m\u00e1ra korl\u00e1tozta az Eur\u00f3pai Uni\u00f3. Ezt most hadiipari \u00e9s energiac\u00e9gekkel is megtehetik. Bennfentesek szerint az int\u00e9zked\u00e9sek c\u00e9lja, hogy ezek a v\u00e1llalatok ne tudjanak az uni\u00f3s piacr\u00f3l finansz\u00edroz\u00e1shoz jutni, ez\u00e9rt v\u00e9gs\u0151 soron terhet jelentsenek az orosz k\u00f6zponti k\u00f6lts\u00e9gvet\u00e9s sz\u00e1m\u00e1ra.<br \/>\n    A kett\u0151s felhaszn\u00e1l\u00e1s\u00fa term\u00e9kek eset\u00e9ben, amellett, hogy katonai c\u00e9lra nem lehet \u0151ket \u00e9rt\u00e9kes\u00edteni, az \u00faj szankci\u00f3k ezen t\u00falmen\u0151en konkr\u00e9tan neves\u00edtik, hogy mely v\u00e1llalatok sz\u00e1m\u00e1ra nem lehet ilyen term\u00e9keket export\u00e1lni.<br \/>\n    Az energiaipar ter\u00fclet\u00e9n pedig a m\u00e9lytengeri \u00e9s sarkk\u00f6ri f\u00far\u00e1st lehet\u0151v\u00e9 t\u00e9v\u0151 technol\u00f3gi\u00e1k mellett a k\u0151olaj-finom\u00edt\u00e1st \u00e9rint\u0151 rendelkez\u00e9sek v\u00e1rhat\u00f3ak. \u00dajs\u00e1g\u00edr\u00f3i k\u00e9rd\u00e9sre az uni\u00f3s forr\u00e1s vil\u00e1goss\u00e1 tette: azt, hogy Magyarorsz\u00e1g orosz \u00e1llami hitelb\u0151l orosz technol\u00f3gi\u00e1val tervezi b\u0151v\u00edteni atomer\u0151m\u0171-kapacit\u00e1s\u00e1t, a szankci\u00f3k sem mint nukle\u00e1ris projektet, sem mint p\u00e9nz\u00fcgyi m\u0171veletet nem \u00e9rintik.(MTI)<\/p>\n","protected":false},"excerpt":{"rendered":"<p>Az Eur\u00f3pai Uni\u00f3 tag\u00e1llamai hivatalosan &#8211; a kor\u00e1bbi terveknek megfelel\u0151en h\u00e9tf\u0151n este \u00fagynevezett \u00edr\u00e1sos elj\u00e1r\u00e1ssal &#8211; elfogadt\u00e1k az Oroszorsz\u00e1ggal szembeni \u00fajabb b\u00fcntet\u0151int\u00e9zked\u00e9seket, \u00e9s hat\u00e1lybal\u00e9p\u00e9s\u00fck a k\u00f6vetkez\u0151 napokban v\u00e1rhat\u00f3 &#8211; k\u00f6z\u00f6lte Herman Van Rompuy, az Eur\u00f3pai Tan\u00e1cs eln\u00f6ke.<\/p>\n","protected":false},"author":1,"featured_media":0,"comment_status":"open","ping_status":"closed","sticky":false,"template":"","format":"standard","meta":[],"categories":[139],"tags":[],"_links":{"self":[{"href":"https:\/\/gazdasagportal.hu\/index.php\/wp-json\/wp\/v2\/posts\/43797"}],"collection":[{"href":"https:\/\/gazdasagportal.hu\/index.php\/wp-json\/wp\/v2\/posts"}],"about":[{"href":"https:\/\/gazdasagportal.hu\/index.php\/wp-json\/wp\/v2\/types\/post"}],"author":[{"embeddable":true,"href":"https:\/\/gazdasagportal.hu\/index.php\/wp-json\/wp\/v2\/users\/1"}],"replies":[{"embeddable":true,"href":"https:\/\/gazdasagportal.hu\/index.php\/wp-json\/wp\/v2\/comments?post=43797"}],"version-history":[{"count":1,"href":"https:\/\/gazdasagportal.hu\/index.php\/wp-json\/wp\/v2\/posts\/43797\/revisions"}],"predecessor-version":[{"id":43798,"href":"https:\/\/gazdasagportal.hu\/index.php\/wp-json\/wp\/v2\/posts\/43797\/revisions\/43798"}],"wp:attachment":[{"href":"https:\/\/gazdasagportal.hu\/index.php\/wp-json\/wp\/v2\/media?parent=43797"}],"wp:term":[{"taxonomy":"category","embeddable":true,"href":"https:\/\/gazdasagportal.hu\/index.php\/wp-json\/wp\/v2\/categories?post=43797"},{"taxonomy":"post_tag","embeddable":true,"href":"https:\/\/gazdasagportal.hu\/index.php\/wp-json\/wp\/v2\/tags?post=43797"}],"curies":[{"name":"wp","href":"https:\/\/api.w.org\/{rel}","templated":true}]}}