{"id":43793,"date":"2014-09-09T05:10:57","date_gmt":"2014-09-09T03:10:57","guid":{"rendered":"http:\/\/stockportal.hu\/?p=43793"},"modified":"2014-09-09T05:10:57","modified_gmt":"2014-09-09T03:10:57","slug":"iszlam-allam-az-amerikaiak-tobbsege-tamogatja-a-terroristakkal-szembeni-katonai-fellepest","status":"publish","type":"post","link":"https:\/\/gazdasagportal.hu\/index.php\/iszlam-allam-az-amerikaiak-tobbsege-tamogatja-a-terroristakkal-szembeni-katonai-fellepest\/","title":{"rendered":"Iszl\u00e1m \u00c1llam &#8211; Az amerikaiak t\u00f6bbs\u00e9ge t\u00e1mogatja a terrorist\u00e1kkal szembeni katonai fell\u00e9p\u00e9st"},"content":{"rendered":"<p><strong>Az amerikaiak t\u00f6bbs\u00e9ge \u00fagy v\u00e9li, hogy az Iszl\u00e1m \u00c1llam (I\u00c1) elnevez\u00e9s\u0171 terrorszervezet k\u00f6zvetlen fenyeget\u00e9st jelent az Egyes\u00fclt \u00c1llamokra, egy\u00fattal t\u00e1mogatja az ellene val\u00f3 katonai fell\u00e9p\u00e9st &#8211; der\u00fclt ki a CNN h\u00edrtelev\u00edzi\u00f3 \u00e9s az ORC International k\u00f6zv\u00e9lem\u00e9ny-kutat\u00f3 int\u00e9zet h\u00e9tf\u0151n nyilv\u00e1noss\u00e1gra hozott k\u00f6z\u00f6s felm\u00e9r\u00e9s\u00e9b\u0151l.<\/strong><!--more--><br \/>\n<div class=\"ads-in-post1\"><div id=\"gazdasagportal.hu_fullbanner_wideboard\"><\/div>\r\n<\/div>\n<p>    A 2001. szeptember 11-i terrort\u00e1mad\u00e1s 13. \u00e9vfordul\u00f3j\u00e1nak k\u00fcsz\u00f6b\u00e9n k\u00f6z\u00f6lt adatokb\u00f3l kider\u00fclt, hogy az amerikaiak 71 sz\u00e1zal\u00e9ka szerint az I\u00c1 terrorist\u00e1i jelen vannak Amerik\u00e1ban, s nagyj\u00e1b\u00f3l ugyanilyen ar\u00e1nyban v\u00e9lik \u00fagy, hogy a dzsihadist\u00e1knak elegend\u0151 anyagi eszk\u00f6z \u00e1ll rendelkez\u00e9s\u00fckre ahhoz, hogy t\u00e1mad\u00e1st hajtsanak v\u00e9gre az Egyes\u00fclt \u00c1llamok ter\u00fclet\u00e9n.<br \/>\n    45 sz\u00e1zal\u00e9k szerint az I\u00c1 &#8222;nagyon komoly fenyeget\u00e9st&#8221; jelent Amerik\u00e1ra n\u00e9zve, 49 sz\u00e1zal\u00e9k szerint pedig ugyanakkora vesz\u00e9lyt jelentenek, mint annak idej\u00e9n az al-Kaida.<br \/>\n    A megk\u00e9rdezettek 76 sz\u00e1zal\u00e9ka t\u00e1mogatn\u00e1 az I\u00c1 elleni tov\u00e1bbi l\u00e9gicsap\u00e1sokat, 62 sz\u00e1zal\u00e9k pedig a terrorszervezet ellen harcol\u00f3 k\u00f6zel-keleti er\u0151k felfegyverz\u00e9s\u00e9t, \u00e1m a 61 sz\u00e1zal\u00e9kuk 38 sz\u00e1zal\u00e9k ellen\u00e9ben elveti, hogy amerikai harcol\u00f3 alakulatokat vez\u00e9nyeljenek Irakba vagy Sz\u00edri\u00e1ba.<br \/>\n    Ugyanakkor jelent\u0151s elmozdul\u00e1st mutat az amerikai k\u00f6zv\u00e9lem\u00e9nyben, hogy a v\u00e1laszad\u00f3k 50 sz\u00e1zal\u00e9ka szerint az Egyes\u00fclt \u00c1llamoknak \u00e1ltal\u00e1nos \u00e9rtelemben is k\u00e9szen kell \u00e1llnia a k\u00fclf\u00f6ld\u00f6n t\u00f6rt\u00e9n\u0151 katonai beavatkoz\u00e1sra. Tavaly m\u00e9g csak 34 sz\u00e1lal\u00e9k v\u00e9lekedett \u00edgy. 83 sz\u00e1zal\u00e9k egyet\u00e9rt azzal, hogy seg\u00e9lyezni kell az I\u00c1 el\u0151l menek\u00fcl\u0151ket.<br \/>\n    Az amerikaiak 30 sz\u00e1zal\u00e9ka szerint ugyanakkor Barack Obama eln\u00f6knek nincs vil\u00e1gos terve az I\u00c1 terrorist\u00e1ival szembeni fell\u00e9p\u00e9sre, \u00e9s 55 sz\u00e1zal\u00e9knak (43 sz\u00e1zal\u00e9k ellen\u00e9ben) negat\u00edv v\u00e9lem\u00e9nye van arr\u00f3l, ahogy az eln\u00f6k a fegyveres er\u0151k f\u0151parancsnoki tiszt\u00e9t ell\u00e1tja.<br \/>\n    A t\u00falnyom\u00f3 t\u00f6bbs\u00e9g szerint Obam\u00e1nak a kongresszus t\u00e1mogat\u00e1s\u00e1t kellene k\u00e9rnie az I\u00c1 elleni fell\u00e9p\u00e9shez, a t\u00f6rv\u00e9nyhoz\u00e1snak pedig t\u00e1mogatnia kellene az eln\u00f6k\u00f6t.<br \/>\n    Az eln\u00f6k a tervek szerint szerd\u00e1n terjeszti a sz\u00e9lesebb k\u00f6zv\u00e9lem\u00e9ny el\u00e9 az I\u00c1 felsz\u00e1mol\u00e1s\u00e1ra vonatkoz\u00f3 strat\u00e9gi\u00e1j\u00e1t, amit kedden el\u0151bb a kongresszus vezet\u0151ivel ismertet.(MTI)<\/p>\n","protected":false},"excerpt":{"rendered":"<p>Az amerikaiak t\u00f6bbs\u00e9ge \u00fagy v\u00e9li, hogy az Iszl\u00e1m \u00c1llam (I\u00c1) elnevez\u00e9s\u0171 terrorszervezet k\u00f6zvetlen fenyeget\u00e9st jelent az Egyes\u00fclt \u00c1llamokra, egy\u00fattal t\u00e1mogatja az ellene val\u00f3 katonai fell\u00e9p\u00e9st &#8211; der\u00fclt ki a CNN h\u00edrtelev\u00edzi\u00f3 \u00e9s az ORC International k\u00f6zv\u00e9lem\u00e9ny-kutat\u00f3 int\u00e9zet h\u00e9tf\u0151n nyilv\u00e1noss\u00e1gra hozott k\u00f6z\u00f6s felm\u00e9r\u00e9s\u00e9b\u0151l.<\/p>\n","protected":false},"author":1,"featured_media":0,"comment_status":"open","ping_status":"closed","sticky":false,"template":"","format":"standard","meta":[],"categories":[16],"tags":[],"_links":{"self":[{"href":"https:\/\/gazdasagportal.hu\/index.php\/wp-json\/wp\/v2\/posts\/43793"}],"collection":[{"href":"https:\/\/gazdasagportal.hu\/index.php\/wp-json\/wp\/v2\/posts"}],"about":[{"href":"https:\/\/gazdasagportal.hu\/index.php\/wp-json\/wp\/v2\/types\/post"}],"author":[{"embeddable":true,"href":"https:\/\/gazdasagportal.hu\/index.php\/wp-json\/wp\/v2\/users\/1"}],"replies":[{"embeddable":true,"href":"https:\/\/gazdasagportal.hu\/index.php\/wp-json\/wp\/v2\/comments?post=43793"}],"version-history":[{"count":1,"href":"https:\/\/gazdasagportal.hu\/index.php\/wp-json\/wp\/v2\/posts\/43793\/revisions"}],"predecessor-version":[{"id":43794,"href":"https:\/\/gazdasagportal.hu\/index.php\/wp-json\/wp\/v2\/posts\/43793\/revisions\/43794"}],"wp:attachment":[{"href":"https:\/\/gazdasagportal.hu\/index.php\/wp-json\/wp\/v2\/media?parent=43793"}],"wp:term":[{"taxonomy":"category","embeddable":true,"href":"https:\/\/gazdasagportal.hu\/index.php\/wp-json\/wp\/v2\/categories?post=43793"},{"taxonomy":"post_tag","embeddable":true,"href":"https:\/\/gazdasagportal.hu\/index.php\/wp-json\/wp\/v2\/tags?post=43793"}],"curies":[{"name":"wp","href":"https:\/\/api.w.org\/{rel}","templated":true}]}}