{"id":43791,"date":"2014-09-09T05:10:00","date_gmt":"2014-09-09T03:10:00","guid":{"rendered":"http:\/\/stockportal.hu\/?p=43791"},"modified":"2014-09-09T05:10:00","modified_gmt":"2014-09-09T03:10:00","slug":"ma-ulesezik-a-zsido-kozossegi-kerekasztal","status":"publish","type":"post","link":"https:\/\/gazdasagportal.hu\/index.php\/ma-ulesezik-a-zsido-kozossegi-kerekasztal\/","title":{"rendered":"Ma \u00fcl\u00e9sezik a Zsid\u00f3 K\u00f6z\u00f6ss\u00e9gi Kerekasztal"},"content":{"rendered":"<p><strong>Z\u00e1rt \u00fcl\u00e9st tart ma d\u00e9lel\u0151tt a Zsid\u00f3 K\u00f6z\u00f6ss\u00e9gi Kerekasztal.<\/strong><!--more--><br \/>\n<div class=\"ads-in-post1\"><div id=\"gazdasagportal.hu_fullbanner_wideboard\"><\/div>\r\n<\/div>\n<p>    A Korm\u00e1nyzati Inform\u00e1ci\u00f3s K\u00f6zpont augusztus 14-\u00e9n k\u00f6z\u00f6lte az MTI-vel, hogy L\u00e1z\u00e1r J\u00e1nos Minisztereln\u00f6ks\u00e9get vezet\u0151 miniszter kezdem\u00e9nyezi a Zsid\u00f3 K\u00f6z\u00f6ss\u00e9gi Kerekasztal \u00f6sszeh\u00edv\u00e1s\u00e1t szeptemberre.<br \/>\n    Erre reag\u00e1lva Heisler Andr\u00e1s, a Mazsihisz eln\u00f6ke \u00f6r\u00f6m\u00e9t fejezte ki, hogy &#8222;a korm\u00e1ny miniszteri szinten k\u00edv\u00e1nja folytatni kapcsolat\u00e1t a zsid\u00f3 k\u00f6z\u00f6ss\u00e9ggel&#8221;.<br \/>\n    A Mazsihisz \u00e9s tizenn\u00e9gy zsid\u00f3 szervezet k\u00e9pvisel\u0151i k\u00f6z\u00f6s levelet \u00edrtak L\u00e1z\u00e1r J\u00e1nosnak, amelyet augusztus 28-\u00e1n az MTI-hez is eljuttattak. A lev\u00e9lben a zsid\u00f3 szervezetek arra k\u00e9rt\u00e9k a korm\u00e1nyt, hogy a kerekasztal \u00f6sszeh\u00edv\u00e1sa el\u0151tt k\u00e9t h\u00e9ttel a megh\u00edvott szervezetek kapj\u00e1k meg a javasolt napirendet, hogy k\u00f6z\u00f6s d\u00f6nt\u00e9s\u00fckkel, javaslataikkal kieg\u00e9sz\u00edthess\u00e9k azt&#8221;. A Heisler Andr\u00e1s \u00e1ltal al\u00e1\u00edrt lev\u00e9lben n\u00e9gy t\u00e9majavaslat szerepelt: a Sorsok H\u00e1za projekt j\u00f6v\u0151je, az oktat\u00e1s ter\u00fclet\u00e9n kialak\u00edtott \u00e9s eredm\u00e9nyes egy\u00fcttm\u0171k\u00f6d\u00e9s tov\u00e1bbfejleszt\u00e9se, a zsid\u00f3 civil \u00e9let t\u00e1mogat\u00e1sa, valamint a progressz\u00edv zsid\u00f3 egyh\u00e1zak st\u00e1tus\u00e1nak megvitat\u00e1sa.<br \/>\n    A lev\u00e9l szerint a zsid\u00f3 k\u00f6z\u00f6ss\u00e9gek egyeztet\u00e9s\u00e9n a r\u00e9sztvev\u0151k a Sorsok H\u00e1za projekttel kapcsolatban \u00fagy foglaltak \u00e1ll\u00e1st, hogy amennyiben nem kapj\u00e1k meg a ki\u00e1ll\u00edt\u00e1s r\u00e9szletes forgat\u00f3k\u00f6nyv\u00e9t, annak tartalm\u00e1\u00e9rt nem tudnak felel\u0151ss\u00e9get v\u00e1llalni.<br \/>\n     A zsid\u00f3 szervezetek level\u00fckben azt is k\u00e9rt\u00e9k, hogy a ki\u00e1ll\u00edt\u00e1s oktat\u00e1si anyagainak elk\u00e9sz\u00edt\u00e9s\u00e9be vonj\u00e1k be az \u00e1ltaluk felk\u00e9rt szakembereket is, egyben felaj\u00e1nlott\u00e1k szakmai seg\u00edts\u00e9g\u00fcket azok \u00f6ssze\u00e1ll\u00edt\u00e1s\u00e1ban&#8221;, valamint, hogy a ki\u00e1ll\u00edt\u00e1s &#8222;t\u00e1rlatvezet\u0151inek k\u00e9pz\u00e9s\u00e9ben \u00e9s kiv\u00e1laszt\u00e1s\u00e1ban szerepet kapjon a zsid\u00f3 oldal&#8221;.<br \/>\n    Latorcai Csaba, a Minisztereln\u00f6ks\u00e9g kiemelt t\u00e1rsadalmi \u00fcgyek\u00e9rt felel\u0151s helyettes \u00e1llamtitk\u00e1ra szeptember 3-\u00e1n az MTI-nek azt mondta, a Minisztereln\u00f6ks\u00e9g nyitott minden olyan t\u00e9ma megvitat\u00e1s\u00e1ra, amelyet a zsid\u00f3 k\u00f6z\u00f6ss\u00e9gek javasolnak a kerekasztal \u00fcl\u00e9s\u00e9re.<br \/>\n    A helyettes \u00e1llamtitk\u00e1r elmondta, L\u00e1z\u00e1r J\u00e1nos augusztus k\u00f6zep\u00e9n, amikor kezdem\u00e9nyezte a Zsid\u00f3 K\u00f6z\u00f6ss\u00e9gi Kerekasztal \u00f6sszeh\u00edv\u00e1s\u00e1t, n\u00e9gy t\u00e9m\u00e1ra tett javaslatot. Ezek a t\u00e9m\u00e1k a holokauszt-t\u00fal\u00e9l\u0151k szoci\u00e1lis helyzet\u00e9nek rendez\u00e9se, a holokauszt megjelen\u00edt\u00e9se a k\u00f6znevel\u00e9sben, az antiszemitizmus figyelemmel k\u00eds\u00e9r\u00e9se, valamint a zsid\u00f3 temet\u0151k kegyeleti \u00e9s \u00f6r\u00f6ks\u00e9gv\u00e9delmi helyre\u00e1ll\u00edt\u00e1sa.<br \/>\n    Latorcai Csaba arra eml\u00e9keztetett, L\u00e1z\u00e1r J\u00e1nos miniszter m\u00e1r akkor k\u00e9rte Heisler Andr\u00e1st, hogy ha sz\u00fcks\u00e9gesnek tartja, fogalmazzon meg tov\u00e1bbi javaslatokat. Latorcai Csaba kijelentette: a Minisztereln\u00f6ks\u00e9g minden olyan k\u00e9rd\u00e9s megt\u00e1rgyal\u00e1s\u00e1ra nyitott, amely a hazai zsid\u00f3 k\u00f6z\u00e9let szempontj\u00e1b\u00f3l a zsid\u00f3 k\u00f6z\u00f6ss\u00e9gek szerint meghat\u00e1roz\u00f3.<br \/>\n    Ugyanakkor a helyettes \u00e1llamtitk\u00e1r megjegyezte, hogy a zsid\u00f3 szervezetek \u00e1ltal megvitat\u00e1sra javasolt t\u00e9m\u00e1k k\u00f6z\u00f6tt t\u00f6bb olyan is van, amelyben az elm\u00falt id\u0151szakban &#8211; inform\u00e1ci\u00f3i szerint &#8211; egyezs\u00e9g sz\u00fcletett. Ilyen p\u00e9ld\u00e1ul az oktat\u00e1si egy\u00fcttm\u0171k\u00f6d\u00e9s \u00e9s a Sorsok H\u00e1za projektje, amelyn\u00e9l a meg\u00e1llapod\u00e1s szerint figyelembe veszik a holokauszt nemzetk\u00f6zi szak\u00e9rt\u0151inek \u00e9szrev\u00e9teleit &#8211; mondta.<br \/>\n    Azzal kapcsolatban, hogy zsid\u00f3 szervezetek a kerekasztal rendszeres \u00f6sszeh\u00edv\u00e1s\u00e1t k\u00e9rik a korm\u00e1nyt\u00f3l, Latorcai Csaba \u00fagy reag\u00e1lt: &#8222;nyitott kapukat d\u00f6ngetnek&#8221;.(MTI)<\/p>\n","protected":false},"excerpt":{"rendered":"<p>Z\u00e1rt \u00fcl\u00e9st tart ma d\u00e9lel\u0151tt a Zsid\u00f3 K\u00f6z\u00f6ss\u00e9gi Kerekasztal.<\/p>\n","protected":false},"author":1,"featured_media":0,"comment_status":"open","ping_status":"closed","sticky":false,"template":"","format":"standard","meta":[],"categories":[4],"tags":[],"_links":{"self":[{"href":"https:\/\/gazdasagportal.hu\/index.php\/wp-json\/wp\/v2\/posts\/43791"}],"collection":[{"href":"https:\/\/gazdasagportal.hu\/index.php\/wp-json\/wp\/v2\/posts"}],"about":[{"href":"https:\/\/gazdasagportal.hu\/index.php\/wp-json\/wp\/v2\/types\/post"}],"author":[{"embeddable":true,"href":"https:\/\/gazdasagportal.hu\/index.php\/wp-json\/wp\/v2\/users\/1"}],"replies":[{"embeddable":true,"href":"https:\/\/gazdasagportal.hu\/index.php\/wp-json\/wp\/v2\/comments?post=43791"}],"version-history":[{"count":1,"href":"https:\/\/gazdasagportal.hu\/index.php\/wp-json\/wp\/v2\/posts\/43791\/revisions"}],"predecessor-version":[{"id":43792,"href":"https:\/\/gazdasagportal.hu\/index.php\/wp-json\/wp\/v2\/posts\/43791\/revisions\/43792"}],"wp:attachment":[{"href":"https:\/\/gazdasagportal.hu\/index.php\/wp-json\/wp\/v2\/media?parent=43791"}],"wp:term":[{"taxonomy":"category","embeddable":true,"href":"https:\/\/gazdasagportal.hu\/index.php\/wp-json\/wp\/v2\/categories?post=43791"},{"taxonomy":"post_tag","embeddable":true,"href":"https:\/\/gazdasagportal.hu\/index.php\/wp-json\/wp\/v2\/tags?post=43791"}],"curies":[{"name":"wp","href":"https:\/\/api.w.org\/{rel}","templated":true}]}}