{"id":43778,"date":"2014-09-08T21:00:35","date_gmt":"2014-09-08T19:00:35","guid":{"rendered":"http:\/\/stockportal.hu\/?p=43778"},"modified":"2014-09-08T21:08:52","modified_gmt":"2014-09-08T19:08:52","slug":"a-nemetek-tuloraznak-a-legtobbet-az-euroovezetben","status":"publish","type":"post","link":"https:\/\/gazdasagportal.hu\/index.php\/a-nemetek-tuloraznak-a-legtobbet-az-euroovezetben\/","title":{"rendered":"A n\u00e9metek t\u00fal\u00f3r\u00e1znak a legt\u00f6bbet az eur\u00f3\u00f6vezetben"},"content":{"rendered":"<p><strong>A n\u00e9met munkav\u00e1llal\u00f3k t\u00fal\u00f3r\u00e1znak a legt\u00f6bbet az eur\u00f3\u00f6vezetben, \u00e9s a t\u00fal\u00f3r\u00e1k t\u00f6bbs\u00e9g\u00e9\u00e9rt semmilyen ellent\u00e9telez\u00e9st nem kapnak h\u00e9tf\u0151n ismertetett kutat\u00e1sok szerint.<\/strong><!--more--><br \/>\n<div class=\"ads-in-post1\"><div id=\"gazdasagportal.hu_fullbanner_wideboard\"><\/div>\r\n<\/div>\n<p>    A teljes munkaid\u0151ben foglalkoztatott n\u00e9met munkav\u00e1llal\u00f3k a szerz\u0151d\u00e9sben r\u00f6gz\u00edtett, hetente \u00e1tlagosan 37,5 \u00f3r\u00e1s munkaid\u0151 helyett hetente \u00e1tlagosan 40,5 \u00f3r\u00e1t dolgoznak az Eur\u00f3pai Alap\u00edtv\u00e1ny az \u00c9let- \u00e9s Munkak\u00f6r\u00fclm\u00e9nyek Jav\u00edt\u00e1s\u00e1\u00e9rt (Eurofound) nev\u0171 uni\u00f3s szervezet legfrissebb adatai szerint &#8211; \u00edrta a Die Welt c\u00edm\u0171 lap.<br \/>\n     Az eur\u00f3\u00f6vezetben &#8222;sehol nincs enn\u00e9l nagyobb k\u00fcl\u00f6nbs\u00e9g a kollekt\u00edv szerz\u0151d\u00e9sben szerepl\u0151 munkaid\u0151 \u00e9s a t\u00e9nylegesen munkav\u00e9gz\u00e9ssel t\u00f6lt\u00f6tt id\u0151 k\u00f6z\u00f6tt&#8221; &#8211; komment\u00e1lta az Eurofound adatait Andor L\u00e1szl\u00f3 foglalkoztat\u00e1spolitikai biztos, r\u00e1mutatva, hogy valamennyi tagorsz\u00e1gban be kell tartani a munkaid\u0151 szervez\u00e9s\u00e9r\u0151l sz\u00f3l\u00f3 uni\u00f3s ir\u00e1nyelvet.<br \/>\n    Egy m\u00e1sik felm\u00e9r\u00e9s, a n\u00e9met sz\u00f6vets\u00e9gi munka\u00fcgyi \u00fcgyn\u00f6ks\u00e9g kutat\u00f3int\u00e9zet\u00e9nek (IAB) vizsg\u00e1lata szerint tavaly \u00e1tlagosan 1645 \u00f3r\u00e1t dolgozott minden munkav\u00e1llal\u00f3 N\u00e9metorsz\u00e1gban. Ebb\u0151l 47,3 \u00f3ra t\u00fal\u00f3ra volt. A fizetett t\u00fal\u00f3r\u00e1k sz\u00e1ma 20 volt, a tov\u00e1bbi 27,3 \u00f3r\u00e1nyi munk\u00e1\u00e9rt semmilyen ellent\u00e9telez\u00e9st &#8211; fizets\u00e9get vagy p\u00e9ld\u00e1ul szabadnapot &#8211; nem adott a munkaad\u00f3 &#8211; \u00edrta a Die Welt.<br \/>\n    A parlamenti ellenz\u00e9k p\u00e1rtjai &#8211; a Z\u00f6ldek \u00e9s a Baloldal &#8211; felh\u00e1borodva fogadt\u00e1k a besz\u00e1mol\u00f3t. Hangs\u00falyozt\u00e1k, hogy a t\u00fal\u00f3r\u00e1z\u00e1s betegs\u00e9gekhez vezethet, m\u00e9g akkor is, ha kifizetik, \u00e9s h\u00e1tr\u00e1ltatja a munkan\u00e9lk\u00fclis\u00e9g visszaszor\u00edt\u00e1s\u00e1t.<br \/>\n    Az Eurofound adatai szerint messze nem a n\u00e9metek dolgoznak a legt\u00f6bbet. Az EU eg\u00e9sz\u00e9t tekintve a t\u00e9nylegesen munkav\u00e9gz\u00e9ssel t\u00f6lt\u00f6tt id\u0151 alapj\u00e1n \u00f6ssze\u00e1ll\u00edtott rangsort Rom\u00e1nia vezeti, ott hetente \u00e1tlagosan 41,2 munka\u00f3ra jut egy alkalmazottra. A m\u00e1sodik Luxemburg 41,1 \u00f3r\u00e1val, a harmadik Nagy-Britannia 40,8 \u00f3r\u00e1val.<br \/>\n    A legkevesebbet &#8211; hetente \u00e1tlagosan 37,6 \u00f3r\u00e1t &#8211; a finn munkav\u00e1llal\u00f3k dolgoznak a teljes munkaid\u0151ben foglalkoztatottakra vonatkoz\u00f3, 2012-es adatokon alapul\u00f3 kimutat\u00e1s szerint. Magyarorsz\u00e1g a lista als\u00f3 harmad\u00e1ban foglal helyet, az Eurofound kimutat\u00e1sa alapj\u00e1n a heti \u00e1tlagos munkaid\u0151 39,4 \u00f3ra, m\u00edg a kollekt\u00edv szerz\u0151d\u00e9sekben jellemz\u0151en 40 \u00f3ra szerepel.(MTI)<\/p>\n","protected":false},"excerpt":{"rendered":"<p>A n\u00e9met munkav\u00e1llal\u00f3k t\u00fal\u00f3r\u00e1znak a legt\u00f6bbet az eur\u00f3\u00f6vezetben, \u00e9s a t\u00fal\u00f3r\u00e1k t\u00f6bbs\u00e9g\u00e9\u00e9rt semmilyen ellent\u00e9telez\u00e9st nem kapnak h\u00e9tf\u0151n ismertetett kutat\u00e1sok szerint.<\/p>\n","protected":false},"author":1,"featured_media":0,"comment_status":"open","ping_status":"closed","sticky":false,"template":"","format":"standard","meta":[],"categories":[12],"tags":[],"_links":{"self":[{"href":"https:\/\/gazdasagportal.hu\/index.php\/wp-json\/wp\/v2\/posts\/43778"}],"collection":[{"href":"https:\/\/gazdasagportal.hu\/index.php\/wp-json\/wp\/v2\/posts"}],"about":[{"href":"https:\/\/gazdasagportal.hu\/index.php\/wp-json\/wp\/v2\/types\/post"}],"author":[{"embeddable":true,"href":"https:\/\/gazdasagportal.hu\/index.php\/wp-json\/wp\/v2\/users\/1"}],"replies":[{"embeddable":true,"href":"https:\/\/gazdasagportal.hu\/index.php\/wp-json\/wp\/v2\/comments?post=43778"}],"version-history":[{"count":1,"href":"https:\/\/gazdasagportal.hu\/index.php\/wp-json\/wp\/v2\/posts\/43778\/revisions"}],"predecessor-version":[{"id":43779,"href":"https:\/\/gazdasagportal.hu\/index.php\/wp-json\/wp\/v2\/posts\/43778\/revisions\/43779"}],"wp:attachment":[{"href":"https:\/\/gazdasagportal.hu\/index.php\/wp-json\/wp\/v2\/media?parent=43778"}],"wp:term":[{"taxonomy":"category","embeddable":true,"href":"https:\/\/gazdasagportal.hu\/index.php\/wp-json\/wp\/v2\/categories?post=43778"},{"taxonomy":"post_tag","embeddable":true,"href":"https:\/\/gazdasagportal.hu\/index.php\/wp-json\/wp\/v2\/tags?post=43778"}],"curies":[{"name":"wp","href":"https:\/\/api.w.org\/{rel}","templated":true}]}}